{"id":395585,"date":"2026-04-28T15:01:08","date_gmt":"2026-04-28T15:01:08","guid":{"rendered":"https:\/\/www.europesays.com\/pl\/395585\/"},"modified":"2026-04-28T15:01:08","modified_gmt":"2026-04-28T15:01:08","slug":"widzi-w-zamianie-malysza-na-tajnera-plusy-czasem-trzeba-uderzyc-piescia-w-stol","status":"publish","type":"post","link":"https:\/\/www.europesays.com\/pl\/395585\/","title":{"rendered":"Widzi w zamianie Ma\u0142ysza na Tajnera plusy. &#8222;Czasem trzeba uderzy\u0107 pi\u0119\u015bci\u0105 w st\u00f3\u0142&#8221;"},"content":{"rendered":"\n<p class=\"contentpart contentpart--default contentpart--text\" data-position=\"0\">Jest ju\u017c pewne, \u017ce czekaj\u0105 nas zmiany w Polskim Zwi\u0105zku Narciarskim. Kilka dni temu <a href=\"https:\/\/sportowefakty.wp.pl\/moto\/adam-malysz\" rel=\"nofollow noopener\" target=\"_blank\">Adam Ma\u0142ysz<\/a>\u00a0oficjalnie potwierdzi\u0142, \u017ce nie b\u0119dzie ubiega\u0142 si\u0119 o kolejn\u0105 kadencj\u0119 na stanowisku prezesa. Niemal wszystko wskazuje na to, \u017ce zast\u0105pi go <a href=\"https:\/\/sportowefakty.wp.pl\/zimowe\/apoloniusz-tajner\" rel=\"nofollow noopener\" target=\"_blank\">Apoloniusz Tajner<\/a>, kt\u00f3ry sta\u0142 na czele PZN w latach 2006-2022. 72-latek jest obecnie tak\u017ce pos\u0142em na Sejm Rzeczypospolitej Polskiej.<\/p>\n<p>Tajner lepszy ni\u017c Ma\u0142ysz<\/p>\n<p>  <img decoding=\"async\" src=\"https:\/\/v.wpimg.pl\/X3dwLnN2d1IFFTpdYUl6R0ZNbgcnEHQREVV2TGEGbUtRT2MdOlZ2RBQUKABgQjQcDRotCStBd1IAAWMeIlM7VgwYIAorQAdEFFk_GCkQJQ\" alt=\"\" width=\"45\" height=\"58\" loading=\"lazy\"\/>  <\/p>\n<p class=\"contentpart contentpart--default contentpart--text\" data-position=\"2\">Sporo os\u00f3b jest zszokowanych i jednocze\u015bnie zaniepokojonych ostatnimi wydarzeniami wok\u00f3\u0142 Polskiego Zwi\u0105zku Narciarskiego. Niekt\u00f3rzy nie popieraj\u0105 ewentualnego powrotu Apoloniusza Tajnera w roli prezesa. Na drugim biegunie stoi trener\u00a0<a href=\"https:\/\/sportowefakty.wp.pl\/skoki-narciarskie\/jozef-jarzabek\" rel=\"nofollow noopener\" target=\"_blank\">J\u00f3zef Jarz\u0105bek<\/a>. Uwa\u017ca on, \u017ce w momencie pojawienia si\u0119 bardziej stanowczej osoby, wszystko si\u0119 wyciszy. Dodatkowo wed\u0142ug niego troch\u0119 za bardzo rozbudowana by\u0142a administracja, a za ma\u0142o w tym wszystkim by\u0142o trener\u00f3w.<\/p>\n<p class=\"contentpart contentpart--default contentpart--text\" data-position=\"3\">ZOBACZ WIDEO: Tajner zn\u00f3w prezesem zwi\u0105zku? &#8222;To najgorsze rozwi\u0105zanie&#8221;<\/p>\n<p class=\"contentpart contentpart--default contentpart--text\" data-position=\"5\">&#8211; Je\u017celi prezesem zostanie Apoloniusz Tajner, mo\u017ce to wszystko b\u0119dzie solidniej pouk\u0142adane. Adam jest super cz\u0142owiekiem i lubi\u0119 go, ale zarz\u0105dzanie lekko kula\u0142o. Czasem trzeba uderzy\u0107 pi\u0119\u015bci\u0105 w st\u00f3\u0142 i si\u0119 przeciwstawi\u0107. Tak to wygl\u0105da\u0142o z boku &#8211; m\u00f3wi w rozmowie z WP SportoweFakty do\u015bwiadczony szkoleniowiec.<\/p>\n<p>Po to potrzebny jest Horngacher<\/p>\n<p class=\"contentpart contentpart--default contentpart--text\" data-position=\"7\">Nadal r\u00f3wnie\u017c nie wiadomo, czy do Polski trafi <a href=\"https:\/\/sportowefakty.wp.pl\/skoki-narciarskie\/stefan-horngacher\" rel=\"nofollow noopener\" target=\"_blank\">Stefan Horngacher<\/a>. Austriak doszed\u0142 ju\u017c do porozumienia z Ma\u0142yszem i mia\u0142 nawet zosta\u0107 zaprezentowany, ale wcze\u015bniej nie wyrazili zgody na jego zatrudnienie cz\u0142onkowie zarz\u0105du PZN. Chc\u0105 oni, aby tak wa\u017cna decyzja zosta\u0142a podj\u0119ta ju\u017c po zbli\u017caj\u0105cych si\u0119 wyborach.<\/p>\n<p>  <img decoding=\"async\" src=\"https:\/\/v.wpimg.pl\/X3dwLnN2d1IFFTpdYUl6R0ZNbgcnEHQREVV2TGEGbUtRT2MdOlZ2RBQUKABgQjQcDRotCStBd1IAAWMeIlM7VgwYIAorQAdEFFk_GCkQJQ\" alt=\"\" width=\"45\" height=\"58\" loading=\"lazy\"\/>  <\/p>\n<p class=\"contentpart contentpart--default contentpart--text\" data-position=\"8\">W tej sytuacji potrzeba poczeka\u0107 jeszcze najpewniej kilka tygodni, a\u017c sprawa b\u0119dzie mia\u0142a sw\u00f3j fina\u0142. Co istotne, zatrudnienie Horngachera popiera te\u017c\u00a0<a href=\"https:\/\/sportowefakty.wp.pl\/skoki-narciarskie\/maciej-maciusiak\" rel=\"nofollow noopener\" target=\"_blank\">Maciej Maciusiak<\/a>. Sam Austriak ma nadal by\u0107 mocno zainteresowany do\u0142\u0105czeniem do Polskiego Zwi\u0105zku Narciarskiego. I wed\u0142ug ostatnich doniesie\u0144, faktycznie ostatecznie ma ponownie znale\u017a\u0107 prac\u0119 w naszym kraju.<\/p>\n<p class=\"contentpart contentpart--default contentpart--text\" data-position=\"9\">&#8211; To jest stanowczy cz\u0142owiek. Gdyby wszystkiemu si\u0119 przyjrza\u0142, przygotowa\u0142 plan treningowy i\u00a0bardziej rygorystycznie to pouk\u0142ada\u0142, my\u015bl\u0119, \u017ce to by pomog\u0142o.\u00a0Je\u015bli mia\u0142by to zrobi\u0107, popiera\u0142bym jego zatrudnienie. Polscy trenerzy potrafi\u0105 to pouk\u0142ada\u0107, ale mo\u017ce potrzeba odrobin\u0119 wi\u0119cej dyscypliny.\u00a0Pewnie by\u0142oby to z po\u017cytkiem dla naszych skok\u00f3w &#8211; podkre\u015bla nasz rozm\u00f3wca.<\/p>\n<p class=\"contentpart contentpart--default contentpart--text\" data-position=\"10\">Cz\u0119\u015b\u0107 dzia\u0142aczy ma obawy co do do\u015bwiadczonego szkoleniowca, poniewa\u017c pami\u0119taj\u0105, co dzia\u0142o si\u0119 w latach 2016-2019. Z jednej strony nasza reprezentacja osi\u0105ga\u0142a wielkie sukcesy, lecz z drugiej skupi\u0142 si\u0119 on g\u0142\u00f3wnie na kadrze A, na czym straci\u0142o wielu innych zawodnik\u00f3w z naszego kraju.<\/p>\n<p>  <img decoding=\"async\" src=\"https:\/\/v.wpimg.pl\/X3dwLnN2d1IFFTpdYUl6R0ZNbgcnEHQREVV2TGEGbUtRT2MdOlZ2RBQUKABgQjQcDRotCStBd1IAAWMeIlM7VgwYIAorQAdEFFk_GCkQJQ\" alt=\"\" width=\"45\" height=\"58\" loading=\"lazy\"\/>  <\/p>\n<p class=\"contentpart contentpart--default contentpart--text\" data-position=\"11\">&#8211; Rzeczywi\u015bcie, gdy jego kadra trenowa\u0142a na skoczni, nie mogli\u015bmy nawet wej\u015b\u0107 za bram\u0119. To by\u0142o troch\u0119 dziwne, ale wyniki by\u0142y, wi\u0119c nie mo\u017cna krytykowa\u0107 &#8211; wspomina J\u00f3zef Jarz\u0105bek.<\/p>\n<p class=\"contentpart contentpart--default contentpart--text\" data-position=\"12\">Jednocze\u015bnie jest przekonany, \u017ce ca\u0142e to zamieszanie jest istotne przede wszystkim dla Polskiego Zwi\u0105zku Narciarskiego, trener\u00f3w oraz skoczk\u00f3w. Fani chc\u0105 tylko jednego. &#8211; Kibicom trzeba wynik\u00f3w, a w ostatnim czasie by\u0142o s\u0142abo. Mam nadziej\u0119, \u017ce jak si\u0119 wszystkie klocki pouk\u0142ada, lepiej to zadzia\u0142a &#8211; podsumowuje.<\/p>\n<p class=\"contentpart contentpart--default contentpart--text\" data-position=\"13\">Mateusz Kmiecik, dziennikarz WP SportoweFakty<\/p>\n","protected":false},"excerpt":{"rendered":"Jest ju\u017c pewne, \u017ce czekaj\u0105 nas zmiany w Polskim Zwi\u0105zku Narciarskim. Kilka dni temu Adam Ma\u0142ysz\u00a0oficjalnie potwierdzi\u0142, \u017ce&hellip;\n","protected":false},"author":2,"featured_media":395586,"comment_status":"","ping_status":"","sticky":false,"template":"","format":"standard","meta":{"footnotes":"","_share_on_mastodon":"0"},"categories":[24],"tags":[1557,34805,32293,42,38,40,39,41,24782,1538,127,126,447],"class_list":["post-395585","post","type-post","status-publish","format-standard","has-post-thumbnail","category-sport","tag-adam-malysz","tag-apoloniusz-tajner","tag-jozef-jarzabek","tag-pl","tag-poland","tag-polish","tag-polska","tag-polski","tag-pzn","tag-skoki-narciarskie","tag-sport","tag-sports","tag-sporty-zimowe"],"share_on_mastodon":{"url":"https:\/\/pubeurope.com\/@pl\/116482938565587303","error":""},"_links":{"self":[{"href":"https:\/\/www.europesays.com\/pl\/wp-json\/wp\/v2\/posts\/395585","targetHints":{"allow":["GET"]}}],"collection":[{"href":"https:\/\/www.europesays.com\/pl\/wp-json\/wp\/v2\/posts"}],"about":[{"href":"https:\/\/www.europesays.com\/pl\/wp-json\/wp\/v2\/types\/post"}],"author":[{"embeddable":true,"href":"https:\/\/www.europesays.com\/pl\/wp-json\/wp\/v2\/users\/2"}],"replies":[{"embeddable":true,"href":"https:\/\/www.europesays.com\/pl\/wp-json\/wp\/v2\/comments?post=395585"}],"version-history":[{"count":0,"href":"https:\/\/www.europesays.com\/pl\/wp-json\/wp\/v2\/posts\/395585\/revisions"}],"wp:featuredmedia":[{"embeddable":true,"href":"https:\/\/www.europesays.com\/pl\/wp-json\/wp\/v2\/media\/395586"}],"wp:attachment":[{"href":"https:\/\/www.europesays.com\/pl\/wp-json\/wp\/v2\/media?parent=395585"}],"wp:term":[{"taxonomy":"category","embeddable":true,"href":"https:\/\/www.europesays.com\/pl\/wp-json\/wp\/v2\/categories?post=395585"},{"taxonomy":"post_tag","embeddable":true,"href":"https:\/\/www.europesays.com\/pl\/wp-json\/wp\/v2\/tags?post=395585"}],"curies":[{"name":"wp","href":"https:\/\/api.w.org\/{rel}","templated":true}]}}