{"id":395665,"date":"2026-04-28T15:49:21","date_gmt":"2026-04-28T15:49:21","guid":{"rendered":"https:\/\/www.europesays.com\/pl\/395665\/"},"modified":"2026-04-28T15:49:21","modified_gmt":"2026-04-28T15:49:21","slug":"orangutan-sumatrzanski-urodzil-sie-w-lodzi-pierwszy-taki-przypadek-w-polsce","status":"publish","type":"post","link":"https:\/\/www.europesays.com\/pl\/395665\/","title":{"rendered":"Orangutan sumatrza\u0144ski urodzi\u0142 si\u0119 w \u0141odzi. Pierwszy taki przypadek w Polsce"},"content":{"rendered":"<p>Orangutany sumatrza\u0144skie (Pongo abelii) to jedni z naszych najbli\u017cszych krewnych, dziel\u0105cy z lud\u017ami a\u017c 97% materia\u0142u genetycznego. Ich obecno\u015b\u0107 w ogrodach zoologicznych nie jest jedynie atrakcj\u0105 dla zwiedzaj\u0105cych, ale przede wszystkim krytycznie wa\u017cnym elementem \u201ebezpiecznika\u201d dla populacji \u017cyj\u0105cej w naturze, kt\u00f3ra drastycznie si\u0119 kurczy.<\/p>\n<p>\u2013 \u0141\u00f3d\u017a ma dzi\u015b pow\u00f3d do dumy, kt\u00f3ry wykracza daleko poza granice miasta. To ogromna rado\u015b\u0107 i dow\u00f3d, \u017ce nasze zoo jest miejscem o \u015bwiatowym znaczeniu \u2013 podkre\u015bla Hanna Zdanowska, Prezydent Miasta \u0141odzi. \u2013 Jestem dumna z zespo\u0142u Orientarium, bo za tym sukcesem stoj\u0105 wiedza, cierpliwo\u015b\u0107 i codzienna praca ludzi, kt\u00f3rzy naprawd\u0119 rozumiej\u0105, czym jest odpowiedzialna ochrona zagro\u017conych gatunk\u00f3w.<\/p>\n<p>Ca\u0142y zoologiczny \u015bwiat patrzy na \u0141\u00f3d\u017a<\/p>\n<p>O sukcesie w \u0142\u00f3dzkim zoo a\u017c huczy w ca\u0142ym \u015brodowisku zoologicznym. Dlaczego? W ostatnim roku w \u015bwiatowych ogrodach zoologicznych urodzi\u0142o si\u0119 zaledwie pi\u0119\u0107 osobnik\u00f3w tego gatunku. Co wi\u0119cej, w skali ca\u0142ej Europy, Orientarium \u0142\u00f3dzkiego ZOO jest jedyn\u0105 plac\u00f3wk\u0105, kt\u00f3rej uda\u0142o si\u0119 w tym okresie powita\u0107 na \u015bwiecie ma\u0142ego orangutana.<\/p>\n<p>Rodzicami malucha s\u0105 samica Ketawa oraz samiec Budi. Dla m\u0142odej matki jest to pierwsze potomstwo, co budzi\u0142o pewne obawy opiekun\u00f3w. Jednak instynkt macierzy\u0144ski okaza\u0142 si\u0119 silniejszy ni\u017c brak do\u015bwiadczenia.<\/p>\n<p>\u2013 M\u0142oda samica wykazuje silne zachowania opieku\u0144cze i instynkt macierzy\u0144ski, co bardzo nas cieszy \u2013 podkre\u015bla Micha\u0142 Cicho\u0144, opiekun orangutan\u00f3w w \u0142\u00f3dzkim zoo.<\/p>\n<p><img decoding=\"async\" class=\"image__img\" src=\"https:\/\/www.europesays.com\/pl\/wp-content\/uploads\/2026\/04\/orangutan-sumatrzanski-fot.-Pawel-Lacheta-3-d38c7c6.jpeg\" alt=\"Historyczny sukces w Orientarium. W \u0141odzi przyszed\u0142 na \u015bwiat pierwszy w Polsce orangutan sumatrza\u0144ski\" data-item-name=\"Historyczny sukces w Orientarium. W \u0141odzi przyszed\u0142 na \u015bwiat pierwszy w Polsce orangutan sumatrza\u0144ski\" title=\"Historyczny sukces w Orientarium. W \u0141odzi przyszed\u0142 na \u015bwiat pierwszy w Polsce orangutan sumatrza\u0144ski. Fot. Pawe\u0142 \u0141acheta\" style=\"aspect-ratio:1 \/ 0.6661290322580645;object-fit:contain\" loading=\"lazy\" width=\"700\" height=\"466.2903225806452\" data-testid=\"image-img\"\/><\/p>\n<p>Historyczny sukces w Orientarium. W \u0141odzi przyszed\u0142 na \u015bwiat pierwszy w Polsce orangutan sumatrza\u0144ski \/ fot. Pawe\u0142 \u0141acheta\/Zoo \u0141\u00f3d\u017a<\/p>\n<p>Dlaczego narodziny ma\u0142ego orangutana s\u0105 takim wydarzeniem?<\/p>\n<p>Aby zrozumie\u0107 wag\u0119 tego sukcesu trzeba pozna\u0107 biologi\u0119 tych niezwyk\u0142ych zwierz\u0105t. Orangutany charakteryzuje najd\u0142u\u017cszy okres mi\u0119dzy narodzinami spo\u015br\u00f3d wszystkich ssak\u00f3w l\u0105dowych. Samice rodz\u0105 m\u0142ode \u015brednio raz na 7 do 9 lat. To sprawia, \u017ce ka\u017cda strata w populacji jest niezwykle trudna do odrobienia, a ka\u017cde narodziny s\u0105 na wag\u0119 z\u0142ota.<\/p>\n<p>W naturze orangutany sumatrza\u0144skie wyst\u0119puj\u0105 wy\u0142\u0105cznie na indonezyjskiej wyspie Sumatra. Niestety, ich dom \u2013 tropikalne lasy deszczowe \u2013 znika w zastraszaj\u0105cym tempie.<\/p>\n<p>Orangutany s\u0105 nazywane \u201eogrodnikami lasu\u201d. Przemierzaj\u0105c korony drzew, roznosz\u0105 nasiona owoc\u00f3w na ogromne odleg\u0142o\u015bci, co czyni je kluczowymi dla przetrwania ca\u0142ego ekosystemu wyspy.<\/p>\n<p>Ile orangutan\u00f3w sumatrza\u0144skich \u017cyje w naturze?<\/p>\n<p>Populacja orangutan\u00f3w sumatrza\u0144skich w naturze jest szacowana na zaledwie 14 tysi\u0119cy osobnik\u00f3w, co daje im status gatunku krytycznie zagro\u017conego wygini\u0119ciem. G\u0142\u00f3wnymi przyczynami tego niepokoj\u0105cego stanu s\u0105:<\/p>\n<p>wycinka las\u00f3w pod plantacje palmy olejowej \u2013 gwa\u0142towna utrata siedlisk zmusza zwierz\u0119ta do opuszczania bezpiecznych teren\u00f3w,nielegalny handel \u2013 m\u0142ode orangutany wci\u0105\u017c padaj\u0105 ofiar\u0105 k\u0142usownik\u00f3w szukaj\u0105cych egzotycznych zwierz\u0105t domowych,konflikty z lud\u017ami \u2013 cz\u0119sto dochodzi do nich na obrze\u017cach kurcz\u0105cych si\u0119 las\u00f3w.<\/p>\n<p>Teraz \u0142\u00f3dzkie zoo ma ogromny wk\u0142ad w mi\u0119dzynarodowy program ochrony tego gatunku. \u2013 To dow\u00f3d na najwy\u017cszy poziom opieki hodowlanej oraz ogromna odpowiedzialno\u015b\u0107 \u2013 m\u00f3wi Micha\u0142 Go\u0142\u0119dowski, Dyrektor ds. Hodowli i Rozwoju w \u0142\u00f3dzkiej plac\u00f3wce.<\/p>\n<p><img decoding=\"async\" class=\"image__img\" src=\"https:\/\/www.europesays.com\/pl\/wp-content\/uploads\/2026\/04\/orangutan-sumatrzanski-fot.-Pawel-Lacheta-2-84edf8a-rotated.jpeg\" alt=\"ma\u0142y orangutan w \u0142\u00f3dzkim zoo\" data-item-name=\"ma\u0142y orangutan w \u0142\u00f3dzkim zoo\" title=\"Ma\u0142y orangutan sumatrza\u0144ski. fot. Pawe\u0142 \u0141acheta\" style=\"aspect-ratio:1 \/ 1.3333333333333333;object-fit:contain\" loading=\"lazy\" width=\"700\" height=\"933.3333333333333\" data-testid=\"image-img\"\/><\/p>\n<p>\u015awie\u017co upieczona mama \u015bwietnie opiekuje si\u0119 swoim male\u0144stwem. M\u0142ody orangutan szybko zyska\u0142 rzesze fan\u00f3w na ca\u0142ym \u015bwiecie. fot. Pawe\u0142 \u0141acheta\/Zoo \u0141\u00f3d\u017a<\/p>\n<p>Co czeka ma\u0142ego mieszka\u0144ca \u0141odzi?<\/p>\n<p>Obecnie maluch wraz z mam\u0105 znajduje si\u0119 pod sta\u0142ym nadzorem lekarzy weterynarii i do\u015bwiadczonego zespo\u0142u opiekun\u00f3w. Nale\u017cy zapewni\u0107 im spok\u00f3j i komfort, by relacja mi\u0119dzy matk\u0105 i dzieckiem mog\u0142a si\u0119 prawid\u0142owo rozwija\u0107.<\/p>\n<p>Dobra wiadomo\u015b\u0107 dla mi\u0142o\u015bnik\u00f3w przyrody jest taka, \u017ce odwiedzaj\u0105cy Orientarium ZOO \u0141\u00f3d\u017a maj\u0105 ju\u017c mo\u017cliwo\u015b\u0107 zobaczenia nowego mieszka\u0144ca. Maluch powoli staje si\u0119 symbolem nadziei dla ca\u0142ego gatunku, przypominaj\u0105c o potrzebie ochrony dzikiej przyrody. Trzeba przyzna\u0107 \u2013 jest przes\u0142odki, ale ma te\u017c bardzo wa\u017cne zadanie.<\/p>\n<p>\u0179r\u00f3d\u0142o: Zoo \u0141\u00f3d\u017a<\/p>\n<p>Nasz autor<\/p>\n<p>&#13;<br \/>\nJonasz Przyby\u0142&#13;<br \/>\nRedaktor i dziennikarz zwi\u0105zany wcze\u015bniej m.in. z przyrodnicz\u0105 ga\u0142\u0119zi\u0105 Wydawnictwa Naukowego PWN, autor wielu tekst\u00f3w publicystycznych i specjalistycznych. W National Geographic skupia si\u0119 g\u0142\u00f3wnie na tematach dotycz\u0105cych \u015brodowiska naturalnego, historycznych i kulturowych. Prywatnie muzyk: gra na perkusji i na handpanie. Interesuje go historia \u015bredniowiecza oraz socjologia, szczeg\u00f3lnie zagadnienia dotycz\u0105ce funkcjonowania spo\u0142ecze\u0144stw i wyzwa\u0144, jakie stawia przed nimi XXI wiek.<\/p>\n<p><img decoding=\"async\" class=\"image__img\" src=\"https:\/\/www.europesays.com\/pl\/wp-content\/uploads\/2026\/04\/IMG7631-0cbbd23.jpeg\" alt=\"Jonasz Przyby\u0142\" data-item-name=\"Jonasz Przyby\u0142\" title=\"IMG_7631\" style=\"aspect-ratio:1 \/ 0.9087301587301587;object-fit:cover\" loading=\"lazy\" width=\"767\" height=\"696.9960317460317\" data-testid=\"image-img\"\/><\/p>\n","protected":false},"excerpt":{"rendered":"Orangutany sumatrza\u0144skie (Pongo abelii) to jedni z naszych najbli\u017cszych krewnych, dziel\u0105cy z lud\u017ami a\u017c 97% materia\u0142u genetycznego. Ich&hellip;\n","protected":false},"author":2,"featured_media":395666,"comment_status":"","ping_status":"","sticky":false,"template":"","format":"standard","meta":{"footnotes":"","_share_on_mastodon":"0"},"categories":[51608],"tags":[3652,43676,71965,42,38,40,39,41,13288],"class_list":["post-395665","post","type-post","status-publish","format-standard","has-post-thumbnail","category-lodz","tag-lodz","tag-malpy","tag-orangutan","tag-pl","tag-poland","tag-polish","tag-polska","tag-polski","tag-zoo"],"share_on_mastodon":{"url":"https:\/\/pubeurope.com\/@pl\/116483127330835694","error":""},"_links":{"self":[{"href":"https:\/\/www.europesays.com\/pl\/wp-json\/wp\/v2\/posts\/395665","targetHints":{"allow":["GET"]}}],"collection":[{"href":"https:\/\/www.europesays.com\/pl\/wp-json\/wp\/v2\/posts"}],"about":[{"href":"https:\/\/www.europesays.com\/pl\/wp-json\/wp\/v2\/types\/post"}],"author":[{"embeddable":true,"href":"https:\/\/www.europesays.com\/pl\/wp-json\/wp\/v2\/users\/2"}],"replies":[{"embeddable":true,"href":"https:\/\/www.europesays.com\/pl\/wp-json\/wp\/v2\/comments?post=395665"}],"version-history":[{"count":0,"href":"https:\/\/www.europesays.com\/pl\/wp-json\/wp\/v2\/posts\/395665\/revisions"}],"wp:featuredmedia":[{"embeddable":true,"href":"https:\/\/www.europesays.com\/pl\/wp-json\/wp\/v2\/media\/395666"}],"wp:attachment":[{"href":"https:\/\/www.europesays.com\/pl\/wp-json\/wp\/v2\/media?parent=395665"}],"wp:term":[{"taxonomy":"category","embeddable":true,"href":"https:\/\/www.europesays.com\/pl\/wp-json\/wp\/v2\/categories?post=395665"},{"taxonomy":"post_tag","embeddable":true,"href":"https:\/\/www.europesays.com\/pl\/wp-json\/wp\/v2\/tags?post=395665"}],"curies":[{"name":"wp","href":"https:\/\/api.w.org\/{rel}","templated":true}]}}