{"id":395769,"date":"2026-04-28T16:48:12","date_gmt":"2026-04-28T16:48:12","guid":{"rendered":"https:\/\/www.europesays.com\/pl\/395769\/"},"modified":"2026-04-28T16:48:12","modified_gmt":"2026-04-28T16:48:12","slug":"arktyczne-powietrze-nad-polska-w-tych-regionach-sroda-bedzie-wyjatkowo-zimna","status":"publish","type":"post","link":"https:\/\/www.europesays.com\/pl\/395769\/","title":{"rendered":"Arktyczne powietrze nad Polsk\u0105. W tych regionach \u015broda b\u0119dzie wyj\u0105tkowo zimna"},"content":{"rendered":"<p>Od rana prawie w ka\u017cdym regionie spodziewamy si\u0119 ujemnych temperatur. Miejscami mo\u017cliwe s\u0105 spadki nawet do ok. -5 st. C. Im dalej na p\u00f3\u0142noc i wsch\u00f3d, tym b\u0119dzie ch\u0142odniej. Zi\u0105b p\u00f3jdzie w parze ze spokojn\u0105 <a href=\"https:\/\/wiadomosci.onet.pl\/pogoda\" id=\"228267f0-9cc1-43f0-87bc-1bb6353bb32e\" rel=\"nofollow noopener\" target=\"_blank\">pogod\u0105<\/a>, ze s\u0142o\u0144cem i bez opad\u00f3w. Lokalnie zrobi si\u0119 wr\u0119cz bezchmurnie.Bardzo zimna pogoda w \u015brod\u0119 nie opu\u015bci Polski. Lokalnie pojawi si\u0119 nawet przelotny \u015bniegDalsza cz\u0119\u015b\u0107 dnia to w wi\u0119kszo\u015bci kraju stabilna aura. Mo\u017cemy liczy\u0107 na wiele chwil ze <a href=\"https:\/\/wiadomosci.onet.pl\/slonce\" id=\"7a1c92c2-b7c7-4dbf-9ee2-39d7f16b41ac\" rel=\"nofollow noopener\" target=\"_blank\">s\u0142o\u0144cem<\/a> i cho\u0107 czasami przyp\u0142ynie wi\u0119cej chmur, to na og\u00f3\u0142 nie powinno z nich pada\u0107. Jedynie gdzieniegdzie w w\u0105skim pasie od Lubelszczyzny po Podlasie, Mazury, Warmi\u0119 oraz Pomorze Gda\u0144skie niewykluczone s\u0105 s\u0142abe, przelotne opady deszczu, deszczu ze \u015bniegiem, a lokalnie nawet \u015bniegu.      <img decoding=\"async\" src=\"https:\/\/www.europesays.com\/pl\/wp-content\/uploads\/2026\/04\/mKEk9lBaHR0cHM6Ly9vY2RuLmV1L3B1bHNjbXMvTURBXy82YWQxYWE0OGMwNjBiN2M2MjdlMTQ2OTY4NGQ1NzFjOS5wbmeRlQLNB.jpeg\" height=\"922\" width=\"750\" alt=\"Czeka nas bardzo zimna \u015broda, na p\u00f3\u0142nocnym wschodzie z przelotnymi opadami deszczu i \u015bniegu\" loading=\"lazy\" class=\"ods-c-image__img ods-c-image__img--vertical\"\/> <\/p>\n<p>Czeka nas bardzo zimna \u015broda, na p\u00f3\u0142nocnym wschodzie z przelotnymi opadami deszczu i \u015bnieguArkadiusz P\u0142achta \/ Onet<\/p>\n<p>W nocy ze \u015brody na czwartek pogoda wsz\u0119dzie b\u0119dzie ju\u017c taka sama, bez \u017cadnych opad\u00f3w i z rozpogodzeniami. Lokalnie na niebie nie pojawi si\u0119 ani jedna chmura.<\/p>\n<p> Dalszy ci\u0105g artyku\u0142u pod materia\u0142em wideo Temperatura b\u0119dzie niska, zdecydowanie poni\u017cej normy dla ko\u0144ca kwietnia. Maksymalnie odnotujemy od 6 st. C na Podhalu, 8-10 st. C w g\u0142\u0119bi kraju do 12-13 st. C na kra\u0144cach zachodnich. Natomiast w nocy wsz\u0119dzie, poza p\u00f3\u0142nocnym zachodem i kra\u0144cami po\u0142udniowo-wschodnimi, chwyci <a href=\"https:\/\/wiadomosci.onet.pl\/mroz\" id=\"df4a9606-f57a-406f-90c2-0ccfe9da876e\" rel=\"nofollow noopener\" target=\"_blank\">mr\u00f3z<\/a>. Na og\u00f3\u0142 pojawi\u0105 si\u0119 spadki do -4\/-1 st. C, ale lokalnie nie mo\u017cna wykluczy\u0107 -6\/-5 st. C. Przy gruncie zrobi si\u0119 prawdopodobnie jeszcze zimniej. <img decoding=\"async\" src=\"https:\/\/www.europesays.com\/pl\/wp-content\/uploads\/2026\/04\/-cRk9lBaHR0cHM6Ly9vY2RuLmV1L3B1bHNjbXMvTURBXy8xY2E4NDQwZTYzN2YzNTc2OGVmMjkzMDNmMWU5YjlkZS5wbmeRlQLNB.jpeg\" height=\"394\" width=\"563\" alt=\"W nocy temperatura prawie w ca\u0142ej Polsce b\u0119dzie ujemna\" loading=\"lazy\" class=\"ods-c-image__img ods-c-image__img--viewport-width\"\/> <\/p>\n<p>W nocy temperatura prawie w ca\u0142ej Polsce b\u0119dzie ujemnawxcharts<\/p>\n<p>Wiatr umiarkowany, okresami silniejszy, w porywach do 40-50 km na godz., najcz\u0119\u015bciej z kierunk\u00f3w p\u00f3\u0142nocnych. Jego podmuchy mog\u0105 spot\u0119gowa\u0107 odczucie ch\u0142odu i zimna oraz nieco pogorsz\u0105 te\u017c warunki biometeorologiczne.<\/p>\n","protected":false},"excerpt":{"rendered":"Od rana prawie w ka\u017cdym regionie spodziewamy si\u0119 ujemnych temperatur. Miejscami mo\u017cliwe s\u0105 spadki nawet do ok. -5&hellip;\n","protected":false},"author":2,"featured_media":395770,"comment_status":"","ping_status":"","sticky":false,"template":"","format":"standard","meta":{"footnotes":"","_share_on_mastodon":"0"},"categories":[12],"tags":[61195,6987,48,3865,46,42,78,38,40,39,41,3324,47],"class_list":["post-395769","post","type-post","status-publish","format-standard","has-post-thumbnail","category-polska","tag-bottomfeed_styl","tag-mroz","tag-nat_styl","tag-ochlodzenie","tag-omp","tag-pl","tag-pogoda","tag-poland","tag-polish","tag-polska","tag-polski","tag-przymrozki","tag-screening_general"],"share_on_mastodon":{"url":"https:\/\/pubeurope.com\/@pl\/116483359435235907","error":""},"_links":{"self":[{"href":"https:\/\/www.europesays.com\/pl\/wp-json\/wp\/v2\/posts\/395769","targetHints":{"allow":["GET"]}}],"collection":[{"href":"https:\/\/www.europesays.com\/pl\/wp-json\/wp\/v2\/posts"}],"about":[{"href":"https:\/\/www.europesays.com\/pl\/wp-json\/wp\/v2\/types\/post"}],"author":[{"embeddable":true,"href":"https:\/\/www.europesays.com\/pl\/wp-json\/wp\/v2\/users\/2"}],"replies":[{"embeddable":true,"href":"https:\/\/www.europesays.com\/pl\/wp-json\/wp\/v2\/comments?post=395769"}],"version-history":[{"count":0,"href":"https:\/\/www.europesays.com\/pl\/wp-json\/wp\/v2\/posts\/395769\/revisions"}],"wp:featuredmedia":[{"embeddable":true,"href":"https:\/\/www.europesays.com\/pl\/wp-json\/wp\/v2\/media\/395770"}],"wp:attachment":[{"href":"https:\/\/www.europesays.com\/pl\/wp-json\/wp\/v2\/media?parent=395769"}],"wp:term":[{"taxonomy":"category","embeddable":true,"href":"https:\/\/www.europesays.com\/pl\/wp-json\/wp\/v2\/categories?post=395769"},{"taxonomy":"post_tag","embeddable":true,"href":"https:\/\/www.europesays.com\/pl\/wp-json\/wp\/v2\/tags?post=395769"}],"curies":[{"name":"wp","href":"https:\/\/api.w.org\/{rel}","templated":true}]}}