{"id":395908,"date":"2026-04-28T18:12:07","date_gmt":"2026-04-28T18:12:07","guid":{"rendered":"https:\/\/www.europesays.com\/pl\/395908\/"},"modified":"2026-04-28T18:12:07","modified_gmt":"2026-04-28T18:12:07","slug":"nawrocki-polska-jest-gotowa-aby-stac-sie-brama-polnocy","status":"publish","type":"post","link":"https:\/\/www.europesays.com\/pl\/395908\/","title":{"rendered":"Nawrocki: Polska jest gotowa, aby sta\u0107 si\u0119 bram\u0105 p\u00f3\u0142nocy"},"content":{"rendered":"\n<p>&#13;<br \/>\nPrezydent Karol Nawrocki bierze udzia\u0142 w\u00a011. Szczycie Inicjatywy Tr\u00f3jmorza odbywaj\u0105cym si\u0119 w\u00a0chorwackim Dubrowniku. Podczas konferencji prasowej podkre\u015bli\u0142, \u017ce\u00a0jest to\u00a0dla niego &#8222;szczeg\u00f3lne wydarzenie&#8221;, bowiem uczestniczy w\u00a0nim po\u00a0raz pierwszy. \u2013\u00a0Z\u00a0wielk\u0105 dum\u0105, jako nowy prezydent Polski, b\u0119d\u0119 wspiera\u0142 t\u0119\u00a0inicjatyw\u0119, kt\u00f3ra funkcjonuje ponad dekad\u0119. Polska pe\u0142ni rol\u0119 zar\u00f3wno pa\u0144stwa za\u0142o\u017cycielskiego, jak i\u00a0nieustannego or\u0119downika tej inicjatywy. Postrzegam t\u0119\u00a0inicjatyw\u0119 jako podstaw\u0119 konkurencyjno\u015bci Europy i\u00a0motor wsp\u00f3\u0142pracy transatlantyckiej \u2013\u00a0o\u015bwiadczy\u0142. &#13;\n<\/p>\n<p>&#13;<br \/>\n\u2013 Polska w\u00a0tym roku we\u017amie udzia\u0142 w\u00a0pracach grupy G20. Zaproszenie od\u00a0prezydenta Stan\u00f3w Zjednoczonych Donalda Trumpa kierowane w\u00a0kierunku Polski pokazuje bardzo dynamiczny rozw\u00f3j Rzeczpospolitej, ale\u00a0tak\u017ce umiej\u0119tno\u015b\u0107 transformacji gospodarczej, ekonomicznej i\u00a0politycznej. Jest to\u00a0gest w\u00a0kierunku wszystkich polskich przedsi\u0119biorc\u00f3w i\u00a0pracownik\u00f3w, kt\u00f3rzy wypracowali tak dobre wska\u017aniki polskiej gospodarki \u2013\u00a0zwr\u00f3ci\u0142 uwag\u0119. &#13;\n<\/p>\n<p>Wskazali Polsk\u0119 jako reprezentanta regionu<\/p>\n<p>&#13;<br \/>\n\u2013 Bardzo si\u0119 ciesz\u0119, \u017ce\u00a0wszystkie kraje cz\u0142onkowskie Inicjatywy Tr\u00f3jmorza w\u00a0ostatecznej deklaracji wskaza\u0142y Polsk\u0119 jako reprezentanta ca\u0142ego regionu Inicjatywy Tr\u00f3jmorza na\u00a0szczycie G20 \u2013\u00a0podkre\u015bli\u0142 prezydent. &#13;\n<\/p>\n<p>&#13;<br \/>\n\u2013 My\u015bl\u0119, \u017ce\u00a0to\u00a0ju\u017c jest moment, w\u00a0kt\u00f3rym powinni\u015bmy zacz\u0105\u0107 dyskutowa\u0107 o\u00a0stworzeniu mechanizm\u00f3w finansowania infrastruktury wok\u00f3\u0142 Banku Rozwoju Tr\u00f3jmorza. O\u00a0tym dyskutowali\u015bmy i\u00a0my\u015bl\u0119, \u017ce\u00a0to\u00a0jest przed nami. To\u00a0jest ten krok, kt\u00f3rego oczekuje Inicjatywa Tr\u00f3jmorza \u2013\u00a0wskaza\u0142. &#13;\n<\/p>\n<p>Polska &#8222;bram\u0105 p\u00f3\u0142nocy&#8221;?<\/p>\n<p>&#13;<br \/>\n\u2013 Polska jest gotowa do\u00a0tego, aby\u00a0sta\u0107 si\u0119 bram\u0105 p\u00f3\u0142nocy dla\u00a0ameryka\u0144skiego gazu do\u00a0ca\u0142ego regionu. Podobne po\u0142\u0105czenia interkonektorami odbywaj\u0105 si\u0119 oczywi\u015bcie na\u00a0po\u0142udniu Europy. M\u00f3wi\u0119 o\u00a0mo\u017cliwo\u015bciach Morza Ba\u0142tyckiego, polskich terminali, \u015awinouj\u015bciu, inwestycji w\u00a0terminal p\u0142ywaj\u0105cy na\u00a0Morzu Ba\u0142tyckim \u2013\u00a0oznajmi\u0142 Karol Nawrocki. &#13;\n<\/p>\n<p>&#13;<br \/>\n\u2013 Polska jest gotowa do\u00a0tego, aby\u00a0sta\u0107 si\u0119 bram\u0105 p\u00f3\u0142nocy dla\u00a0budowania odpowiedzialno\u015bci i\u00a0niepodleg\u0142o\u015bci energetycznej. To\u00a0jeden z\u00a0wi\u0119kszych sukces\u00f3w pa\u0144stw Inicjatywy Tr\u00f3jmorza, \u017ce\u00a0uda\u0142o nam si\u0119 odci\u0105\u0107 od\u00a0rosyjskiego gazu \u2013\u00a0podkre\u015bli\u0142. &#13;\n<\/p>\n<p>&#13;<br \/>\nCzytaj te\u017c:<br \/><a href=\"https:\/\/dorzeczy.pl\/opinie\/874522\/trump-jestesmy-przyjaciolmi-polski-to-wspanialy-kraj.html\" rel=\"follow nofollow noopener\" data-schema=\"DORZECZY\" data-image=\"https:\/\/img.dorzeczy.pl\/_thumb\/36\/a0\/dde2f22cf58b37ab179c040a4baf.jpeg\" target=\"_blank\">Trump: Jeste\u015bmy przyjaci\u00f3\u0142mi Polski. To\u00a0wspania\u0142y kraj<\/a>&#13;<\/p>\n","protected":false},"excerpt":{"rendered":"&#13; Prezydent Karol Nawrocki bierze udzia\u0142 w\u00a011. Szczycie Inicjatywy Tr\u00f3jmorza odbywaj\u0105cym si\u0119 w\u00a0chorwackim Dubrowniku. Podczas konferencji prasowej podkre\u015bli\u0142,&hellip;\n","protected":false},"author":2,"featured_media":395909,"comment_status":"","ping_status":"","sticky":false,"template":"","format":"standard","meta":{"footnotes":"","_share_on_mastodon":"0"},"categories":[12],"tags":[662,98,105,1128,72070,49,1315,42,38,40,39,41],"class_list":["post-395908","post","type-post","status-publish","format-standard","has-post-thumbnail","category-polska","tag-dawid-sienkowski","tag-dorzeczy","tag-ekonomia","tag-g20","tag-inicjatywa-trojmorza","tag-kraj","tag-nawrocki","tag-pl","tag-poland","tag-polish","tag-polska","tag-polski"],"share_on_mastodon":{"url":"","error":""},"_links":{"self":[{"href":"https:\/\/www.europesays.com\/pl\/wp-json\/wp\/v2\/posts\/395908","targetHints":{"allow":["GET"]}}],"collection":[{"href":"https:\/\/www.europesays.com\/pl\/wp-json\/wp\/v2\/posts"}],"about":[{"href":"https:\/\/www.europesays.com\/pl\/wp-json\/wp\/v2\/types\/post"}],"author":[{"embeddable":true,"href":"https:\/\/www.europesays.com\/pl\/wp-json\/wp\/v2\/users\/2"}],"replies":[{"embeddable":true,"href":"https:\/\/www.europesays.com\/pl\/wp-json\/wp\/v2\/comments?post=395908"}],"version-history":[{"count":0,"href":"https:\/\/www.europesays.com\/pl\/wp-json\/wp\/v2\/posts\/395908\/revisions"}],"wp:featuredmedia":[{"embeddable":true,"href":"https:\/\/www.europesays.com\/pl\/wp-json\/wp\/v2\/media\/395909"}],"wp:attachment":[{"href":"https:\/\/www.europesays.com\/pl\/wp-json\/wp\/v2\/media?parent=395908"}],"wp:term":[{"taxonomy":"category","embeddable":true,"href":"https:\/\/www.europesays.com\/pl\/wp-json\/wp\/v2\/categories?post=395908"},{"taxonomy":"post_tag","embeddable":true,"href":"https:\/\/www.europesays.com\/pl\/wp-json\/wp\/v2\/tags?post=395908"}],"curies":[{"name":"wp","href":"https:\/\/api.w.org\/{rel}","templated":true}]}}