{"id":396258,"date":"2026-04-28T21:58:09","date_gmt":"2026-04-28T21:58:09","guid":{"rendered":"https:\/\/www.europesays.com\/pl\/396258\/"},"modified":"2026-04-28T21:58:09","modified_gmt":"2026-04-28T21:58:09","slug":"nicole-kidman-skradla-uwage-na-pokazie-mody-chanel-spojrzcie-tylko-na-jej-plecy","status":"publish","type":"post","link":"https:\/\/www.europesays.com\/pl\/396258\/","title":{"rendered":"Nicole Kidman skrad\u0142a uwag\u0119 na pokazie mody Chanel. Sp\u00f3jrzcie tylko na jej plecy"},"content":{"rendered":"<p class=\"Paragraph_desktopParagraph__U31Gm\">28 kwietnia, w nadmorskim Biarritz \u2014 miejscu, gdzie Gabrielle &#8222;Coco&#8221; Chanel otworzy\u0142a sw\u00f3j pierwszy dom mody \u2014 zebra\u0142a si\u0119 \u015bmietanka \u015bwiatowego show-biznesu. To tu, w historycznej scenerii, marka Chanel przedstawi\u0142a swoj\u0105 najnowsz\u0105 kolekcj\u0119 cruise. W\u015br\u00f3d go\u015bci nie zabrak\u0142o Tildy Swinton, A$AP Rocky\u2019ego oraz <a href=\"https:\/\/plejada.pl\/temat\/nicole-kidman-aktorka\/c28m0yf\" id=\"d0371795-12d4-478a-b158-e76857b97f4a\" rel=\"nofollow noopener\" target=\"_blank\">Nicole Kidman<\/a>, kt\u00f3ra bezapelacyjnie przyci\u0105gn\u0119\u0142a najwi\u0119ksz\u0105 uwag\u0119 spo\u015br\u00f3d go\u015bci.<\/p>\n<p>Fenomenalna Nicole Kidman na pokazie Chanel <\/p>\n<p class=\"Paragraph_desktopParagraph__U31Gm\">Nicole Kidman, uznawana za ikon\u0119 stylu, postawi\u0142a na klasyczn\u0105 &#8222;ma\u0142\u0105 czarn\u0105&#8221; \u2014 sukienk\u0119, kt\u00f3ra na pierwszy rzut oka wydawa\u0142a si\u0119 prosta i elegancka. D\u0142uga, perfekcyjnie dopasowana do sylwetki, z wysokim, lekko drapowanym dekoltem i d\u0142ugimi r\u0119kawami. Stylizacj\u0119 uzupe\u0142ni\u0142y czarne szpilki o ostrym czubku i ciemne okulary przeciws\u0142oneczne, kt\u00f3re doda\u0142y ca\u0142o\u015bci charakteru i szyku.<\/p>\n<p class=\"Paragraph_desktopParagraph__U31Gm\">Jednak prawdziwa si\u0142a tej stylizacji kry\u0142a si\u0119 nie w tym, co na pierwszym planie. Ty\u0142 sukni zaskakiwa\u0142 g\u0142\u0119bokim dekoltem, si\u0119gaj\u0105cym a\u017c do dolnej cz\u0119\u015bci plec\u00f3w. Na linii kr\u0119gos\u0142upa pojawi\u0142a si\u0119 misternie wykonana, czarna ozdoba z pi\u00f3r, podtrzymywana przez delikatny, z\u0142oty \u0142a\u0144cuszek \u2014 detal, kt\u00f3ry zamieni\u0142 klasyczn\u0105 kreacj\u0119 w dzie\u0142o sztuki.<\/p>\n<p><img decoding=\"async\" class=\"Image_image__0tuHp Image_autoHeight__f2n87 \" height=\"587\" width=\"391\" src=\"https:\/\/www.europesays.com\/pl\/wp-content\/uploads\/2026\/04\/1ZQk9kpTURBXy9lYmQxNmFhYjJjMzAyNDZjOWI3MmVjYTI0M2FmOWY2My5qcGeSlQLNA6wAwsOVAgDNAkvCw94AA6EwAaExAaEzw.jpeg\" alt=\"Nicole Kidman\" loading=\"lazy\" \/>Castel Franck \/ ABACA \/ PAP<\/p>\n<p>Nicole Kidman<\/p>\n<p class=\"Paragraph_desktopParagraph__U31Gm\">Nicole Kidman zadba\u0142a, by nic nie odci\u0105ga\u0142o uwagi od tego elementu \u2014 w\u0142osy upi\u0119\u0142a w niski, swobodny kok, eksponuj\u0105c plecy. Ca\u0142o\u015b\u0107 dope\u0142ni\u0142a kopert\u00f3wka z masywnym, z\u0142otym \u0142a\u0144cuszkiem, kt\u00f3r\u0105 aktorka trzyma\u0142a w d\u0142oniach.<\/p>\n<p class=\"Paragraph_desktopParagraph__U31Gm\">W\u015br\u00f3d go\u015bci, kt\u00f3rzy do\u0142\u0105czyli do \u015bwi\u0119towania razem z Nicole Kidman, znale\u017ali si\u0119 r\u00f3wnie\u017c A$AP Rocky, Michaela Coel oraz Tilda Swinton \u2014 fani i przyjaciele Matthieu Blazy\u2019ego, dyrektora kreatywnego Chanel. To wiecz\u00f3r, w kt\u00f3rym moda przem\u00f3wi\u0142a szeptem, zostawiaj\u0105c trwa\u0142y \u015blad w pami\u0119ci tych, kt\u00f3rzy potrafi\u0105 dostrzec wi\u0119cej ni\u017c tylko powierzchowno\u015b\u0107.<\/p>\n<p><img decoding=\"async\" class=\"Image_image__0tuHp Image_autoHeight__f2n87 \" height=\"587\" width=\"391\" src=\"https:\/\/www.europesays.com\/pl\/wp-content\/uploads\/2026\/04\/YI4k9kpTURBXy81ZGU1MjZkNTVlNmVmNTg0ZDQxZWJjYjkyMzJlYjdkOS5qcGeSlQLNA6wAwsOVAgDNAkvCw94AA6EwAaExAaEzw.jpeg\" alt=\"Nicole Kidman\" loading=\"lazy\" \/>Castel Franck \/ ABACA \/ PAP<\/p>\n<p>Nicole Kidman<\/p>\n<p class=\"Paragraph_desktopParagraph__U31Gm\">Dzi\u0119kujemy, \u017ce przeczyta\u0142a\u015b\/e\u015b nasz artyku\u0142 do ko\u0144ca. W serwisie Plejada.pl ka\u017cdego dnia piszemy o najwa\u017cniejszych wydarzeniach show-biznesowych. B\u0105d\u017a na bie\u017c\u0105co! <a rel=\"nofollow noopener\" href=\"https:\/\/news.google.com\/publications\/CAAiEF0PeAlb7W1llpV_mwV2rL4qFAgKIhBdD3gJW-1tZZaVf5sFdqy-?hl=pl&amp;gl=PL&amp;ceid=PL%3Apl\" id=\"45f4ae5f-2b37-4d35-a22a-ee518a97d42c\" target=\"_blank\">Obserwuj<\/a> Plejad\u0119 w Wiadomo\u015bciach Google. Odwied\u017a nas tak\u017ce na <a rel=\"nofollow noopener\" href=\"https:\/\/www.facebook.com\/plejadapl\" id=\"4ff06d7d-0939-4319-ad2b-13a1bf27fa4b\" target=\"_blank\">Facebooku<\/a>, <a rel=\"nofollow noopener\" href=\"https:\/\/www.instagram.com\/plejadapl\/\" id=\"da41b8a4-d0a5-4086-a197-388755b58745\" target=\"_blank\">Instagramie<\/a>, <a rel=\"nofollow noopener\" href=\"https:\/\/www.youtube.com\/c\/plejada\" id=\"fd9048b0-f215-4aaa-8b4f-d063085970e3\" target=\"_blank\">YouTubie<\/a> oraz <a rel=\"nofollow noopener\" href=\"https:\/\/www.tiktok.com\/@plejada_pl\" id=\"c2b879ef-b683-4299-8042-ef01df71ed70\" target=\"_blank\">TikToku<\/a>.<\/p>\n<p class=\"Paragraph_desktopParagraph__U31Gm\">Chcesz podzieli\u0107 si\u0119 ciekawym newsem lub zaproponowa\u0107 temat? Skontaktuj si\u0119 z nami, pisz\u0105c maila na adres: plejada@redakcjaonet.pl.<\/p>\n<p><script async src=\"\/\/www.instagram.com\/embed.js\"><\/script><script async src=\"\/\/www.tiktok.com\/embed.js\"><\/script><\/p>\n","protected":false},"excerpt":{"rendered":"28 kwietnia, w nadmorskim Biarritz \u2014 miejscu, gdzie Gabrielle &#8222;Coco&#8221; Chanel otworzy\u0142a sw\u00f3j pierwszy dom mody \u2014 zebra\u0142a&hellip;\n","protected":false},"author":2,"featured_media":396259,"comment_status":"","ping_status":"","sticky":false,"template":"","format":"standard","meta":{"footnotes":"","_share_on_mastodon":"0"},"categories":[22],"tags":[122,30897,67,53,7384,52,68,51,55,42,38,40,39,41,123,47,196,10522,1607,65,50],"class_list":["post-396258","post","type-post","status-publish","format-standard","has-post-thumbnail","category-rozrywka","tag-entertainment","tag-gwiazdy_na_czerwonym_dywanie","tag-intextvideo_splayer","tag-new_header","tag-nicole_kidman_aktorka","tag-onet3","tag-onet3d","tag-onet3d_2i","tag-phx","tag-pl","tag-poland","tag-polish","tag-polska","tag-polski","tag-rozrywka","tag-screening_general","tag-styl_zycia","tag-stylizacje_gwiazd","tag-time_limited","tag-update_me","tag-v2021"],"share_on_mastodon":{"url":"https:\/\/pubeurope.com\/@pl\/116484578756026704","error":""},"_links":{"self":[{"href":"https:\/\/www.europesays.com\/pl\/wp-json\/wp\/v2\/posts\/396258","targetHints":{"allow":["GET"]}}],"collection":[{"href":"https:\/\/www.europesays.com\/pl\/wp-json\/wp\/v2\/posts"}],"about":[{"href":"https:\/\/www.europesays.com\/pl\/wp-json\/wp\/v2\/types\/post"}],"author":[{"embeddable":true,"href":"https:\/\/www.europesays.com\/pl\/wp-json\/wp\/v2\/users\/2"}],"replies":[{"embeddable":true,"href":"https:\/\/www.europesays.com\/pl\/wp-json\/wp\/v2\/comments?post=396258"}],"version-history":[{"count":0,"href":"https:\/\/www.europesays.com\/pl\/wp-json\/wp\/v2\/posts\/396258\/revisions"}],"wp:featuredmedia":[{"embeddable":true,"href":"https:\/\/www.europesays.com\/pl\/wp-json\/wp\/v2\/media\/396259"}],"wp:attachment":[{"href":"https:\/\/www.europesays.com\/pl\/wp-json\/wp\/v2\/media?parent=396258"}],"wp:term":[{"taxonomy":"category","embeddable":true,"href":"https:\/\/www.europesays.com\/pl\/wp-json\/wp\/v2\/categories?post=396258"},{"taxonomy":"post_tag","embeddable":true,"href":"https:\/\/www.europesays.com\/pl\/wp-json\/wp\/v2\/tags?post=396258"}],"curies":[{"name":"wp","href":"https:\/\/api.w.org\/{rel}","templated":true}]}}