{"id":396302,"date":"2026-04-28T22:29:12","date_gmt":"2026-04-28T22:29:12","guid":{"rendered":"https:\/\/www.europesays.com\/pl\/396302\/"},"modified":"2026-04-28T22:29:12","modified_gmt":"2026-04-28T22:29:12","slug":"historyczne-wystapienie-krola-karola-w-usa-pod-lupa-poczul-dyskomfort","status":"publish","type":"post","link":"https:\/\/www.europesays.com\/pl\/396302\/","title":{"rendered":"Historyczne wyst\u0105pienie kr\u00f3la Karola w USA pod lup\u0105. &#8222;Poczu\u0142 dyskomfort&#8221;"},"content":{"rendered":"<p class=\"Paragraph_desktopParagraph__U31Gm\">W niezwykle rzadkim i symbolicznym wyst\u0105pieniu przed ameryka\u0144skim Kongresem <a href=\"https:\/\/plejada.pl\/temat\/krol-karol-iii-krol-brytyjski\/mvvl70q\" id=\"275b1386-21ac-4168-bf7a-24814c1f82b3\" rel=\"nofollow noopener\" target=\"_blank\">kr\u00f3l Karol III<\/a> przypomnia\u0142 o &#8222;specjalnych relacjach&#8221; \u0142\u0105cz\u0105cych Wielk\u0105 Brytani\u0119 i Stany Zjednoczone. W swoim przem\u00f3wieniu, wyg\u0142oszonym z okazji rocznicy ameryka\u0144skiej niepodleg\u0142o\u015bci, monarcha m\u00f3wi\u0142 o &#8222;historii pojednania, odnowy i niezwyk\u0142ego partnerstwa&#8221;, kt\u00f3re narodzi\u0142o si\u0119 &#8222;z gorzkich podzia\u0142\u00f3w sprzed 250 lat&#8221;.<\/p>\n<blockquote>\n<p class=\"Paragraph_desktopParagraph__U31Gm\">Zanim rozpocz\u0119\u0142o si\u0119 wyst\u0105pienie kr\u00f3la, otrzyma\u0142 on bardzo silne oklaski. Owacja trwa\u0142a wiele minut. Ta silna forma przyj\u0119cia, ta ekspresja w wykonaniu ludzi z USA, spowodowa\u0142a, \u017ce cz\u0142owiek, kt\u00f3ry nigdy nie by\u0142 zbyt skromny i nie by\u0142 osob\u0119, kt\u00f3rej brakowa\u0142o oznak okazywania szacunku, poczu\u0142 si\u0119 zak\u0142opotany<\/p>\n<\/blockquote>\n<p class=\"Paragraph_desktopParagraph__U31Gm\">\u2014 analizuje Maurycy Seweryn.<\/p>\n<p>Historyczne wyst\u0105pienie kr\u00f3la Karola w USA pod lup\u0105. &#8222;Poczu\u0142 dyskomfort&#8221; <\/p>\n<p class=\"Paragraph_desktopParagraph__U31Gm\">Karol III nie kry\u0142, \u017ce jego obecno\u015b\u0107 w tym miejscu ma wymiar osobisty i historyczny. Wspomnia\u0142 swoj\u0105 matk\u0119, kr\u00f3low\u0105 El\u017cbiet\u0119 II, kt\u00f3ra <a href=\"https:\/\/plejada.pl\/newsy\/krol-karol-35-lat-po-elzbiecie-ii-w-kongresie-usa-wiecej-obaw-niz-wtedy\/fp9wfh0\" id=\"aceeedbc-b225-47b6-a145-d8050e9a8550\" rel=\"nofollow noopener\" target=\"_blank\">35 lat temu przemawia\u0142a w tej samej sali<\/a>, &#8222;pod czujnym okiem Statuy Wolno\u015bci&#8221;. &#8222;Jestem tu dzi\u015b, by wyrazi\u0107 najwy\u017cszy szacunek i przyja\u017a\u0144 narodu brytyjskiego wobec narodu ameryka\u0144skiego&#8221; \u2014 podkre\u015bli\u0142, przerywany wielokrotnymi owacjami na stoj\u0105co.<\/p>\n<p class=\"Paragraph_desktopParagraph__U31Gm\">Skala przyj\u0119cia okaza\u0142a si\u0119 dla kr\u00f3la zaskakuj\u0105ca. \u2014 Wida\u0107 to by\u0142o jego zachowaniu \u2014 masowaniu d\u0142oni\u0105 o d\u0142o\u0144, po dotykaniu r\u0119k\u0105 m\u00f3wnicy, co jest z jednej strony normalne dla cz\u0142owieka w jego wieku, a z drugiej \u2014 jest zachowaniem atawistycznym, kt\u00f3re daje mu poczucie bezpiecze\u0144stwa. Dotykanie nosa i ust, szczeg\u00f3lnie nosa, to oznaka lekkiego zak\u0142opotania. By\u0142 zaskoczony, \u017ce a\u017c tak d\u0142ugo i tak silnie b\u0119d\u0105 go wita\u0107 ludzie z pa\u0144stwa, kt\u00f3re jednak nie do ko\u0144ca ma relacje z Wielk\u0105 Brytani\u0105 na poziomie partnerskim. Zawsze to jednak by\u0142a kolonia \u2014 zaznacza ekspert od mowy cia\u0142a.<\/p>\n<p><img decoding=\"async\" class=\"Image_image__0tuHp Image_autoHeight__f2n87 \" height=\"587\" width=\"880\" src=\"https:\/\/www.europesays.com\/pl\/wp-content\/uploads\/2026\/04\/W1dk9kuTURBXy80MTA4MjFhMC0yNzMwLTQzZDUtYWZhMi05MmYyZDMxZjZjZWUuanBlZ5OVAwAAzRBczQrnlQLNA6wAwsOVAgDNA.jpeg\" alt=\"Kr\u00f3l Karol III\" loading=\"lazy\" \/>PAP\/EPA\/KYLIE COOPER \/ POOL<\/p>\n<p>Kr\u00f3l Karol III<\/p>\n<p class=\"Paragraph_desktopParagraph__U31Gm\">Wyst\u0105pienie Karola III odbywa si\u0119 w czasie, gdy transatlantycki sojusz prze\u017cywa kolejne napi\u0119cia \u2014 zw\u0142aszcza po ostatnich wypowiedziach <a href=\"https:\/\/plejada.pl\/temat\/donald-trump-prezydent-usa\/tfyb98s\" id=\"4502fa2f-6b0e-44d8-b728-909524cf8e05\" rel=\"nofollow noopener\" target=\"_blank\">Donalda Trumpa<\/a> pod adresem brytyjskiego premiera Keira Starmera, kt\u00f3ry odm\u00f3wi\u0142 udzia\u0142u w ameryka\u0144skich dzia\u0142aniach przeciwko Iranowi. Trump zarzuci\u0142 mu brak przyw\u00f3dztwa na miar\u0119 Winstona Churchilla.<\/p>\n<blockquote>\n<p class=\"Paragraph_desktopParagraph__U31Gm\">Nawet tak wytrawny m\u00f3wca, jakim jest kr\u00f3l, odczuwa\u0142 presj\u0119 wynikaj\u0105c\u0105 z tego, w jakiej roli, w jakim miejscu si\u0119 znajduje. Patrzy\u0142o na niego grono ludzi, kt\u00f3rzy te\u017c s\u0105 wytrawnymi m\u00f3wcami, s\u0105 wa\u017cnymi osobisto\u015bciami na \u015bwiecie, dlatego, wyst\u0119puj\u0105c publicznie, zdecydowa\u0142 si\u0119 na form\u0119, kt\u00f3ra jest bardziej dopasowana do tego, jak wyst\u0119puje si\u0119 w USA, a nie w Wielkiej Brytanii<\/p>\n<\/blockquote>\n<p class=\"Paragraph_desktopParagraph__U31Gm\">\u2014 To spowodowa\u0142o, \u017ce r\u00f3wnie\u017c on, osoba dostojna, pewna siebie, dobry m\u00f3wca, poczu\u0142 dyskomfort wynikaj\u0105cy ze stresu, kt\u00f3ry pojawi\u0142 si\u0119 u niego jako cz\u0142owieka. Ten stres by\u0142 widoczny w postaci ko\u0142ysania si\u0119 w przestrzeni od bioder a\u017c do st\u00f3p. Przenoszenie ci\u0119\u017caru cia\u0142a z palc\u00f3w na pi\u0119ty i odwrotnie, ale te\u017c pojawia\u0142o si\u0119 ko\u0142ysanie w kolanach. To wersja szcz\u0105tkowa silniejszego zachowania, kt\u00f3re nazywam &#8222;ugniataniem kapusty&#8221; \u2014 atawistyczne zachowanie sygnalizuj\u0105ce, \u017ce si\u0119 uspokajamy \u2014 s\u0142yszymy.<\/p>\n<blockquote>\n<p class=\"Paragraph_desktopParagraph__U31Gm\">W partii od bioder do czubka g\u0142owy zachowanie kr\u00f3la by\u0142o bardzo stabilne. Jedynym elementem, kt\u00f3ry pojawi\u0142 si\u0119 jako sygna\u0142 stresu, zak\u0142opotania, by\u0142o dotykanie, a p\u00f3\u017aniej masowanie kartki w momencie, kiedy za\u017cartowa\u0142. \u017barty w formie publicznej, nietypowe dla wyst\u0105pie\u0144 brytyjskich, spowodowa\u0142y zachowania uspokajania si\u0119 i stresu u najwa\u017cniejszego z Brytyjczyk\u00f3w<\/p>\n<\/blockquote>\n<p class=\"Paragraph_desktopParagraph__U31Gm\">Wyst\u0105pienie kr\u00f3la, utrzymane w tempie ok. 70-80 s\u0142\u00f3w na minut\u0119, nadawa\u0142o s\u0142owom powag\u0119 i pozwala\u0142o operowa\u0107 g\u0142osem w spos\u00f3b typowy dla najwy\u017cszych rang\u0105 przyw\u00f3dc\u00f3w. \u2014 W ten spos\u00f3b wp\u0142ywa\u0142 na publiczno\u015b\u0107, a ta dzi\u0119ki temu wiedzia\u0142a, kiedy bi\u0107 brawo, co zdarza\u0142o si\u0119 bardzo cz\u0119sto. Gestykulacja kr\u00f3la by\u0142a bardzo stonowana. Wykonywa\u0142 gesty pierwszego poziomu polegaj\u0105ce na ruchach oddaj\u0105cych lekk\u0105 ekspresj\u0119. Ruchy by\u0142y wykonywane jednocze\u015bnie przez lew\u0105 i praw\u0105 d\u0142o\u0144 mniej wi\u0119cej na wysoko\u015bci klatki piersiowej. To nietypowa forma gestykulacji, dlatego \u017ce Europejczycy gestykuluj\u0105 ni\u017cej. Kr\u00f3l musia\u0142 wybra\u0107 t\u0119 wysoko\u015b\u0107 ze wzgl\u0119du na wysok\u0105 m\u00f3wnic\u0119 \u2014 t\u0142umaczy Maurycy Seweryn.<\/p>\n<p class=\"Paragraph_desktopParagraph__U31Gm\">W Kongresie obecna by\u0142a r\u00f3wnie\u017c <a href=\"https:\/\/plejada.pl\/temat\/krolowa-kamila-camilla-parker-bowles\/41jbg5v?strona=4\" id=\"ef6e07b2-14b4-4257-bfea-88f5267b78ac\" rel=\"nofollow noopener\" target=\"_blank\">kr\u00f3lowa Kamila<\/a>, kt\u00f3ra zachowywa\u0142a si\u0119 zgodnie z brytyjskim protoko\u0142em. \u2014 Zaj\u0119\u0142a miejsce po lewicy jego m\u0119\u017ca. Do momentu a\u017c zacz\u0105\u0142 swoje wyst\u0105pienie, nie siada\u0142a, co by\u0142o wyrazem szacunku dla g\u0142owy pa\u0144stwa. Potem przyj\u0119\u0142a pozycj\u0119 eleganckiej, brytyjskiej formy \u2014 za\u0142o\u017cenie nogi za kostk\u0119, przy jednoczesnym u\u0142o\u017ceniu wygodnie st\u00f3p. Daje to te\u017c komfort do uk\u0142adania d\u0142oni na udach. To wykona\u0142a \u2014 gest spokoju i opanowania, czyli po\u0142o\u017cenie d\u0142oni na d\u0142o\u0144. Sylwetka by\u0142a spokojna, mimika opanowana. Dzi\u0119ki temu publiczno\u015b\u0107 mog\u0142a zwraca\u0107 uwag\u0119 na g\u0142\u00f3wnego go\u015bcia, czyli Jego Kr\u00f3lewsk\u0105 Mo\u015b\u0107 \u2014 podkre\u015bla ekspert.<\/p>\n<p><img decoding=\"async\" class=\"Image_image__0tuHp Image_autoHeight__f2n87 \" height=\"587\" width=\"880\" src=\"https:\/\/www.europesays.com\/pl\/wp-content\/uploads\/2026\/04\/8Nqk9kuTURBXy8xMWEwZmFmMS01ZmRhLTRjMWUtYTU3Yy03NjNmN2M2NDdhNzAuanBlZ5OVAwAAzRV8zQ5TlQLNA6wAwsOVAgDNA.jpeg\" alt=\"Przem\u00f3wienie kr\u00f3la Karola III w Kongresie USA\" loading=\"lazy\" \/>PAP\/EPA\/KYLIE COOPER \/ POOL<\/p>\n<p>Przem\u00f3wienie kr\u00f3la Karola III w Kongresie USA<\/p>\n<p><img decoding=\"async\" class=\"Image_image__0tuHp Image_autoHeight__f2n87 \" height=\"587\" width=\"880\" src=\"https:\/\/www.europesays.com\/pl\/wp-content\/uploads\/2026\/04\/-8wk9kuTURBXy8yZjQ1OTUwNi1jZWMxLTQ4ZWMtYjkxNC1jYzA5NDUzZGM0ZmIuanBlZ5OVAwAAzRUnzQ4blQLNA6wAwsOVAgDNA.jpeg\" alt=\"Kr\u00f3lowa Kamila\" loading=\"lazy\" \/>PAP\/EPA\/JIM LO SCALZO<\/p>\n<p>Kr\u00f3lowa Kamila<\/p>\n<p class=\"Paragraph_desktopParagraph__U31Gm\">Z kolei prezydent <a href=\"https:\/\/plejada.pl\/temat\/jd-vance-amerykanski-polityk-jd-vance\/kes7dw7\" id=\"24a83d44-b475-4bc1-98de-589e29d4c283\" rel=\"nofollow noopener\" target=\"_blank\">J.D. Vance<\/a>, reprezentuj\u0105cy Stany Zjednoczone, wygl\u0105da\u0142 w\u0142adczo i pewnie. \u2014 Zachowanie prezydenta Vance&#8217;a by\u0142o klasyczne, nawet w obecno\u015bci najwa\u017cniejszego z Brytyjczyk\u00f3w, w\u0142adcze. Bardzo cz\u0119sto po sygna\u0142ach niewerbalnych ze strony kr\u00f3la, \u017ce to jest ten moment, kiedy nale\u017cy bi\u0107 brawo, Vance wstawa\u0142 i to on nadawa\u0142 rytm, aby sala bi\u0142a brawa. To wyraz szacunku dla go\u015bcia \u2014 m\u00f3wi Maurycy Seweryn.<\/p>\n<p class=\"Paragraph_desktopParagraph__U31Gm\">\u2014 Jednak spos\u00f3b siedzenia, kt\u00f3ry przyj\u0105\u0142 \u2014 z r\u0119kami na oparciach, z tzw. mi\u0119kkim brzuszkiem, czyli u\u0142o\u017ceniem, kt\u00f3re \u015bwiadczy o komforcie, ale i w\u0142adczo\u015bci, z lekko uniesion\u0105 g\u0142ow\u0105, silnym kontaktem wzrokowym, tzw. p\u00f3\u0142otwartym u\u015bmiechem, to wszystko komponowa\u0142o si\u0119 w u\u0142o\u017cenie, kt\u00f3re \u015bwiadczy o bardzo du\u017cej pewno\u015bci siebie. O pozycji, kt\u00f3r\u0105 zajmuje w tej sali prezydent USA, kt\u00f3rego reprezentuje jego zast\u0119pca, w\u0142a\u015bnie on. Dodatkowym elementem, kt\u00f3ry wspiera\u0142 to w\u0142adcze zachowanie, by\u0142o u\u0142o\u017cenie sali bardzo silnie proksemiczne nadaj\u0105ce charakter osobie siedz\u0105cej wy\u017cej, w tym przypadku nad kr\u00f3lem. Ta sala ma uk\u0142ad jak sale s\u0105dowe, gdzie najwa\u017cniejsza osoba siedzi wy\u017cej \u2014 podsumowuje nasz rozm\u00f3wca.<\/p>\n<p><img decoding=\"async\" class=\"Image_image__0tuHp Image_autoHeight__f2n87 \" height=\"587\" width=\"880\" src=\"https:\/\/www.europesays.com\/pl\/wp-content\/uploads\/2026\/04\/cxvk9kuTURBXy80MzU2YTQ4Yy01ZjBmLTQ5NzktYjdiYy05MTNmMzhiYWQ5ZDYuanBlZ5OVAwAAzRM3zQzPlQLNA6wAwsOVAgDNA.jpeg\" alt=\"Kr\u00f3l Karol III, J.D. Vance, Mike Johnson\" loading=\"lazy\" \/>PAP\/EPA\/KYLIE COOPER \/ POOL<\/p>\n<p>Kr\u00f3l Karol III, J.D. Vance, Mike Johnson<\/p>\n<p><img decoding=\"async\" class=\"Image_image__0tuHp Image_autoHeight__f2n87 \" height=\"587\" width=\"880\" src=\"https:\/\/www.europesays.com\/pl\/wp-content\/uploads\/2026\/04\/hg4k9kuTURBXy85ZTQyOTkwOS05NWI5LTRkYzktYjFlNy01OGZmM2NhZjRmMTcuanBlZ5OVAwAAzR4XzRQPlQLNA6wAwsOVAgDNA.jpeg\" alt=\"Kr\u00f3l Karol III, J.D. Vance, Mike Johnson\" loading=\"lazy\" \/>PAP\/EPA\/JIM LO SCALZO<\/p>\n<p>Kr\u00f3l Karol III, J.D. Vance, Mike Johnson<\/p>\n<p class=\"Paragraph_desktopParagraph__U31Gm\">Dzi\u0119kujemy, \u017ce przeczyta\u0142a\u015b\/e\u015b nasz artyku\u0142 do ko\u0144ca. W serwisie Plejada.pl ka\u017cdego dnia piszemy o najwa\u017cniejszych wydarzeniach show-biznesowych. B\u0105d\u017a na bie\u017c\u0105co!<a rel=\"nofollow noopener\" href=\"https:\/\/profile.google.com\/cp\/Cg0vZy8xMWJ6X19wdHBx\" id=\"ba230799-8a58-4ea4-8999-7e579c7d096a\" target=\"_blank\"> Obserwuj<\/a> Plejad\u0119 w Google. Odwied\u017a nas tak\u017ce na<a rel=\"nofollow noopener\" href=\"https:\/\/www.facebook.com\/plejadapl\" id=\"1da8bf0c-d7de-411e-8300-52aa7fd5a147\" target=\"_blank\"> Facebooku<\/a>,<a rel=\"nofollow noopener\" href=\"https:\/\/www.instagram.com\/plejadapl\/\" id=\"2371e331-4f58-4e4f-a091-2a32b300c4cb\" target=\"_blank\"> Instagramie<\/a>,<a rel=\"nofollow noopener\" href=\"https:\/\/www.youtube.com\/c\/plejada\" id=\"a4dd425a-dabe-4916-8d0d-1ca1bc7147f2\" target=\"_blank\"> YouTubie<\/a> oraz<a rel=\"nofollow noopener\" href=\"https:\/\/www.tiktok.com\/@plejada_pl\" id=\"3ff45484-3667-4a29-9de1-838dba04d586\" target=\"_blank\"> TikToku<\/a>.<\/p>\n<p class=\"Paragraph_desktopParagraph__U31Gm\">Chcesz podzieli\u0107 si\u0119 ciekawym newsem lub zaproponowa\u0107 temat? Skontaktuj si\u0119 z nami, pisz\u0105c maila na adres: <a href=\"https:\/\/www.onet.pl\/styl-zycia\/plejada\/historyczne-wystapienie-krola-karola-w-usa-pod-lupa-poczul-dyskomfort\/mailto:plejada@redakcjaonet.pl\" id=\"806dcf3a-af09-4e1c-a0e3-d02f7f248aab\" rel=\"nofollow noopener\" target=\"_blank\">plejada@redakcjaonet.pl<\/a>.<\/p>\n<p><script async src=\"\/\/www.instagram.com\/embed.js\"><\/script><script async src=\"\/\/www.tiktok.com\/embed.js\"><\/script><\/p>\n","protected":false},"excerpt":{"rendered":"W niezwykle rzadkim i symbolicznym wyst\u0105pieniu przed ameryka\u0144skim Kongresem kr\u00f3l Karol III przypomnia\u0142 o &#8222;specjalnych relacjach&#8221; \u0142\u0105cz\u0105cych Wielk\u0105&hellip;\n","protected":false},"author":2,"featured_media":396303,"comment_status":"","ping_status":"","sticky":false,"template":"","format":"standard","meta":{"footnotes":"","_share_on_mastodon":"0"},"categories":[14],"tags":[64580,32,33,470,27,67,6969,266,261,34,35,2738,28,31,53,25,52,68,51,55,40,41,459,47,80,29,30,341,338,50,26,82,83,84],"class_list":["post-396302","post","type-post","status-publish","format-standard","has-post-thumbnail","category-swiat","tag-benefit_tst1","tag-breaking-news","tag-breakingnews","tag-educate_me","tag-headlines","tag-intextvideo_splayer","tag-jd_vance_amerykanski_polityk_jd_vance","tag-krol_karol_iii_krol_brytyjski","tag-kultura","tag-latest-news","tag-latestnews","tag-mowa_ciala","tag-naglowki","tag-najwazniejsze-artykuly","tag-new_header","tag-news","tag-onet3","tag-onet3d","tag-onet3d_2i","tag-phx","tag-polish","tag-polski","tag-rodziny_krolewskie_rody_royalsi","tag-screening_general","tag-swiat","tag-top-stories","tag-topstories","tag-tylko_w_onecie","tag-tylko_w_plejadzie","tag-v2021","tag-wiadomosci","tag-world","tag-world-news","tag-worldnews"],"share_on_mastodon":{"url":"","error":"Validation failed: Text character limit of 500 exceeded"},"_links":{"self":[{"href":"https:\/\/www.europesays.com\/pl\/wp-json\/wp\/v2\/posts\/396302","targetHints":{"allow":["GET"]}}],"collection":[{"href":"https:\/\/www.europesays.com\/pl\/wp-json\/wp\/v2\/posts"}],"about":[{"href":"https:\/\/www.europesays.com\/pl\/wp-json\/wp\/v2\/types\/post"}],"author":[{"embeddable":true,"href":"https:\/\/www.europesays.com\/pl\/wp-json\/wp\/v2\/users\/2"}],"replies":[{"embeddable":true,"href":"https:\/\/www.europesays.com\/pl\/wp-json\/wp\/v2\/comments?post=396302"}],"version-history":[{"count":0,"href":"https:\/\/www.europesays.com\/pl\/wp-json\/wp\/v2\/posts\/396302\/revisions"}],"wp:featuredmedia":[{"embeddable":true,"href":"https:\/\/www.europesays.com\/pl\/wp-json\/wp\/v2\/media\/396303"}],"wp:attachment":[{"href":"https:\/\/www.europesays.com\/pl\/wp-json\/wp\/v2\/media?parent=396302"}],"wp:term":[{"taxonomy":"category","embeddable":true,"href":"https:\/\/www.europesays.com\/pl\/wp-json\/wp\/v2\/categories?post=396302"},{"taxonomy":"post_tag","embeddable":true,"href":"https:\/\/www.europesays.com\/pl\/wp-json\/wp\/v2\/tags?post=396302"}],"curies":[{"name":"wp","href":"https:\/\/api.w.org\/{rel}","templated":true}]}}