{"id":396314,"date":"2026-04-28T22:42:12","date_gmt":"2026-04-28T22:42:12","guid":{"rendered":"https:\/\/www.europesays.com\/pl\/396314\/"},"modified":"2026-04-28T22:42:12","modified_gmt":"2026-04-28T22:42:12","slug":"bocianowo-przetarg-na-budowe-trasy-tramwajowej","status":"publish","type":"post","link":"https:\/\/www.europesays.com\/pl\/396314\/","title":{"rendered":"[Bocianowo] Przetarg na budow\u0119 trasy tramwajowej"},"content":{"rendered":"<p>\n\t\t\tTory tramwajowe na\u00a0Londynku<\/p>\n<p>Wzd\u0142u\u017c ulicy Chocimskiej, \u015awieckiej i\u00a0Nowo\u015bwieckiej (tak\u00a0wst\u0119pnie nazwano odcinek drogi mi\u0119dzy ulic\u0105 Rycersk\u0105, a\u00a0\u015awieck\u0105) zaplanowano dwutorow\u0105 tras\u0119 tramwajow\u0105. Rozpoczyna\u0107 si\u0119 b\u0119dzie na\u00a0przebudowanej p\u0119tli Rycerska i\u00a0ko\u0144czy\u0107 na\u00a0skrzy\u017cowaniu Gda\u0144skiej z\u00a0Chocimsk\u0105. Powstanie r\u00f3wnie\u017c jezdnia, parkingi przy ulicy \u015awieckiej oraz\u00a0dwukierunkowa droga dla rower\u00f3w. Na\u00a0skrzy\u017cowaniu ulicy Chocimskiej, Pomorskiej i\u00a0\u015awieckiej zaplanowano monta\u017c sygnalizacji \u015bwietlnej.<\/p>\n<p>W\u00a0planach jest przebudowa p\u0119tli poprzez budow\u0119 po\u0142\u0105czenia p\u0119tli z\u00a0nowym torowiskiem oraz\u00a0budow\u0119 nowego peronu na\u00a0p\u0119tli. Powstan\u0105 te\u017c przystanki tramwajowe, ale\u00a0to\u00a0wykonawca dokumentacji zaproponuje ich lokalizacj\u0119. Mo\u017ce skorzysta\u0107 z\u00a0nieaktualnej koncepcji, mo\u017ce te\u017c zaproponowa\u0107 lepsz\u0105 lokalizacj\u0119. W\u00a0koncepcji para przystank\u00f3w mia\u0142a powsta\u0107 kilkadziesi\u0105t metr\u00f3w od\u00a0ulicy Rycersiej, na\u00a0ulicy \u015awieckiej oraz\u00a0pomi\u0119dzy Pomorsk\u0105 i\u00a0Ko\u015bciuszki. Przy projektowaniu nowej trasy tramwajowej na\u00a0skrzy\u017cowaniu Gda\u0144skiej, Chocimskiej oraz\u00a0Chodkiewicza nale\u017cy zapewni\u0107 po\u0142\u0105czenie Chocimska \u2013 Chodkiewicza, Chocimska \u2013 Gda\u0144ska (kier. Las Gda\u0144ski).<\/p>\n<p>Aby zrealizowa\u0107 now\u0105 tras\u0119 tramwajow\u0105 b\u0119d\u0105 konieczne wyburzenia. Zniknie du\u017cy budynek o\u00a0nieznanym mi\u00a0przeznaczeniu przy ulicy \u015awieckiej oraz\u00a0jeden budynek o\u00a0konstrukcji szachulcowej wchodz\u0105cy w\u00a0sk\u0142ad Londynka. Ten na\u00a0Londynku wed\u0142ug wst\u0119pnych zapowiedzi powinien zosta\u0107 rozebrany i\u00a0zbudowany w\u00a0innym miejscu, w\u00a0dokumentacji projektowej nie\u00a0wspomina si\u0119 o\u00a0tym lub nie\u00a0znalaz\u0142em o\u00a0tym wzmianki. W\u00a0koncepcji inwestycji planowano te\u017c wyburzy\u0107 parterowy budynek o\u00a0konstrukcji szachulcowej przy ulicy Rycerskiej. W\u00a0dokumentacji przetargowej za\u0142\u0105czone rysunki sugeruj\u0105 omini\u0119cie tego budynku i\u00a0brak konieczno\u015bci wyburzenia. Spo\u0142ecznikom uda\u0142o si\u0119 r\u00f3wnie\u017c wywalczy\u0107 brak wyburze\u0144 na\u00a0skrzy\u017cowaniu ulicy Gda\u0144skiej, Chodkiewicza i\u00a0Chocimskiej, a\u00a0pierwotnie planowano wyburzy\u0107 dwie zabytkowe kamienice. Miejski Konserwator Zabytk\u00f3w dopuszcza wykonanie podcieni w\u00a0cz\u0119\u015bci parteru kamienicy przy Gda\u0144skiej 113 pod\u00a0warunkiem pozostawienia wykusza stanowi\u0105cego element wystroju i\u00a0formy architektonicznej i\u00a0uzyskaniu zgody w\u0142a\u015bciciela budynku.<\/p>\n","protected":false},"excerpt":{"rendered":"Tory tramwajowe na\u00a0Londynku Wzd\u0142u\u017c ulicy Chocimskiej, \u015awieckiej i\u00a0Nowo\u015bwieckiej (tak\u00a0wst\u0119pnie nazwano odcinek drogi mi\u0119dzy ulic\u0105 Rycersk\u0105, a\u00a0\u015awieck\u0105) zaplanowano dwutorow\u0105&hellip;\n","protected":false},"author":2,"featured_media":396315,"comment_status":"","ping_status":"","sticky":false,"template":"","format":"standard","meta":{"footnotes":"","_share_on_mastodon":"0"},"categories":[51613],"tags":[11255,72278,59523,7132,72279,72280,72281,18671,59232,59529,72282,70225,42,38,40,39,41,70233,70234,4511,57319,72283,4514,70237],"class_list":["post-396314","post","type-post","status-publish","format-standard","has-post-thumbnail","category-bydgoszcz","tag-11255","tag-bocianowo","tag-budowa-bydgoszcz-2026","tag-bydgoszcz","tag-bydgoszcz-glowna","tag-chocimska","tag-dworcowa","tag-dworzec-kolejowy","tag-gdanska","tag-inwestycje-bydgoszcz-2026","tag-linia-tramwajowa","tag-londynek","tag-pl","tag-poland","tag-polish","tag-polska","tag-polski","tag-rycerska","tag-swiecka","tag-tramwaj","tag-trasa-tramwajowa","tag-unii-lubelskiej","tag-warszawska","tag-zygmunta-augusta"],"share_on_mastodon":{"url":"https:\/\/pubeurope.com\/@pl\/116484750921078500","error":""},"_links":{"self":[{"href":"https:\/\/www.europesays.com\/pl\/wp-json\/wp\/v2\/posts\/396314","targetHints":{"allow":["GET"]}}],"collection":[{"href":"https:\/\/www.europesays.com\/pl\/wp-json\/wp\/v2\/posts"}],"about":[{"href":"https:\/\/www.europesays.com\/pl\/wp-json\/wp\/v2\/types\/post"}],"author":[{"embeddable":true,"href":"https:\/\/www.europesays.com\/pl\/wp-json\/wp\/v2\/users\/2"}],"replies":[{"embeddable":true,"href":"https:\/\/www.europesays.com\/pl\/wp-json\/wp\/v2\/comments?post=396314"}],"version-history":[{"count":0,"href":"https:\/\/www.europesays.com\/pl\/wp-json\/wp\/v2\/posts\/396314\/revisions"}],"wp:featuredmedia":[{"embeddable":true,"href":"https:\/\/www.europesays.com\/pl\/wp-json\/wp\/v2\/media\/396315"}],"wp:attachment":[{"href":"https:\/\/www.europesays.com\/pl\/wp-json\/wp\/v2\/media?parent=396314"}],"wp:term":[{"taxonomy":"category","embeddable":true,"href":"https:\/\/www.europesays.com\/pl\/wp-json\/wp\/v2\/categories?post=396314"},{"taxonomy":"post_tag","embeddable":true,"href":"https:\/\/www.europesays.com\/pl\/wp-json\/wp\/v2\/tags?post=396314"}],"curies":[{"name":"wp","href":"https:\/\/api.w.org\/{rel}","templated":true}]}}