{"id":396408,"date":"2026-04-28T23:48:10","date_gmt":"2026-04-28T23:48:10","guid":{"rendered":"https:\/\/www.europesays.com\/pl\/396408\/"},"modified":"2026-04-28T23:48:10","modified_gmt":"2026-04-28T23:48:10","slug":"nato-3-0-niemcy-pierwsi-w-wyscigu-do-waszyngtonu-polska-traci-swoja-szanse","status":"publish","type":"post","link":"https:\/\/www.europesays.com\/pl\/396408\/","title":{"rendered":"NATO 3.0. Niemcy pierwsi w wy\u015bcigu do Waszyngtonu. Polska traci swoj\u0105 szans\u0119"},"content":{"rendered":"<p>Co musisz wiedzie\u0107:<\/p>\n<p>Artyku\u0142 opisuje tez\u0119 o zmianie uk\u0142adu si\u0142 w NATO, w kt\u00f3rej Niemcy \u2013 m.in. dzi\u0119ki dzia\u0142aniom rz\u0105du i strategii wojskowej \u2013 maj\u0105 przejmowa\u0107 rol\u0119 g\u0142\u00f3wnego partnera USA w Europie kosztem innych pa\u0144stw, w tym Polski.<br \/>\nKluczowym w\u0105tkiem jest polityka zagraniczna i bezpiecze\u0144stwa \u2013 tekst wskazuje na dzia\u0142ania Niemiec (rozbudowa Bundeswehry, wsp\u00f3\u0142praca z USA) oraz r\u00f3wnoleg\u0142e dzia\u0142ania Francji i Polski jako element rywalizacji o wp\u0142ywy w relacjach transatlantyckich.<br \/>\nAutor stawia tez\u0119, \u017ce decyzje i komunikacja polskiego rz\u0105du mog\u0105 os\u0142abia\u0107 pozycj\u0119 Polski w relacjach z USA, co w jego ocenie prowadzi do utraty szansy na wzmocnienie roli kraju w NATO i Europie.<\/p>\n<p>\u00a0<\/p>\n<p>Dwa wpisy<\/p>\n<p>Warto zwr\u00f3ci\u0107 uwag\u0119 na dwa wpisy na X z tego samego dnia, 25 kwietnia. Jeden polskiego polityka, drugi urz\u0119dnika z USA. Ale oba o tym samym: Niemcy staj\u0105 si\u0119 priorytetowym sojusznikiem Waszyngtonu w Europie. Kto\u015b mo\u017ce powiedzie\u0107, \u017ce przecie\u017c Trump ich nie lubi i cz\u0119sto krytykuje. C\u00f3\u017c, retoryka prezydenta to jedno, konkretne dzia\u0142ania Berlina, tradycyjnie ogromna si\u0142a niemieckiego lobby w USA (zw\u0142aszcza Departamencie Stanu i Pentagonie) i dekady zbudowanego zaufania do sojusznika w ameryka\u0144skich kr\u0119gach \u2013 drugie.\u00a0<\/p>\n<p><a href=\"https:\/\/x.com\/T_Szatkowski\/status\/2047800077155013000\" rel=\"nofollow\">Co zauwa\u017cy\u0142 Tomasz Szatkowski<\/a>:<\/p>\n<p>\u201eGotowo\u015b\u0107 do rozmowy i znalezienia wsp\u00f3lnej p\u0142aszczyzny z rozs\u0105dnymi si\u0142ami w Europie jest dzisiaj zaskakuj\u0105co wi\u0119ksza ni\u017c pewnie rok temu. Jest wi\u0119cej pokory i ch\u0119ci wyj\u015bcia z konstruktywn\u0105 ofert\u0105. Niestety Polska nie wydaje si\u0119 by\u0107 beneficjentem tego trendu. Dzisiejszy wywiad Donalda Tuska w FT to tylko jeden z mocno odnotowywanych element\u00f3w tego zjawiska. Tymczasem, w Departamencie Wojny, dzi\u0119ki pragmatycznej polityce Merza, miejsce modelowego sojusznika zajmuj\u0105 ju\u017c Niemcy.\u201d\u00a0<\/p>\n<p>I co potwierdza wpis wiceszefa Pentagonu.<\/p>\n<p>\u201ePo latach rozbrojenia Berlin mobilizuje si\u0119. Ministerstwo wojny ju\u017c blisko wsp\u00f3\u0142pracuje z europejskimi sojusznikami, zw\u0142aszcza z Niemcami, by przyspieszy\u0107 to przekszta\u0142cenie w NATO 3.0\u201d &#8211; <a href=\"https:\/\/x.com\/USWPColby\/status\/2047815125181014526\" rel=\"nofollow\">napisa\u0142 Elbridge Colby<\/a>. \u201eNowa strategia wojskowa Berlina pokazuje wyra\u017an\u0105 \u015bcie\u017ck\u0119 naprz\u00f3d i liczymy na blisk\u0105 wsp\u00f3\u0142prac\u0119 z Niemcami nad jej implementacj\u0105\u201d &#8211; kontynuowa\u0142 wiceszef Pentagonu.<\/p>\n<p>\u00a0<\/p>\n<p>Niemiecka oferta dla Waszyngtonu<\/p>\n<p>W Berlinie wiedz\u0105, jak przekona\u0107 do siebie administracj\u0119 <a href=\"https:\/\/pl.wikipedia.org\/wiki\/Donald_Trump\" rel=\"nofollow noopener\" target=\"_blank\">Trumpa<\/a>. W przedstawionej trzy dni przed tymi wpisami Colby\u2019ego <a href=\"https:\/\/www.pism.pl\/publikacje\/nowa-strategia-wojskowa-niemiec\" rel=\"nofollow noopener\" target=\"_blank\">pierwszej w historii strategii wojskowej Bundeswehry<\/a> napisano, \u017ce Niemcy musz\u0105 \u201esta\u0107 si\u0119 jeszcze silniejszym sojusznikiem wojskowym Stan\u00f3w Zjednoczonych, jednocze\u015bnie wsp\u00f3\u0142pracuj\u0105c z innymi sojusznikami, aby wzi\u0105\u0107 na siebie wi\u0119ksz\u0105 odpowiedzialno\u015b\u0107 za wsp\u00f3lne bezpiecze\u0144stwo euroatlantyckie\u201d. \u201eZdolno\u015b\u0107 projekcji krajowej i europejskiej wzmocni\u0142aby odstraszanie i obron\u0119 zbiorow\u0105, zmniejszy\u0142aby obci\u0105\u017cenie Stan\u00f3w Zjednoczonych i zwi\u0119kszy\u0142a zdolno\u015b\u0107 Europy do podejmowania dzia\u0142a\u0144\u201d &#8211; g\u0142osi strategia. Czyli dok\u0142adnie to, na czym zale\u017cy \u2013 takim jak Colby \u2013 zwolennikom skupienia si\u0119 USA na Azji i Pacyfiku (Chiny!) przy zmniejszeniu zaanga\u017cowania w Europie.<\/p>\n<p>Niemcy oferuj\u0105, \u017ce zast\u0105pi\u0105 Amerykan\u00f3w w roli lidera NATO na Starym Kontynencie. Jak pisze we wst\u0119pie do wspomnianej strategii genera\u0142 <a href=\"https:\/\/en.wikipedia.org\/wiki\/Carsten_Breuer\" rel=\"nofollow noopener\" target=\"_blank\">Carsten Breuer<\/a>:<\/p>\n<p>\u00a0\u201eStrategia wojskowa odzwierciedla ide\u0119, wed\u0142ug kt\u00f3rej jako najwi\u0119ksza gospodarka w Europie (&#8230;) Niemcy musz\u0105 obj\u0105\u0107 wiod\u0105c\u0105 rol\u0119 w NATO i zrobi\u0105 to, r\u00f3wnie\u017c na szczeblu wojskowym (&#8230;)\u201d.<\/p>\n<p>Aby tak si\u0119 sta\u0142o, musz\u0105 posiada\u0107 odpowiednio pot\u0119\u017cne si\u0142y zbrojne. Wspomniana strategia wojskowa zak\u0142ada rozw\u00f3j i zwi\u0119kszenie liczebno\u015bci Bundeswehry do co najmniej 460 tys. \u017co\u0142nierzy w ci\u0105gu 16 lat. I to ma by\u0107 najsilniejsza konwencjonalna armia w Europie nie tylko pod wzgl\u0119dem liczebno\u015bci, ale i uzbrojenia. W tym kontek\u015bcie zwraca uwag\u0119 informacja z 18 kwietnia, \u017ce Departament Stanu USA zatwierdzi\u0142 potencjaln\u0105 sprzeda\u017c Niemcom zintegrowanego systemu zarz\u0105dzania walk\u0105 (ICS) do fregat F127 za 11,9 mld dolar\u00f3w. To ju\u017c kolejna sprzeda\u017c uzbrojenia dla niemieckich okr\u0119t\u00f3w. W ubieg\u0142ym roku zgod\u0119 wydano na zakup przez Berlin ponad 600 pocisk\u00f3w obrony powietrznej SM-6 i SM-2.<\/p>\n<p>\u00a0<\/p>\n<p>Pragmatyczny Merz, us\u0142u\u017cny Tusk<\/p>\n<p>Zreszt\u0105 stosunek Trumpa do Niemiec nie jest ju\u017c tak krytyczny, jak podczas pierwszej kadencji. Gdy niedawno portal Politico napisa\u0142, \u017ce w Bia\u0142ym Domu powsta\u0142a lista \u201egrzecznych i niegrzecznych\u201d kraj\u00f3w NATO, Niemcy znalaz\u0142y si\u0119 w tej pierwszej grupie. Okazuje si\u0119, \u017ce w przeciwie\u0144stwie do Hiszpanii, Francji, Wielkiej Brytanii czy W\u0142och, Trump nie zaliczy\u0142 Berlina do grupy wiaro\u0142omnych sojusznik\u00f3w sabotuj\u0105cych jego wysi\u0142ki w Zatoce Perskiej. Zreszt\u0105, jeszcze w grudniu ub.r. szef Pentagonu <a href=\"https:\/\/pl.wikipedia.org\/wiki\/Pete_Hegseth\" rel=\"nofollow noopener\" target=\"_blank\">Pete Hegseth<\/a> m\u00f3wi\u0142, \u017ce \u201emodelowi sojusznicy, kt\u00f3rzy si\u0119 mobilizuj\u0105, tacy jak Izrael, Korea Po\u0142udniowa, Polska, w coraz wi\u0119kszym stopniu Niemcy, kraje ba\u0142tyckie i inne b\u0119d\u0105 cieszy\u0142y si\u0119 naszymi specjalnymi wzgl\u0119dami\u201d. Tak, r\u00f3wnie\u017c Niemcy.\u00a0<\/p>\n<p><a href=\"https:\/\/pl.wikipedia.org\/wiki\/Friedrich_Merz\" rel=\"nofollow noopener\" target=\"_blank\">Merz<\/a> dzia\u0142a bardzo pragmatycznie w swej polityce wobec Trumpa \u2013 sam za mocno nie uderza, wypuszcza harcownik\u00f3w. Zar\u00f3wno w sprawie NATO (<a href=\"https:\/\/pl.wikipedia.org\/wiki\/Donald_Tusk\" rel=\"nofollow noopener\" target=\"_blank\">Tusk<\/a>), jak i wojny z Iranem (<a href=\"https:\/\/pl.wikipedia.org\/wiki\/Emmanuel_Macron\" rel=\"nofollow noopener\" target=\"_blank\">Macron<\/a>, <a href=\"https:\/\/pl.wikipedia.org\/wiki\/Pedro_S%C3%A1nchez\" rel=\"nofollow noopener\" target=\"_blank\">Sanchez<\/a>). Gdy za\u015b okaza\u0142o si\u0119, \u017ce USA wcale starcia z ajatollahami nie przegrywaj\u0105, wr\u0119cz przeciwnie, kanclerz Niemiec szybko zapisa\u0142 si\u0119 do obozu zwyci\u0119zc\u00f3w. Powiedzia\u0142, \u017ce jego kraj jest gotowy wnie\u015b\u0107 wk\u0142ad w misj\u0119 zapewniaj\u0105c\u0105 swobod\u0119 \u017ceglugi w cie\u015bninie Ormuz. Doda\u0142, \u017ce po\u017c\u0105dany by\u0142by w niej tak\u017ce udzia\u0142 Stan\u00f3w Zjednoczonych. Ciekawe, \u017ce zwykle krytyczna wobec USA prasa niemiecka tutaj \u2013 przynajmniej w cz\u0119\u015bci \u2013 zmieni\u0142a ton. Cho\u0107by \u201eFrankfurter Allgemeine Zeitung\u201d, kt\u00f3ry wzywa do jak najszybszego wys\u0142ania okr\u0119t\u00f3w do Zatoki niezale\u017cnie od stanowiska Bundestagu.<\/p>\n<p>\u00a0<\/p>\n<p>Polska traci swoj\u0105 szans\u0119<\/p>\n<p>Wida\u0107 wi\u0119c jasno, \u017ce Niemcy chc\u0105 przej\u0105\u0107 kuratel\u0119 bezpiecze\u0144stwa nad Europ\u0105, niejako scedowan\u0105 na nich przez USA. Ale co z konkurentami? C\u00f3\u017c, Francja wyra\u017anie ju\u017c d\u0105\u017cy do swoistej autonomii w ramach euroatlantyckiego uk\u0142adu (Macron p\u00f3jdzie drog\u0105 de Gaulle\u2019a?). Wielka Brytania jest s\u0142aba. A Polska? Mog\u0142oby si\u0119 wydawa\u0107, \u017ce tak dobrej okazji do zdobycia statusu europejskiego mocarstwa i kluczowego sojusznika USA na kontynencie jeszcze nie by\u0142o. Jeszcze jaki\u015b czas temu m\u00f3wili\u015bmy o rywalizacji z Rumuni\u0105, dzi\u015b rywalem s\u0105 Niemcy. Zreszt\u0105 w sferze gospodarczej te\u017c ju\u017c w pewnym momencie deptali\u015bmy po pi\u0119tach s\u0105siadowi zza Odry. Dzi\u015b wida\u0107, jak wa\u017cny dla Berlina by\u0142 wynik wybor\u00f3w w Polsce w 2023 roku. Gdy otwiera si\u0119 mo\u017cliwo\u015b\u0107 uzyskania pozycji, jakiej jeszcze nie mieli\u015bmy w relacjach z USA (co automatycznie przek\u0142ada si\u0119 na status w samej Europie, w NATO, w UE i generalnie, nawet globalnie) dzi\u0119ki tarciom mi\u0119dzy Trumpem a \u201estar\u0105 Europ\u0105\u201d i dyskusjom o zobowi\u0105zaniach sojuszniczych, premier rz\u0105du RP w czo\u0142owym \u015bwiatowym tytule prasowym atakuje Ameryk\u0119 i, po\u015brednio, samo NATO. Chwil\u0119 wcze\u015bniej do Gda\u0144ska przylatuje Emmanuel Macron i rozmawia tylko z Donaldem Tuskiem. Co te\u017c punkt\u00f3w w oczach Amerykan\u00f3w obecnie Polsce nie przysparza.<\/p>\n<p>W momencie, gdy Niemcy zyskuj\u0105 zaufanie administracji Trumpa my \u2013 na w\u0142asne (tzn. rz\u0105du) \u017cyczenie \u2013 rezygnujemy z wy\u015bcigu z Berlinem. Oddajemy walkowerem starcie, kt\u00f3re mo\u017ce decydowa\u0107 o kszta\u0142cie Europy nawet na kilka dekad. Tym bardziej tego szkoda, \u017ce odpad\u0142o nam w\u0142a\u015bnie dwoje konkurent\u00f3w w staraniach o uprzywilejowane relacje z administracj\u0105 Trumpa: <a href=\"https:\/\/pl.wikipedia.org\/wiki\/Viktor_Orb%C3%A1n\" rel=\"nofollow noopener\" target=\"_blank\">Viktor Orban<\/a> i <a href=\"https:\/\/pl.wikipedia.org\/wiki\/Giorgia_Meloni\" rel=\"nofollow noopener\" target=\"_blank\">Giorgia Meloni<\/a>. Okno mo\u017cliwo\u015bci by\u0142o dopiero co jeszcze szeroko otwarte. Szkoda, \u017ce Niemcy zamykaj\u0105 je \u2013 i to polskimi r\u0119kami.<\/p>\n<p>\u00a0<\/p>\n<p>Co to oznacza dla Polski<\/p>\n<p>Ryzyko marginalizacji w relacjach z USA.\u00a0Je\u015bli Niemcy faktycznie umocni\u0105 swoj\u0105 pozycj\u0119 jako g\u0142\u00f3wny partner Waszyngtonu w Europie, Polska mo\u017ce straci\u0107 cz\u0119\u015b\u0107 swojej dotychczasowej roli kluczowego sojusznika na wschodniej flance NATO, zw\u0142aszcza w obszarze politycznym i strategicznym.<br \/>\nZmiana uk\u0142adu si\u0142 w Europie i dominacja Niemiec.\u00a0Wzmocnienie Niemiec jako lidera bezpiecze\u0144stwa w Europie mo\u017ce oznacza\u0107 przesuni\u0119cie ci\u0119\u017caru decyzyjnego z Europy \u015arodkowo-Wschodniej na Zach\u00f3d, co potencjalnie ograniczy wp\u0142yw Polski na kszta\u0142t polityki obronnej i bezpiecze\u0144stwa regionu.<br \/>\nPresja na redefinicj\u0119 polityki zagranicznej.\u00a0Polska mo\u017ce by\u0107 zmuszona do bardziej aktywnego zabiegania o relacje z USA oraz budowania w\u0142asnych koalicji regionalnych (np. w ramach NATO lub inicjatyw regionalnych), aby utrzyma\u0107 swoj\u0105 pozycj\u0119 i znaczenie w nowym uk\u0142adzie geopolitycznym.<\/p>\n","protected":false},"excerpt":{"rendered":"Co musisz wiedzie\u0107: Artyku\u0142 opisuje tez\u0119 o zmianie uk\u0142adu si\u0142 w NATO, w kt\u00f3rej Niemcy \u2013 m.in. dzi\u0119ki&hellip;\n","protected":false},"author":2,"featured_media":396409,"comment_status":"","ping_status":"","sticky":false,"template":"","format":"standard","meta":{"footnotes":"","_share_on_mastodon":"0"},"categories":[12],"tags":[210,113,61546,190,291,399,5567,49,261,102,42,38,40,907,39,41,7870,80,17258,26,1092],"class_list":["post-396408","post","type-post","status-publish","format-standard","has-post-thumbnail","category-polska","tag-aktualnosci","tag-biznes","tag-blogi","tag-gospodarka","tag-historia","tag-informacje","tag-komentarze","tag-kraj","tag-kultura","tag-opinie","tag-pl","tag-poland","tag-polish","tag-polityka","tag-polska","tag-polski","tag-solidarnosc","tag-swiat","tag-tygodnik","tag-wiadomosci","tag-wydarzenia"],"share_on_mastodon":{"url":"https:\/\/pubeurope.com\/@pl\/116485010589428610","error":""},"_links":{"self":[{"href":"https:\/\/www.europesays.com\/pl\/wp-json\/wp\/v2\/posts\/396408","targetHints":{"allow":["GET"]}}],"collection":[{"href":"https:\/\/www.europesays.com\/pl\/wp-json\/wp\/v2\/posts"}],"about":[{"href":"https:\/\/www.europesays.com\/pl\/wp-json\/wp\/v2\/types\/post"}],"author":[{"embeddable":true,"href":"https:\/\/www.europesays.com\/pl\/wp-json\/wp\/v2\/users\/2"}],"replies":[{"embeddable":true,"href":"https:\/\/www.europesays.com\/pl\/wp-json\/wp\/v2\/comments?post=396408"}],"version-history":[{"count":0,"href":"https:\/\/www.europesays.com\/pl\/wp-json\/wp\/v2\/posts\/396408\/revisions"}],"wp:featuredmedia":[{"embeddable":true,"href":"https:\/\/www.europesays.com\/pl\/wp-json\/wp\/v2\/media\/396409"}],"wp:attachment":[{"href":"https:\/\/www.europesays.com\/pl\/wp-json\/wp\/v2\/media?parent=396408"}],"wp:term":[{"taxonomy":"category","embeddable":true,"href":"https:\/\/www.europesays.com\/pl\/wp-json\/wp\/v2\/categories?post=396408"},{"taxonomy":"post_tag","embeddable":true,"href":"https:\/\/www.europesays.com\/pl\/wp-json\/wp\/v2\/tags?post=396408"}],"curies":[{"name":"wp","href":"https:\/\/api.w.org\/{rel}","templated":true}]}}