{"id":396754,"date":"2026-04-29T04:29:23","date_gmt":"2026-04-29T04:29:23","guid":{"rendered":"https:\/\/www.europesays.com\/pl\/396754\/"},"modified":"2026-04-29T04:29:23","modified_gmt":"2026-04-29T04:29:23","slug":"gdynia-chce-wiecej-mieszkan-na-wynajem-ma-w-tym-pomoc-nowy-program","status":"publish","type":"post","link":"https:\/\/www.europesays.com\/pl\/396754\/","title":{"rendered":"Gdynia chce wi\u0119cej mieszka\u0144 na wynajem. Ma w tym pom\u00f3c nowy program"},"content":{"rendered":"<p>            <a href=\"https:\/\/s-trojmiasto.pl\/zdj\/c\/n\/9\/4307\/1400x0\/4307361-Gdynia-wezmie-udzial-w-programie-wprowadzajacym-SAN-na-terenie-samorzadu.webp\" target=\"_blank\" data-slide-name=\"833292\" data-lightbox-target=\"photo full\" data-sub-html=\"&lt;h4&gt;Gdynia we\u017amie udzia\u0142 w programie wprowadzaj\u0105cym SAN na terenie samorz\u0105du.&lt;\/h4&gt;&lt;p&gt;fot. gdynia.pl&lt;\/p&gt;&#010;\" class=\"photoMarker__link\" data-filter-brightness=\"brightness--100\" rel=\"nofollow noopener\"><\/p>\n<p>    <img decoding=\"async\" style=\"height:582px; aspect-ratio: 1.28676\/1; filter:brightness(1);\" alt=\"Gdynia we\u017amie udzia\u0142 w programie wprowadzaj\u0105cym SAN na terenie samorz\u0105du.\" src=\"https:\/\/www.europesays.com\/pl\/wp-content\/uploads\/2026\/04\/4307361-Gdynia-wezmie-udzial-w-programie-wprowadzajacym-SAN-na-terenie-samorzadu.webp\" class=\"photoMarker__img \" data-slider=\"img\" fetchpriority=\"high\"\/><\/p>\n<p>            <\/a><\/p>\n<p class=\"lead\">Gdynia do\u0142\u0105cza do programu, kt\u00f3ry ma pom\u00f3c zwi\u0119kszy\u0107 dost\u0119pno\u015b\u0107 mieszka\u0144 na wynajem w\u00a0mie\u015bcie. Chodzi o\u00a0wsparcie dla samorz\u0105d\u00f3w we wdra\u017caniu tzw. Spo\u0142ecznych Agencji Najmu &#8211; rozwi\u0105zania, kt\u00f3re ma u\u0142atwi\u0107 \u017cycie osobom, kt\u00f3re nie \u0142api\u0105 si\u0119 na mieszkania komunalne, ale nie sta\u0107 ich te\u017c na drogi najem na rynku.<\/p>\n<p>Wsparcie dla samorz\u0105d\u00f3w<\/p>\n<p>                                to bardzo potrzebne rozwi\u0105zanie<br \/>\n                                33%<\/p>\n<p>                                to krok w dobrym kierunku, ale mam pewne w\u0105tpliwo\u015bci<br \/>\n                                19%<\/p>\n<p>                                nie jestem przekonan(a)y do takiej formy wsparcia mieszkaniowego<br \/>\n                                23%<\/p>\n<p>                                uwa\u017cam, \u017ce miasto powinno szuka\u0107 innych rozwi\u0105za\u0144<br \/>\n                                25%<\/p>\n<p>Projekt &#8222;O\u015brodek Rozwoju Najmu Spo\u0142ecznego&#8221;, w\u00a0kt\u00f3rym <a href=\"https:\/\/www.trojmiasto.pl\/dom\/Miasto-Gdy-i1598.html\" class=\"parse-link\" title=\"Miasto Gdy\" rel=\"nofollow noopener\" target=\"_blank\">miasto Gdynia<\/a> bierze udzia\u0142 to inicjatywa, w\u00a0ramach kt\u00f3rej samorz\u0105dy dostaj\u0105 konkretne wsparcie, czyli analizy rynku mieszkaniowego, doradztwo prawne i\u00a0podatkowe, a\u00a0tak\u017ce pomoc w\u00a0przygotowaniu planu wdro\u017cenia nowych rozwi\u0105za\u0144.<\/p>\n<p>Jak podkre\u015blaj\u0105 przedstawiciele miasta, chodzi nie tylko o\u00a0jedno narz\u0119dzie, ale o\u00a0szersze spojrzenie na polityk\u0119 mieszkaniow\u0105 &#8211; bardziej elastyczn\u0105 i\u00a0dopasowan\u0105 do realnych potrzeb mieszka\u0144c\u00f3w.<\/p>\n<p>&#8211; Obecno\u015b\u0107 naszego miasta w\u00a0tym programie pokazuje, \u017ce chcemy aktywnie uczestniczy\u0107 w\u00a0tworzeniu nowoczesnych modeli wsparcia mieszkaniowego i\u00a0korzysta\u0107 z\u00a0najlepszych dost\u0119pnych do\u015bwiadcze\u0144 &#8211; t\u0142umaczy Tomasz Augustyniak, wiceprezydent Gdyni.<\/p>\n<p>Zmiany dla mieszka\u0144c\u00f3w<\/p>\n<p>Najwa\u017cniejsza kwestia, kt\u00f3ra wp\u0142ynie na mieszka\u0144c\u00f3w Gdyni, to wi\u0119cej dost\u0119pnych mieszka\u0144 na wynajem w\u00a0rozs\u0105dnych cenach.<\/p>\n<p>Program daje miastu narz\u0119dzia, aby:<\/p>\n<p>lepiej wykorzysta\u0107 istniej\u0105ce mieszkania,wsp\u00f3\u0142pracowa\u0107 z\u00a0prywatnymi w\u0142a\u015bcicielami,ograniczy\u0107 tzw. &#8222;luk\u0119 czynszow\u0105&#8221; (czyli sytuacj\u0119, gdy kto\u015b zarabia za du\u017co na lokal komunalny, ale za ma\u0142o na wynajem rynkowy).<br \/>Czym s\u0105 Spo\u0142eczne Agencje Najmu?<\/p>\n<p>Spo\u0142eczne Agencje Najmu to rozwi\u0105zanie, kt\u00f3re dzia\u0142a jak po\u015brednik mi\u0119dzy w\u0142a\u015bcicielami mieszka\u0144 a\u00a0osobami szukaj\u0105cymi lokum, ale maj\u0105cymi trudno\u015bci z\u00a0wynajmem na rynku. <\/p>\n<p>W praktyce w\u0142a\u015bciciel oddaje mieszkanie agencji na stabilnych, bezpiecznych warunkach, a\u00a0ta wynajmuje je dalej osobom o\u00a0ni\u017cszych lub \u015brednich dochodach &#8211; zazwyczaj po stawkach ni\u017cszych ni\u017c rynkowe. Dzi\u0119ki temu:<br \/>w\u0142a\u015bciciel ma pewno\u015b\u0107 regularnych wp\u0142yw\u00f3w,najemca p\u0142aci mniej,miasto zwi\u0119ksza liczb\u0119 dost\u0119pnych mieszka\u0144 bez konieczno\u015bci budowy nowych blok\u00f3w.<\/p>\n","protected":false},"excerpt":{"rendered":"Gdynia do\u0142\u0105cza do programu, kt\u00f3ry ma pom\u00f3c zwi\u0119kszy\u0107 dost\u0119pno\u015b\u0107 mieszka\u0144 na wynajem w\u00a0mie\u015bcie. Chodzi o\u00a0wsparcie dla samorz\u0105d\u00f3w we&hellip;\n","protected":false},"author":2,"featured_media":396755,"comment_status":"","ping_status":"","sticky":false,"template":"","format":"standard","meta":{"footnotes":"","_share_on_mastodon":"0"},"categories":[51610],"tags":[12011,15374,1048,1064,1066,8736,23256,7216,42,38,40,39,41,8803,10834,1136,8414,1063,72345,46512,5697,4364,10666],"class_list":["post-396754","post","type-post","status-publish","format-standard","has-post-thumbnail","category-gdansk","tag-agencja","tag-dostepnosc","tag-gdansk","tag-gdynia","tag-miasto","tag-mieszkanie","tag-najem","tag-osoba","tag-pl","tag-poland","tag-polish","tag-polska","tag-polski","tag-program","tag-rozwiazanie","tag-rynek","tag-samorzad","tag-sopot","tag-spoleczna-agencja-najmu","tag-wdrozenie","tag-wsparcie","tag-wynajem","tag-zycie"],"share_on_mastodon":{"url":"https:\/\/pubeurope.com\/@pl\/116486115892792163","error":""},"_links":{"self":[{"href":"https:\/\/www.europesays.com\/pl\/wp-json\/wp\/v2\/posts\/396754","targetHints":{"allow":["GET"]}}],"collection":[{"href":"https:\/\/www.europesays.com\/pl\/wp-json\/wp\/v2\/posts"}],"about":[{"href":"https:\/\/www.europesays.com\/pl\/wp-json\/wp\/v2\/types\/post"}],"author":[{"embeddable":true,"href":"https:\/\/www.europesays.com\/pl\/wp-json\/wp\/v2\/users\/2"}],"replies":[{"embeddable":true,"href":"https:\/\/www.europesays.com\/pl\/wp-json\/wp\/v2\/comments?post=396754"}],"version-history":[{"count":0,"href":"https:\/\/www.europesays.com\/pl\/wp-json\/wp\/v2\/posts\/396754\/revisions"}],"wp:featuredmedia":[{"embeddable":true,"href":"https:\/\/www.europesays.com\/pl\/wp-json\/wp\/v2\/media\/396755"}],"wp:attachment":[{"href":"https:\/\/www.europesays.com\/pl\/wp-json\/wp\/v2\/media?parent=396754"}],"wp:term":[{"taxonomy":"category","embeddable":true,"href":"https:\/\/www.europesays.com\/pl\/wp-json\/wp\/v2\/categories?post=396754"},{"taxonomy":"post_tag","embeddable":true,"href":"https:\/\/www.europesays.com\/pl\/wp-json\/wp\/v2\/tags?post=396754"}],"curies":[{"name":"wp","href":"https:\/\/api.w.org\/{rel}","templated":true}]}}