{"id":396858,"date":"2026-04-29T05:47:09","date_gmt":"2026-04-29T05:47:09","guid":{"rendered":"https:\/\/www.europesays.com\/pl\/396858\/"},"modified":"2026-04-29T05:47:09","modified_gmt":"2026-04-29T05:47:09","slug":"w-pis-nie-widac-efektu-czarnka-jedna-partia-najwiekszym-przegranym-sondazu","status":"publish","type":"post","link":"https:\/\/www.europesays.com\/pl\/396858\/","title":{"rendered":"W PiS nie wida\u0107 \u201eefektu Czarnka\u201d. Jedna partia najwi\u0119kszym przegranym sonda\u017cu"},"content":{"rendered":"<p>Jakie ugrupowanie jest obecnie na prowadzeniu w sonda\u017cu partyjnym.<\/p>\n<p>Czy poparcie dla Prawa i Sprawiedliwo\u015bci spad\u0142o w ci\u0105gu ostatniego miesi\u0105ca.<\/p>\n<p>Kt\u00f3re partie polityczne odnotowa\u0142y najwi\u0119kszy wzrost i spadek poparcia.<\/p>\n<p>Jakie partie wesz\u0142yby do Sejmu, gdyby wybory parlamentarne odby\u0142y si\u0119 w najbli\u017csz\u0105 niedziel\u0119.<\/p>\n<p>    <a name=\"eztoc38965515_0_5\" id=\"eztoc38965515_0_5\"\/>Sonda\u017c partyjny. KO na prowadzeniu, PiS zostaje w tyle<\/p>\n<p>Gdyby wybory parlamentarne odby\u0142y si\u0119 dzisiaj, do Sejmu wesz\u0142oby pi\u0119\u0107 ugrupowa\u0144. Na<br \/>\n<a href=\"https:\/\/wiadomosci.radiozet.pl\/tag\/kategoria\/koalicja-obywatelska\" target=\"_self\" rel=\"dofollow noopener\">Koalicj\u0119 Obywatelsk\u0105<\/a> zag\u0142osowa\u0142oby 32 proc. uczestnik\u00f3w sonda\u017cu przeprowadzonego przez IBRiS na zlecenie \u201eRzeczpospolitej\u201d. W zesz\u0142ym miesi\u0105cu taki zamiar deklarowa\u0142o o 0,4 pkt proc. wi\u0119cej respondent\u00f3w.<\/p>\n<p>Na drugim miejscu uplasowa\u0142oby si\u0119\u00a0<br \/>\n<a href=\"https:\/\/wiadomosci.radiozet.pl\/tag\/kategoria\/prawo-i-sprawiedliwosc\" target=\"_self\" rel=\"dofollow noopener\">Prawo i Sprawiedliwo\u015b\u0107<\/a>, na kt\u00f3re zag\u0142osowa\u0142oby 23,2 proc. badanych. To spadek o 1,3 pkt proc. Na podium znalaz\u0142aby si\u0119 tak\u017ce<br \/>\n<a href=\"https:\/\/wiadomosci.radiozet.pl\/tag\/kategoria\/konfederacja\" target=\"_self\" rel=\"dofollow noopener\">Konfederacja<\/a> z poparciem 12 proc. (spadek o 1,4 pkt proc.). Do Sejmu wesz\u0142aby jeszcze<br \/>\n<a href=\"https:\/\/wiadomosci.radiozet.pl\/tag\/kategoria\/lewica\" target=\"_self\" rel=\"dofollow noopener\">Lewica<\/a>\u00a0&#8211; 8,7 proc. (wzrost o 1 pkt proc.) oraz Konfederacja Korony Polskiej &#8211; 7,9 proc. (o 0,4 pkt proc. wi\u0119cej ni\u017c pod koniec marca).<\/p>\n<p>\t\t\t\t                                    \t<a name=\"eztoc38965515_0_6\" id=\"eztoc38965515_0_6\"\/>Najwi\u0119kszy wygrany i przegrany sonda\u017cu<\/p>\n<p>Najwi\u0119kszy skok poparcia odnotowa\u0142a<br \/>\n<a href=\"https:\/\/wiadomosci.radiozet.pl\/tag\/kategoria\/partia-razem\" target=\"_self\" rel=\"dofollow noopener\">partia Razem<\/a> &#8211; z 2,9 proc. w marcu do 4 proc. Z kolei &#8211; jak czytamy w \u201eRzeczpospolitej\u201d &#8211;<br \/>\n<a href=\"https:\/\/wiadomosci.radiozet.pl\/tag\/kategoria\/polska-2050\" target=\"_self\" rel=\"dofollow noopener\">Polska 2050<\/a> wr\u0119cz niknie w oczach. Jej zwolennik\u00f3w uby\u0142o z 1,8 proc. do 0,5 proc.<\/p>\n<p>Badanie przeprowadzono na grupie 1068 respondent\u00f3w.<\/p>\n<p>\u0179r\u00f3d\u0142o: Radio ZET\/PAP<\/p>\n<p>By\u0142e\u015b \u015bwiadkiem czego\u015b niespodziewanego? Masz temat, kt\u00f3rym powinni\u015bmy si\u0119 zaj\u0105\u0107?<\/p>\n<p>Zg\u0142o\u015b spraw\u0119 przez <a href=\"https:\/\/wiadomosci.radiozet.pl\/czerwony-telefon\" target=\"_blank\" title=\"Czerwony telefon Radia Zet\" rel=\"nofollow noopener\">Czerwony telefon Radia ZET<\/a><\/p>\n","protected":false},"excerpt":{"rendered":"Jakie ugrupowanie jest obecnie na prowadzeniu w sonda\u017cu partyjnym. Czy poparcie dla Prawa i Sprawiedliwo\u015bci spad\u0142o w ci\u0105gu&hellip;\n","protected":false},"author":2,"featured_media":396859,"comment_status":"","ping_status":"","sticky":false,"template":"","format":"standard","meta":{"footnotes":"","_share_on_mastodon":"0"},"categories":[62713],"tags":[1345,8526,2464,1006,4463,9814,529,331,2462,7797,2410,366],"class_list":["post-396858","post","type-post","status-publish","format-standard","has-post-thumbnail","category-donald-tusk","tag-donald-tusk","tag-jaroslaw-kaczynski","tag-koalicja-obywatelska","tag-konfederacja","tag-lewica","tag-partia-razem","tag-pis","tag-polska-2050","tag-polska-polityka","tag-prawo-i-sprawiedliwosc","tag-rzeczpospolita","tag-sondaz"],"share_on_mastodon":{"url":"https:\/\/pubeurope.com\/@pl\/116486422433383596","error":""},"_links":{"self":[{"href":"https:\/\/www.europesays.com\/pl\/wp-json\/wp\/v2\/posts\/396858","targetHints":{"allow":["GET"]}}],"collection":[{"href":"https:\/\/www.europesays.com\/pl\/wp-json\/wp\/v2\/posts"}],"about":[{"href":"https:\/\/www.europesays.com\/pl\/wp-json\/wp\/v2\/types\/post"}],"author":[{"embeddable":true,"href":"https:\/\/www.europesays.com\/pl\/wp-json\/wp\/v2\/users\/2"}],"replies":[{"embeddable":true,"href":"https:\/\/www.europesays.com\/pl\/wp-json\/wp\/v2\/comments?post=396858"}],"version-history":[{"count":0,"href":"https:\/\/www.europesays.com\/pl\/wp-json\/wp\/v2\/posts\/396858\/revisions"}],"wp:featuredmedia":[{"embeddable":true,"href":"https:\/\/www.europesays.com\/pl\/wp-json\/wp\/v2\/media\/396859"}],"wp:attachment":[{"href":"https:\/\/www.europesays.com\/pl\/wp-json\/wp\/v2\/media?parent=396858"}],"wp:term":[{"taxonomy":"category","embeddable":true,"href":"https:\/\/www.europesays.com\/pl\/wp-json\/wp\/v2\/categories?post=396858"},{"taxonomy":"post_tag","embeddable":true,"href":"https:\/\/www.europesays.com\/pl\/wp-json\/wp\/v2\/tags?post=396858"}],"curies":[{"name":"wp","href":"https:\/\/api.w.org\/{rel}","templated":true}]}}