{"id":396901,"date":"2026-04-29T06:17:08","date_gmt":"2026-04-29T06:17:08","guid":{"rendered":"https:\/\/www.europesays.com\/pl\/396901\/"},"modified":"2026-04-29T06:17:08","modified_gmt":"2026-04-29T06:17:08","slug":"karol-nawrocki-ulaskawil-weronike-krawczyk-jaka-jest-prawda-ujawnili-wyrok-sadu","status":"publish","type":"post","link":"https:\/\/www.europesays.com\/pl\/396901\/","title":{"rendered":"Karol Nawrocki u\u0142askawi\u0142 Weronik\u0119 Krawczyk. Jaka jest prawda? Ujawnili wyrok s\u0105du"},"content":{"rendered":"\n<p>Dlaczego o tym piszemy?<\/p>\n<p>Kancelaria Prezydenta poinformowa\u0142a w po\u0142owie kwietnia, \u017ce Karol Nawrocki u\u0142askawi\u0142 Weronik\u0119 Krawczyk \u2014 kobiet\u0119 skazan\u0105 za wpisy umieszczane w mediach spo\u0142eczno\u015bciowych o lekarzu, kt\u00f3ry rzekomo proponowa\u0142 jej wykonanie aborcji. Jak podaje &#8222;Rzeczpospolita&#8221;, zosta\u0142a skazana na kar\u0119 czterech miesi\u0119cy ograniczenia wolno\u015bci z obowi\u0105zkiem wykonywania nieodp\u0142atnej, kontrolowanej pracy na cel spo\u0142eczny w wymiarze 20 godzin miesi\u0119cznie oraz na pokrycie koszt\u00f3w pe\u0142nomocnika lekarza \u2014 1 812 z\u0142. W apelacji wyrok zosta\u0142 podtrzymany. Kobieta odm\u00f3wi\u0142a wykonania kary.<\/p>\n<p>  W uzasadnieniu decyzji o u\u0142askawieniu Kancelaria poinformowa\u0142a, \u017ce prezydent wzi\u0105\u0142 pod uwag\u0119 incydentalny charakter czynu, ustabilizowany tryb \u017cycia oraz sytuacj\u0119 rodzinn\u0105 kobiety \u2014 wychowuje troje dzieci. Spraw\u0105 Weroniki Krawczyk zainteresowa\u0142y si\u0119 <a href=\"https:\/\/www.onet.pl\/styl-zycia\/kobietaxl\/kosciol-a-aborcja-rozne-stanowiska-na-przestrzeni-wiekow\/6wym843,30bc1058\" id=\"1a892062-0a8a-417c-a4ed-8b1441f28d9d\" rel=\"nofollow noopener\" target=\"_blank\">\u015brodowiska katolickie i antyaborcyjne<\/a>, kt\u00f3re zaapelowa\u0142y do prezydenta o zastosowanie wobec niej prawa \u0142aski.       <\/p>\n<p>Co twierdzi Weronika Krawczyk?<\/p>\n<p>Kobieta opowiada\u0142a mediom, \u017ce lekarz po badaniu USG mia\u0142 zaproponowa\u0107 jej aborcj\u0119. Ponadto mia\u0142 si\u0119 do niej zwr\u00f3ci\u0107 s\u0142owami &#8222;po co ci down w domu?&#8221;. Dziecko urodzi\u0142o si\u0119 zdrowe.<\/p>\n<p>Jakie jest uzasadnienie s\u0105du?<\/p>\n<p>&#8222;Rzeczpospolita&#8221; pozna\u0142a uzasadnienie wyroku wydanego przez S\u0105d Rejonowy w Starogardzie Gda\u0144skim. Mia\u0142 zosta\u0107 og\u0142oszony publicznie na stronie internetowej fundacji Kai Godek, kt\u00f3ra organizowa\u0142a pikiety w trakcie ka\u017cdej rozprawy, oraz na Facebooku.<\/p>\n<p>Wed\u0142ug uzasadnienia lekarz nie namawia\u0142 kobiety wielokrotnie do przeprowadzenia aborcji. S\u0105d orzek\u0142, \u017ce nie sta\u0142o si\u0119 to w 14., 15. tygodniu ci\u0105\u017cy, poniewa\u017c lekarz nie widzia\u0142 si\u0119 wtedy z oskar\u017con\u0105. Weronika Krawczyk w trakcie rozprawy tego nie zakwestionowa\u0142a. Co wi\u0119cej, z dokumentacji lekarskiej wynika, \u017ce na wizycie u lekarza, kt\u00f3rego pomawia\u0142a, by\u0142a tylko raz. S\u0105d uzna\u0142, \u017ce lekarz nie namawia\u0142 kobiety do aborcji, lecz informowa\u0142 o takiej, legalnej w\u00f3wczas, mo\u017cliwo\u015bci i zaleca\u0142 pog\u0142\u0119bione badania.<\/p>\n<p>Kobieta w trakcie rozprawy zaprzeczy\u0142a te\u017c, \u017ce dosta\u0142a od lekarza adres kliniki aborcyjnej, cho\u0107 twierdzi\u0142a tak we wpisach internetowych. Podsumowuj\u0105c, s\u0105d uzna\u0142, \u017ce kobieta nie potrafi obroni\u0107 tre\u015bci wpis\u00f3w. Zabrak\u0142o na nie dowod\u00f3w.<\/p>\n<p>Zobacz:<\/p>\n","protected":false},"excerpt":{"rendered":"Dlaczego o tym piszemy? Kancelaria Prezydenta poinformowa\u0142a w po\u0142owie kwietnia, \u017ce Karol Nawrocki u\u0142askawi\u0142 Weronik\u0119 Krawczyk \u2014 kobiet\u0119&hellip;\n","protected":false},"author":2,"featured_media":396902,"comment_status":"","ping_status":"","sticky":false,"template":"","format":"standard","meta":{"footnotes":"","_share_on_mastodon":"0"},"categories":[62712],"tags":[4434,61195,690,43,49,48,46,412,47,8623,70],"class_list":["post-396901","post","type-post","status-publish","format-standard","has-post-thumbnail","category-karol-nawrocki","tag-aborcja","tag-bottomfeed_styl","tag-karol-nawrocki","tag-karol_nawrocki","tag-kraj","tag-nat_styl","tag-omp","tag-prawo_sady_prawnicy","tag-screening_general","tag-ulaskawienie","tag-w_skrocie"],"share_on_mastodon":{"url":"https:\/\/pubeurope.com\/@pl\/116486539974888745","error":""},"_links":{"self":[{"href":"https:\/\/www.europesays.com\/pl\/wp-json\/wp\/v2\/posts\/396901","targetHints":{"allow":["GET"]}}],"collection":[{"href":"https:\/\/www.europesays.com\/pl\/wp-json\/wp\/v2\/posts"}],"about":[{"href":"https:\/\/www.europesays.com\/pl\/wp-json\/wp\/v2\/types\/post"}],"author":[{"embeddable":true,"href":"https:\/\/www.europesays.com\/pl\/wp-json\/wp\/v2\/users\/2"}],"replies":[{"embeddable":true,"href":"https:\/\/www.europesays.com\/pl\/wp-json\/wp\/v2\/comments?post=396901"}],"version-history":[{"count":0,"href":"https:\/\/www.europesays.com\/pl\/wp-json\/wp\/v2\/posts\/396901\/revisions"}],"wp:featuredmedia":[{"embeddable":true,"href":"https:\/\/www.europesays.com\/pl\/wp-json\/wp\/v2\/media\/396902"}],"wp:attachment":[{"href":"https:\/\/www.europesays.com\/pl\/wp-json\/wp\/v2\/media?parent=396901"}],"wp:term":[{"taxonomy":"category","embeddable":true,"href":"https:\/\/www.europesays.com\/pl\/wp-json\/wp\/v2\/categories?post=396901"},{"taxonomy":"post_tag","embeddable":true,"href":"https:\/\/www.europesays.com\/pl\/wp-json\/wp\/v2\/tags?post=396901"}],"curies":[{"name":"wp","href":"https:\/\/api.w.org\/{rel}","templated":true}]}}