{"id":397343,"date":"2026-04-29T10:52:10","date_gmt":"2026-04-29T10:52:10","guid":{"rendered":"https:\/\/www.europesays.com\/pl\/397343\/"},"modified":"2026-04-29T10:52:10","modified_gmt":"2026-04-29T10:52:10","slug":"zachowanie-krola-karola-przy-donaldzie-trumpie-nietypowy-element-dla-glowy-panstwa","status":"publish","type":"post","link":"https:\/\/www.europesays.com\/pl\/397343\/","title":{"rendered":"Zachowanie kr\u00f3la Karola przy Donaldzie Trumpie. &#8222;Nietypowy element dla g\u0142owy pa\u0144stwa&#8221;"},"content":{"rendered":"<p class=\"Paragraph_desktopParagraph__U31Gm\">Bia\u0142y Dom, przekszta\u0142cony tego wieczoru w pa\u0142ac na miar\u0119 brytyjskiej monarchii, sta\u0142 si\u0119 miejscem spotkania tradycji, dyplomacji i wyrafinowanego stylu \u2014 wszystko po to, by celebrowa\u0107 250 lat ameryka\u0144skiej niepodleg\u0142o\u015bci i sojusz, kt\u00f3ry od wiek\u00f3w kszta\u0142tuje losy Zachodu. Eleganccy <a href=\"https:\/\/plejada.pl\/temat\/donald-trump-prezydent-usa\/tfyb98s\" id=\"19f21639-0c79-4836-83ae-dad5dcc975f3\" rel=\"nofollow noopener\" target=\"_blank\">Donald Trump<\/a> i jego \u017cona, Melania, powitali swoich go\u015bci przed Bia\u0142ym Domem. Prezydent USA <a href=\"https:\/\/plejada.pl\/newsy\/uroczysta-kolacja-w-bialym-domu-donald-trump-pozazdroscil-krolowi-karolowi-iii\/vt5jqnb\" id=\"b8086644-6920-4538-8da8-3ec951a66ad5\" rel=\"nofollow noopener\" target=\"_blank\">zdoby\u0142 si\u0119 w\u00f3wczas na \u017cart<\/a>, nawi\u0105zuj\u0105c do przem\u00f3wienia kr\u00f3la Karola III w Kongresie. \u2014 Mia\u0142 bardzo dobr\u0105 przemow\u0119. By\u0142em bardzo zazdrosny \u2014 powiedzia\u0142, u\u015bmiechaj\u0105c si\u0119.<\/p>\n<blockquote>\n<p class=\"Paragraph_desktopParagraph__U31Gm\">Cz\u0119\u015b\u0107 oficjalna by\u0142a elementem protoko\u0142u dyplomatycznego, w zwi\u0105zku z czym nie ma tutaj jakich\u015b specjalnych odst\u0119pstw od normy. Obie pary sta\u0142y w szeregu, gospodarz by\u0142 pierwszym, kt\u00f3ry wprowadza\u0142, kr\u00f3l z kr\u00f3low\u0105 byli drudzy, doszli do Trump\u00f3w. Wszystko by\u0142o ustalone wcze\u015bniej<\/p>\n<\/blockquote>\n<p class=\"Paragraph_desktopParagraph__U31Gm\">\u2014 m\u00f3wi Maurycy Seweryn, analizuj\u0105c zachowanie monarchy, prezydenta i ich ma\u0142\u017conek.<\/p>\n<p>Zachowanie kr\u00f3la Karola przy Donaldzie Trumpie. &#8222;Nietypowy element dla g\u0142owy pa\u0144stwa&#8221; <\/p>\n<p class=\"Paragraph_desktopParagraph__U31Gm\"><a href=\"https:\/\/plejada.pl\/temat\/melania-trump-pierwsza-dama\/pzfjq7m\" id=\"86ac3988-24ef-4625-97b6-8f98be77a860\" rel=\"nofollow noopener\" target=\"_blank\">Melania Trump<\/a> postawi\u0142a na jasnor\u00f3\u017cow\u0105, jedwabn\u0105 sukni\u0119 bez rami\u0105czek od Christian Dior Haute Couture, zestawion\u0105 z bia\u0142ymi zamszowymi r\u0119kawiczkami i jedwabnymi pantoflami. <a href=\"https:\/\/plejada.pl\/temat\/krolowa-kamila-camilla-parker-bowles\/41jbg5v\" id=\"a4a06859-3b0b-4816-a314-45928e41928d\" rel=\"nofollow noopener\" target=\"_blank\">Kr\u00f3lowa Kamila<\/a> wybra\u0142a g\u0142\u0119boko r\u00f3\u017cow\u0105 kreacj\u0119 projektu Fiony Clare, kt\u00f3r\u0105 uzupe\u0142ni\u0142a naszyjnikiem z ametystami i diamentami \u2014 historyczn\u0105 bi\u017cuteri\u0105, niegdy\u015b nale\u017c\u0105c\u0105 do kr\u00f3lowej Wiktorii. <a href=\"https:\/\/plejada.pl\/temat\/krol-karol-iii-krol-brytyjski\/mvvl70q\" id=\"632cafe1-e0af-4f2b-960b-435212fa47f6\" rel=\"nofollow noopener\" target=\"_blank\">Kr\u00f3l Karol III<\/a> i prezydent Trump wyst\u0105pili w klasycznych czarnych smokingach, a monarcha dodatkowo ozdobi\u0142 str\u00f3j niebiesk\u0105 szarf\u0105 i odznaczeniami.<\/p>\n<p class=\"Paragraph_desktopParagraph__U31Gm\">\u2014 Elementem, kt\u00f3ry pojawi\u0142 si\u0119 u kr\u00f3la, by\u0142o poprawianie garderoby lew\u0105 r\u0119k\u0105. To jest sygna\u0142 zak\u0142opotania \u2014 cz\u0119sto wyst\u0119puje te\u017c u dzieci, ale to element, kt\u00f3ry pojawia si\u0119 te\u017c cz\u0119sto u os\u00f3b publicznych, kiedy chc\u0105 elegancko wygl\u0105da\u0107. Chc\u0105 odda\u0107 szacunek dla publiczno\u015bci \u2014 zauwa\u017ca ekspert od mowy cia\u0142a.<\/p>\n<p><img decoding=\"async\" class=\"Image_image__0tuHp Image_autoHeight__f2n87 \" height=\"587\" width=\"864\" src=\"https:\/\/www.europesays.com\/pl\/wp-content\/uploads\/2026\/04\/jgqk9kuTURBXy9lYjExZDYxMi1lZjU1LTQwZTItOGRmOS03YzBhNmMzYzhhZTguanBlZ5KVAs0DrADCw5UCAM0CS8LD3gADoTABo.jpeg\" alt=\"Kr\u00f3lowa Kamila, kr\u00f3l Karol III, Donald Trump, Melania Trump\" loading=\"lazy\" \/>PAP\/EPA\/CRAIG HUDSON \/ POOL<\/p>\n<p>Kr\u00f3lowa Kamila, kr\u00f3l Karol III, Donald Trump, Melania Trump<\/p>\n<p class=\"Paragraph_desktopParagraph__U31Gm\">Zwraca przy tym tak\u017ce uwag\u0119 na to, jak zachowa\u0142 si\u0119 kr\u00f3l po tym, jak pary zako\u0144czy\u0142y pozowanie do zdj\u0119\u0107. \u2014 Dosy\u0107 nietypowy element dla g\u0142owy pa\u0144stwa \u2014 kr\u00f3l przemieszcza\u0142 si\u0119, id\u0105c tu\u017c za Donaldem Trumpem. To zachowanie wynika z wieku monarchy. W normalnych warunkach jest przyjmowane jako sygna\u0142 pewno\u015bci siebie \u2014 u\u0142o\u017cy\u0142 r\u0119ce z ty\u0142u \u2014 stwierdza.<\/p>\n<blockquote>\n<p class=\"Paragraph_desktopParagraph__U31Gm\">W pewnym wieku osoby starsze w ten spos\u00f3b balansuj\u0105 i jest to typowe niezale\u017cnie od pozycji, bo wygodne do przemieszczania si\u0119. Jednocze\u015bnie, przez wiele os\u00f3b jest traktowane jako demonstracja si\u0142y, a przez Polak\u00f3w \u2014 jako gest ukrywania pewnych emocji<\/p>\n<\/blockquote>\n<p class=\"Paragraph_desktopParagraph__U31Gm\">\u2014 podsumowuje Maurycy Seweryn.<\/p>\n<p class=\"Paragraph_desktopParagraph__U31Gm\">Dzi\u0119kujemy, \u017ce przeczyta\u0142a\u015b\/e\u015b nasz artyku\u0142 do ko\u0144ca. W serwisie Plejada.pl ka\u017cdego dnia piszemy o najwa\u017cniejszych wydarzeniach show-biznesowych. B\u0105d\u017a na bie\u017c\u0105co!<a rel=\"nofollow noopener\" href=\"https:\/\/profile.google.com\/cp\/Cg0vZy8xMWJ6X19wdHBx\" id=\"815170c5-fa1d-40ab-abbf-1f04ed00b64d\" target=\"_blank\"> Obserwuj<\/a> Plejad\u0119 w Google. Odwied\u017a nas tak\u017ce na<a rel=\"nofollow noopener\" href=\"https:\/\/www.facebook.com\/plejadapl\" id=\"62efcf6a-ed30-4c9a-a77e-c081208551d4\" target=\"_blank\"> Facebooku<\/a>,<a rel=\"nofollow noopener\" href=\"https:\/\/www.instagram.com\/plejadapl\/\" id=\"dc023a85-7bfa-4f9e-a48b-3a8eed9e405a\" target=\"_blank\"> Instagramie<\/a>,<a rel=\"nofollow noopener\" href=\"https:\/\/www.youtube.com\/c\/plejada\" id=\"0c2d81a6-b2f4-4d67-ae8b-94bb5db65a35\" target=\"_blank\"> YouTubie<\/a> oraz<a rel=\"nofollow noopener\" href=\"https:\/\/www.tiktok.com\/@plejada_pl\" id=\"ca8b6b26-5425-437c-97ce-796d5c5ef4be\" target=\"_blank\"> TikToku<\/a>.<\/p>\n<p class=\"Paragraph_desktopParagraph__U31Gm\">Chcesz podzieli\u0107 si\u0119 ciekawym newsem lub zaproponowa\u0107 temat? Skontaktuj si\u0119 z nami, pisz\u0105c maila na adres: <a href=\"https:\/\/www.onet.pl\/styl-zycia\/plejada\/zachowanie-krola-karola-przy-donaldzie-trumpie-nietypowy-element-dla-glowy-panstwa\/mailto:plejada@redakcjaonet.pl\" id=\"d2f8755d-6d20-4485-9429-23488628e0c5\" rel=\"nofollow noopener\" target=\"_blank\">plejada@redakcjaonet.pl<\/a>.<\/p>\n<p><script async src=\"\/\/www.instagram.com\/embed.js\"><\/script><script async src=\"\/\/www.tiktok.com\/embed.js\"><\/script><\/p>\n","protected":false},"excerpt":{"rendered":"Bia\u0142y Dom, przekszta\u0142cony tego wieczoru w pa\u0142ac na miar\u0119 brytyjskiej monarchii, sta\u0142 si\u0119 miejscem spotkania tradycji, dyplomacji i&hellip;\n","protected":false},"author":2,"featured_media":397344,"comment_status":"","ping_status":"","sticky":false,"template":"","format":"standard","meta":{"footnotes":"","_share_on_mastodon":"0"},"categories":[14],"tags":[64505,32,33,58,470,27,67,266,34,35,2738,28,31,53,25,52,68,51,55,40,41,459,47,196,80,29,30,341,338,50,26,82,83,84],"class_list":["post-397343","post","type-post","status-publish","format-standard","has-post-thumbnail","category-swiat","tag-benefit_tst0","tag-breaking-news","tag-breakingnews","tag-donald_trump_prezydent_usa","tag-educate_me","tag-headlines","tag-intextvideo_splayer","tag-krol_karol_iii_krol_brytyjski","tag-latest-news","tag-latestnews","tag-mowa_ciala","tag-naglowki","tag-najwazniejsze-artykuly","tag-new_header","tag-news","tag-onet3","tag-onet3d","tag-onet3d_2i","tag-phx","tag-polish","tag-polski","tag-rodziny_krolewskie_rody_royalsi","tag-screening_general","tag-styl_zycia","tag-swiat","tag-top-stories","tag-topstories","tag-tylko_w_onecie","tag-tylko_w_plejadzie","tag-v2021","tag-wiadomosci","tag-world","tag-world-news","tag-worldnews"],"share_on_mastodon":{"url":"","error":"Validation failed: Text character limit of 500 exceeded"},"_links":{"self":[{"href":"https:\/\/www.europesays.com\/pl\/wp-json\/wp\/v2\/posts\/397343","targetHints":{"allow":["GET"]}}],"collection":[{"href":"https:\/\/www.europesays.com\/pl\/wp-json\/wp\/v2\/posts"}],"about":[{"href":"https:\/\/www.europesays.com\/pl\/wp-json\/wp\/v2\/types\/post"}],"author":[{"embeddable":true,"href":"https:\/\/www.europesays.com\/pl\/wp-json\/wp\/v2\/users\/2"}],"replies":[{"embeddable":true,"href":"https:\/\/www.europesays.com\/pl\/wp-json\/wp\/v2\/comments?post=397343"}],"version-history":[{"count":0,"href":"https:\/\/www.europesays.com\/pl\/wp-json\/wp\/v2\/posts\/397343\/revisions"}],"wp:featuredmedia":[{"embeddable":true,"href":"https:\/\/www.europesays.com\/pl\/wp-json\/wp\/v2\/media\/397344"}],"wp:attachment":[{"href":"https:\/\/www.europesays.com\/pl\/wp-json\/wp\/v2\/media?parent=397343"}],"wp:term":[{"taxonomy":"category","embeddable":true,"href":"https:\/\/www.europesays.com\/pl\/wp-json\/wp\/v2\/categories?post=397343"},{"taxonomy":"post_tag","embeddable":true,"href":"https:\/\/www.europesays.com\/pl\/wp-json\/wp\/v2\/tags?post=397343"}],"curies":[{"name":"wp","href":"https:\/\/api.w.org\/{rel}","templated":true}]}}