{"id":397623,"date":"2026-04-29T13:38:06","date_gmt":"2026-04-29T13:38:06","guid":{"rendered":"https:\/\/www.europesays.com\/pl\/397623\/"},"modified":"2026-04-29T13:38:06","modified_gmt":"2026-04-29T13:38:06","slug":"dzis-w-nocy-bedzie-az-12-st-c-nadciaga-kulminacja-zimna-imgw-wydaje-alerty-onet","status":"publish","type":"post","link":"https:\/\/www.europesays.com\/pl\/397623\/","title":{"rendered":"Dzi\u015b w nocy b\u0119dzie a\u017c -12 st. C. Nadci\u0105ga kulminacja zimna, IMGW wydaje alerty &#8211; Onet"},"content":{"rendered":"<ol>\n<li><a href=\"https:\/\/news.google.com\/rss\/articles\/CBMi0wFBVV95cUxQUjhKNzFfYkg1ZnNBUzZrZ29EUFpndjA4emxrRmlvYmNFTEhKYzg2WklTbXJsX0xXUmxyeDNCNlVodWFSWFcxTU5uQUxTc0tjQVN3dFdySTkwSEMzd0Ywcmd6d2NHVGQtVjlqazI2SFh6Q3dCa2Vwc1ZlSEV4S2pnODd0dFlfQkllaFhzWE45bEpxckcxNmlmTkxmSG5mNzI1VXhuVno5TEdMcDhja1NHUkIwRnRIMVVZbWlweXVqS3BuSTRnVEt1bEpMZkpzajc2bm9V?oc=5\" target=\"_blank\" rel=\"nofollow noopener\">Dzi\u015b w nocy b\u0119dzie a\u017c -12 st. C. Nadci\u0105ga kulminacja zimna, IMGW wydaje alerty<\/a>&nbsp;&nbsp;Onet<\/li>\n<li><a href=\"https:\/\/news.google.com\/rss\/articles\/CBMiswFBVV95cUxPNl9jdVRJR0ZYaGprNFN0cGJHNHhTMnEyUWlKa3N6eExWNVhUcmdPZ21xLXVhRHB3SkhpUzBCaUtpd2J6MGQ0SUlCWTNOYWJ0dWk4TUQwR2xXMi1JWXpibDFoS1J5Ui12LTdOUEhPdnBfYktibjVLU0V5ZWJZNmxOV1RLdVFXQ0VHTGZ4QTBUZ29nVUlPUmRQbHl5QkxvWERZU3FpcFlib0xkQl9tZU1ZdjhRWQ?oc=5\" target=\"_blank\" rel=\"nofollow noopener\">Nadchodzi bardzo mro\u017ana noc. Nie powinno nas dziwi\u0107 -12 stopni w niekt\u00f3rych regionach Polski<\/a>&nbsp;&nbsp;Interia Wydarzenia<\/li>\n<li><a href=\"https:\/\/news.google.com\/rss\/articles\/CBMizAFBVV95cUxOcGo5UmZJXzY1MW9BLVBEU01Sb0FsNkg1cVVMNHRoZDNsd21ScUptZmtiLXEwSEtoYzZNWjU5NUptaGtkTW42a1lNd01tOFE4eGtQSkJsdVZlRlU2Q09OWlJHMEUtemRDTGNDZTZHUmhVLXRtSjJxNEVtWm5PVXZTZ1NnWkVqRWtReVBsb214YXJaNTMxOXNPOTZyN1VSVGI1clVBQTgxWVRtaEZtalhRa0RsRDQwWjRiLTdRUGhEczkwNDVabEJsNV9LN1c?oc=5\" target=\"_blank\" rel=\"nofollow noopener\">Poranek na \u017c\u00f3\u0142to w ca\u0142ej Polsce. IMGW ostrzega<\/a>&nbsp;&nbsp;TVN24<\/li>\n<li><a href=\"https:\/\/news.google.com\/rss\/articles\/CBMigwFBVV95cUxPVWxReW42RW9UMWljMnFZbTZFZE91OGdNR3pHd3ZmSFZKcVdETXFhLVBLSnRnd0ZOS1h6UmZRdGFPM01pQWJicmlwRzNsVE5oc0ZpMkpzRlFEdDc0UXZDRWUzOGRXd3U3aUNCdGNCMnFkbjBsRjFoZWZmLVNNWTZNMzQtNA?oc=5\" target=\"_blank\" rel=\"nofollow noopener\">Sadownicy nie \u015bpi\u0105 drug\u0105 noc. Nawet -10\u00b0C w sadach<\/a>&nbsp;&nbsp;AgroFakt.pl<\/li>\n<li><a href=\"https:\/\/news.google.com\/rss\/articles\/CBMikgFBVV95cUxNM1p0LXZBSkk3cTZvVE1peHlLYkxBZll3Z2tjc0E2UFYyOVJJVHQwMl9MLVZxc2t6aE5mV053ckgwc2hwTDdEdFpRa3F0UXRQNXB1WllzQXRWZnFiOVMwZmItMF9tcDVMSzdzM3puekJJU0JVUDRFT0ZZNTV1RjVTTkNTODRocGlROG1PUVlWbHUyUQ?oc=5\" target=\"_blank\" rel=\"nofollow noopener\">To nie koniec przymrozk\u00f3w. S\u0105 ostrze\u017cenia IMGW<\/a>&nbsp;&nbsp;WP Wiadomo\u015bci<\/li>\n<\/ol>\n","protected":false},"excerpt":{"rendered":"Dzi\u015b w nocy b\u0119dzie a\u017c -12 st. C. Nadci\u0105ga kulminacja zimna, IMGW wydaje alerty&nbsp;&nbsp;Onet Nadchodzi bardzo mro\u017ana noc.&hellip;\n","protected":false},"author":2,"featured_media":397624,"comment_status":"","ping_status":"","sticky":false,"template":"","format":"standard","meta":{"footnotes":"","_share_on_mastodon":"0"},"categories":[12],"tags":[25481,32,33,36,37,27,67,34,35,6987,28,31,53,25,52,68,51,55,42,78,38,40,39,41,3324,47,29,30,65,50,26],"class_list":["post-397623","post","type-post","status-publish","format-standard","has-post-thumbnail","category-polska","tag-alerty_imgw","tag-breaking-news","tag-breakingnews","tag-featured-news","tag-featurednews","tag-headlines","tag-intextvideo_splayer","tag-latest-news","tag-latestnews","tag-mroz","tag-naglowki","tag-najwazniejsze-artykuly","tag-new_header","tag-news","tag-onet3","tag-onet3d","tag-onet3d_2i","tag-phx","tag-pl","tag-pogoda","tag-poland","tag-polish","tag-polska","tag-polski","tag-przymrozki","tag-screening_general","tag-top-stories","tag-topstories","tag-update_me","tag-v2021","tag-wiadomosci"],"share_on_mastodon":{"url":"https:\/\/pubeurope.com\/@pl\/116488274219635973","error":""},"_links":{"self":[{"href":"https:\/\/www.europesays.com\/pl\/wp-json\/wp\/v2\/posts\/397623","targetHints":{"allow":["GET"]}}],"collection":[{"href":"https:\/\/www.europesays.com\/pl\/wp-json\/wp\/v2\/posts"}],"about":[{"href":"https:\/\/www.europesays.com\/pl\/wp-json\/wp\/v2\/types\/post"}],"author":[{"embeddable":true,"href":"https:\/\/www.europesays.com\/pl\/wp-json\/wp\/v2\/users\/2"}],"replies":[{"embeddable":true,"href":"https:\/\/www.europesays.com\/pl\/wp-json\/wp\/v2\/comments?post=397623"}],"version-history":[{"count":0,"href":"https:\/\/www.europesays.com\/pl\/wp-json\/wp\/v2\/posts\/397623\/revisions"}],"wp:featuredmedia":[{"embeddable":true,"href":"https:\/\/www.europesays.com\/pl\/wp-json\/wp\/v2\/media\/397624"}],"wp:attachment":[{"href":"https:\/\/www.europesays.com\/pl\/wp-json\/wp\/v2\/media?parent=397623"}],"wp:term":[{"taxonomy":"category","embeddable":true,"href":"https:\/\/www.europesays.com\/pl\/wp-json\/wp\/v2\/categories?post=397623"},{"taxonomy":"post_tag","embeddable":true,"href":"https:\/\/www.europesays.com\/pl\/wp-json\/wp\/v2\/tags?post=397623"}],"curies":[{"name":"wp","href":"https:\/\/api.w.org\/{rel}","templated":true}]}}