{"id":397985,"date":"2026-04-29T17:26:09","date_gmt":"2026-04-29T17:26:09","guid":{"rendered":"https:\/\/www.europesays.com\/pl\/397985\/"},"modified":"2026-04-29T17:26:09","modified_gmt":"2026-04-29T17:26:09","slug":"atak-nozownika-na-mazowszu-pracownik-pszok-rzucil-sie-na-wojt-onet","status":"publish","type":"post","link":"https:\/\/www.europesays.com\/pl\/397985\/","title":{"rendered":"Atak no\u017cownika na Mazowszu. Pracownik PSZOK rzuci\u0142 si\u0119 na w\u00f3jt &#8211; Onet"},"content":{"rendered":"<ol>\n<li><a href=\"https:\/\/news.google.com\/rss\/articles\/CBMivwFBVV95cUxQNFBFNU1RZnY2eGV2M3lZUEhReEczZnA4WEVua3djM0Q3azZFRTV3SlptR1lWeC1xWDMxakhjNU9jdlo5YnktWVV5S214am43SDlNNll5S3oyaWQ3Q0Y5Y0YwQm4wT1cyVkJmTndTb2ZYWjlERXB3Rl90LWJzY0h4aFAySUxJWXEtbEFDcm5QM0pJSmVZR1lSQVRoUkdjdmZ4dzJyeXN6T1NvLTFnckFrOTVaaXBBeUU2SlU0NUhQVQ?oc=5\" target=\"_blank\" rel=\"nofollow noopener\">Atak no\u017cownika na Mazowszu. Pracownik PSZOK rzuci\u0142 si\u0119 na w\u00f3jt<\/a>&nbsp;&nbsp;Onet<\/li>\n<li><a href=\"https:\/\/news.google.com\/rss\/articles\/CBMipwFBVV95cUxNNFlBdUpiU1RWaXgtRjNTZGZ3SFpkVFJueWFkTW1pU2I4OUgzNHpodnZXbVJyeEl0bW95TjEzdlhuN0FleE9XbUxKRWVZZkZzNG5VTjdTeTdPUmJoNkNUdUpqXzdleFlFYXcwVTBJb1dzXzlsaUkxRzFSUDVsZ2hseUlGSTNmVzRzaHo0U1hlWWQ5TmZsN3RObm9HOWVQakxUU1hYNGlINA?oc=5\" target=\"_blank\" rel=\"nofollow noopener\">Atak w urz\u0119dzie gminy w Starej Kornicy. W\u00f3jt zaatakowana no\u017cem<\/a>&nbsp;&nbsp;WP Wiadomo\u015bci<\/li>\n<li><a href=\"https:\/\/news.google.com\/rss\/articles\/CBMilAFBVV95cUxPQTAxa3NELVFXSkRGRWRselRmX3ZqSkxKWmNxNE5GWkdIVzI4bzZCUkw2QXVUbzZjc1A4M19KTFZrU1A5bGJoN0tsX29OVHJCZENwWTlwVklSaHYzWmZSamh6NW9rNnBBaUwxRmJyQm1TNEhQVFh6cGNoMlJYODFXNzU3TU1CZGpwYWpQcmtaSW51NjZn?oc=5\" target=\"_blank\" rel=\"nofollow noopener\">W\u00f3jt zaatakowana no\u017cem w urz\u0119dzie. Policja zatrzyma\u0142a napastnika<\/a>&nbsp;&nbsp;TVN24<\/li>\n<li><a href=\"https:\/\/news.google.com\/rss\/articles\/CBMiswFBVV95cUxPbXMyWGVwZUZzUlY0UkFCVzRMa3ZPWGdPVmZiRUt0ZGZiN19sN2FxUzk4Nmk4Ukt6VkR2MmJ0MTlyV2FUb2FKcUxCRERENjFjVFVyWXprTjRsQkdRQ0VvWEtjam9jYXhqYkZGRTE5WEk0VXk2RGh2Qm9Cd2lTMnlWV1RnZ1V2eFA3b3p3WHZiNzBNUXlPelNjYTNuTDgzdV8xakZQNEZ6cVhvdGRvMVV4YTUxMA?oc=5\" target=\"_blank\" rel=\"nofollow noopener\">Atak w Urz\u0119dzie Gminy w Starej Kornicy. Ranna w\u00f3jt, l\u0105dowa\u0142 \u015bmig\u0142owiec LPR<\/a>&nbsp;&nbsp;Interia Wydarzenia<\/li>\n<li><a href=\"https:\/\/news.google.com\/rss\/articles\/CBMiugFBVV95cUxOLTZEVFZvTDN2QmZVTkIzREx3RGNHdndVNEtPamg2MHpaRmRGNVFxRWZTdlBobG41TVZGRmllYXpIMGFTekZIUXFhbm5PZ25WejBKWENKUHJtY3B2RzQ1WnNwYy1lSXU4TWRTWlkyLWF5WmtPd2hsYjY0SlVZS0xoYXpjU2hSSjlUbnNZV29QaG1JNHlWbmtuT3lmT2NDLV9CN29seHcxWVJaSjdFZ1pPbFBVNjVYU2ExVWc?oc=5\" target=\"_blank\" rel=\"nofollow noopener\">Atak no\u017cem w urz\u0119dzie gminy na Mazowszu. Nieoficjalnie: ranna zosta\u0142a w\u00f3jt Starej Kornicy<\/a>&nbsp;&nbsp;Gazeta<\/li>\n<\/ol>\n","protected":false},"excerpt":{"rendered":"Atak no\u017cownika na Mazowszu. Pracownik PSZOK rzuci\u0142 si\u0119 na w\u00f3jt&nbsp;&nbsp;Onet Atak w urz\u0119dzie gminy w Starej Kornicy. W\u00f3jt&hellip;\n","protected":false},"author":2,"featured_media":397986,"comment_status":"","ping_status":"","sticky":false,"template":"","format":"standard","meta":{"footnotes":"","_share_on_mastodon":"0"},"categories":[12],"tags":[7985,64580,32,33,36,37,27,67,34,35,5514,28,31,53,25,8342,52,68,51,55,42,38,40,39,41,10518,47,29,30,65,72549,50,26,21833],"class_list":["post-397985","post","type-post","status-publish","format-standard","has-post-thumbnail","category-polska","tag-atak_nozownika","tag-benefit_tst1","tag-breaking-news","tag-breakingnews","tag-featured-news","tag-featurednews","tag-headlines","tag-intextvideo_splayer","tag-latest-news","tag-latestnews","tag-lpr","tag-naglowki","tag-najwazniejsze-artykuly","tag-new_header","tag-news","tag-nozownik","tag-onet3","tag-onet3d","tag-onet3d_2i","tag-phx","tag-pl","tag-poland","tag-polish","tag-polska","tag-polski","tag-pszok","tag-screening_general","tag-top-stories","tag-topstories","tag-update_me","tag-urzad_gminy","tag-v2021","tag-wiadomosci","tag-wojt"],"share_on_mastodon":{"url":"https:\/\/pubeurope.com\/@pl\/116489171072878219","error":""},"_links":{"self":[{"href":"https:\/\/www.europesays.com\/pl\/wp-json\/wp\/v2\/posts\/397985","targetHints":{"allow":["GET"]}}],"collection":[{"href":"https:\/\/www.europesays.com\/pl\/wp-json\/wp\/v2\/posts"}],"about":[{"href":"https:\/\/www.europesays.com\/pl\/wp-json\/wp\/v2\/types\/post"}],"author":[{"embeddable":true,"href":"https:\/\/www.europesays.com\/pl\/wp-json\/wp\/v2\/users\/2"}],"replies":[{"embeddable":true,"href":"https:\/\/www.europesays.com\/pl\/wp-json\/wp\/v2\/comments?post=397985"}],"version-history":[{"count":0,"href":"https:\/\/www.europesays.com\/pl\/wp-json\/wp\/v2\/posts\/397985\/revisions"}],"wp:featuredmedia":[{"embeddable":true,"href":"https:\/\/www.europesays.com\/pl\/wp-json\/wp\/v2\/media\/397986"}],"wp:attachment":[{"href":"https:\/\/www.europesays.com\/pl\/wp-json\/wp\/v2\/media?parent=397985"}],"wp:term":[{"taxonomy":"category","embeddable":true,"href":"https:\/\/www.europesays.com\/pl\/wp-json\/wp\/v2\/categories?post=397985"},{"taxonomy":"post_tag","embeddable":true,"href":"https:\/\/www.europesays.com\/pl\/wp-json\/wp\/v2\/tags?post=397985"}],"curies":[{"name":"wp","href":"https:\/\/api.w.org\/{rel}","templated":true}]}}