{"id":39801,"date":"2025-10-09T09:21:11","date_gmt":"2025-10-09T09:21:11","guid":{"rendered":"https:\/\/www.europesays.com\/pl\/39801\/"},"modified":"2025-10-09T09:21:11","modified_gmt":"2025-10-09T09:21:11","slug":"kim-dzong-un-w-tajemnicy-szykuje-wielka-fete-eksperci-przewiduja-co-moze-sie-wydarzyc","status":"publish","type":"post","link":"https:\/\/www.europesays.com\/pl\/39801\/","title":{"rendered":"Kim Dzong Un w tajemnicy szykuje wielk\u0105 fet\u0119. Eksperci przewiduj\u0105, co mo\u017ce si\u0119 wydarzy\u0107"},"content":{"rendered":"<p class=\"Paragraph_desktopParagraph__U31Gm\">Uroczysto\u015bci z okazji rocznicy maj\u0105 si\u0119 odby\u0107 w dniach 10-11 pa\u017adziernika. Ich szczeg\u00f3\u0142y by\u0142y jednak do tej pory trzymane w tajemnicy. Swoj\u0105 obecno\u015b\u0107 potwierdzili m.in. premier Chin, by\u0142y prezydent Rosji Dmitrij Miedwiediew, szef Komunistycznej Partii Wietnamu To Lam i prezydent Laosu Thongloun Sisoulith. Przygotowania do wielkiej fety trwaj\u0105. Obchody mog\u0105 by\u0107 okazj\u0105 do pokazania pot\u0119gi militarnej Korei P\u00f3\u0142nocnej. Wed\u0142ug pu\u0142kownika Lee Sung-juna, rzecznika Kolegium Po\u0142\u0105czonych Szef\u00f3w Sztab\u00f3w Korei Po\u0142udniowej, wojsko wykry\u0142o ruchy pojazd\u00f3w i sprz\u0119tu wojskowego przed spodziewan\u0105 parad\u0105.<\/p>\n<p class=\"VideoPlayerText_videoPlayerText__iDwyz\">Dalszy ci\u0105g materia\u0142u pod wideo<\/p>\n<ul class=\"OchatFollowUps_wrapper__1ry7X\">\n<li class=\"OchatFollowUps_item__Dhyly OchatFollowUps_itemDesktop__R6aBv\">Kiedy odb\u0119d\u0105 si\u0119 obchody rocznicy powstania Partii Pracy Korei?<\/li>\n<li class=\"OchatFollowUps_item__Dhyly OchatFollowUps_itemDesktop__R6aBv\">Jakie pa\u0144stwa b\u0119d\u0105 reprezentowane na obchodach?<\/li>\n<li class=\"OchatFollowUps_item__Dhyly OchatFollowUps_itemDesktop__R6aBv\">Jakie rodzaje broni mog\u0105 zosta\u0107 zaprezentowane podczas parady?<\/li>\n<li class=\"OchatFollowUps_item__Dhyly OchatFollowUps_itemDesktop__R6aBv\">Kto potwierdzi\u0142 swoj\u0105 obecno\u015b\u0107 na uroczysto\u015bciach?<\/li>\n<\/ul>\n<p class=\"Paragraph_desktopParagraph__U31Gm\">Analitycy w rozmowie z CNN podejrzewaj\u0105, \u017ce na rocznicowej wystawie znajd\u0105 si\u0119 m.in. mi\u0119dzykontynentalny pocisk balistyczny nowej generacji Hwasong-20, nowy hipersoniczny pocisk szybuj\u0105cy Hwasong-11 Ma oraz inne zaawansowane systemy uzbrojenia.<\/p>\n<p class=\"Paragraph_desktopParagraph__U31Gm\">Hong Min z Korea\u0144skiego Instytutu Zjednoczenia Narodowego w Seulu powiedzia\u0142 CNN, \u017ce Korea P\u00f3\u0142nocna mo\u017ce zaprezentowa\u0107 podczas parady zaawansowan\u0105 bro\u0144, w tym systemy nap\u0119dzane sztuczn\u0105 inteligencj\u0105 lub r\u00f3\u017cne pojazdy bezza\u0142ogowe. &#8222;Bro\u0144 pokazana podczas parady b\u0119dzie prawdopodobnie na niespotykan\u0105 dot\u0105d skal\u0119&#8221; \u2014 podkre\u015bli\u0142.<\/p>\n<p class=\"Paragraph_desktopParagraph__U31Gm\">Eksperci zwracaj\u0105 te\u017c uwag\u0119 na niedawne wydarzenia, o kt\u00f3rych informowa\u0142a pa\u0144stwowa agencja KCNA, a kt\u00f3re mog\u0105 zapowiada\u0107 prezentacj\u0119 najnowszej broni Pjongjagu podczas obchod\u00f3w. W zesz\u0142ym miesi\u0105cu Kim Dzong Un obserwowa\u0142 test nowego silnika rakietowego na paliwo sta\u0142e o du\u017cym ci\u0105gu dla swojego najnowszego pocisku balistycznego Hwasong-20. W miniony weekend z kolei <a href=\"https:\/\/wiadomosci.onet.pl\/swiat\/korea-polnocna-wzmacnia-flote-wojenna-chce-ukarac-wroga\/3lct772\" id=\"ba2936fa-1d6a-4208-9e8d-75df6e636976\" rel=\"nofollow noopener\" target=\"_blank\">przyw\u00f3dca Korei P\u00f3\u0142nocnej wzi\u0105\u0142 udzia\u0142 w wystawie prezentuj\u0105cej niekt\u00f3re z najnowszych rodzaj\u00f3w broni tego kraju<\/a>, w tym pocisk balistyczny kr\u00f3tkiego zasi\u0119gu (SRBM) wyposa\u017cony w g\u0142owic\u0119 hipersoniczn\u0105, oznaczony jako Hwasong-11Ma.<\/p>\n<p class=\"Paragraph_desktopParagraph__U31Gm\">Korespondent CNN Will Ripley przypomina obchody 70. rocznicy powstania partii rz\u0105dz\u0105cej, 10 lat temu, a w kt\u00f3rych mia\u0142 mo\u017cliwo\u015b\u0107 uczestniczy\u0107. Zwr\u00f3ci\u0142 uwag\u0119, \u017ce wszystko by\u0142o trzymane w tajemnicy, a go\u015bcie zostali poddani \u015bcis\u0142ej kontroli. &#8222;Wydawa\u0142o si\u0119, \u017ce nikt nie wie, kiedy to si\u0119 w\u0142a\u015bciwie zacznie \u2014 nawet nasi opiekunowie z rz\u0105du. Tak to dzia\u0142a w Korei P\u00f3\u0142nocnej: czekasz godzinami, a\u017c kto\u015b w ko\u0144cu powie ci, \u017ceby\u015b si\u0119 ruszy\u0142&#8221; \u2014 wspomina Ripley w CNN.<\/p>\n","protected":false},"excerpt":{"rendered":"Uroczysto\u015bci z okazji rocznicy maj\u0105 si\u0119 odby\u0107 w dniach 10-11 pa\u017adziernika. Ich szczeg\u00f3\u0142y by\u0142y jednak do tej pory&hellip;\n","protected":false},"author":2,"featured_media":39802,"comment_status":"","ping_status":"","sticky":false,"template":"","format":"standard","meta":{"footnotes":""},"categories":[14],"tags":[32,33,27,67,2015,2247,34,35,28,31,53,25,52,68,51,55,40,41,47,80,29,30,65,50,26,82,83,84],"class_list":{"0":"post-39801","1":"post","2":"type-post","3":"status-publish","4":"format-standard","5":"has-post-thumbnail","7":"category-swiat","8":"tag-breaking-news","9":"tag-breakingnews","10":"tag-headlines","11":"tag-intextvideo_splayer","12":"tag-kim_dzong_un","13":"tag-korea_pln_korea_polnocna_krld","14":"tag-latest-news","15":"tag-latestnews","16":"tag-naglowki","17":"tag-najwazniejsze-artykuly","18":"tag-new_header","19":"tag-news","20":"tag-onet3","21":"tag-onet3d","22":"tag-onet3d_2i","23":"tag-phx","24":"tag-polish","25":"tag-polski","26":"tag-screening_general","27":"tag-swiat","28":"tag-top-stories","29":"tag-topstories","30":"tag-update_me","31":"tag-v2021","32":"tag-wiadomosci","33":"tag-world","34":"tag-world-news","35":"tag-worldnews"},"share_on_mastodon":{"url":"","error":""},"_links":{"self":[{"href":"https:\/\/www.europesays.com\/pl\/wp-json\/wp\/v2\/posts\/39801","targetHints":{"allow":["GET"]}}],"collection":[{"href":"https:\/\/www.europesays.com\/pl\/wp-json\/wp\/v2\/posts"}],"about":[{"href":"https:\/\/www.europesays.com\/pl\/wp-json\/wp\/v2\/types\/post"}],"author":[{"embeddable":true,"href":"https:\/\/www.europesays.com\/pl\/wp-json\/wp\/v2\/users\/2"}],"replies":[{"embeddable":true,"href":"https:\/\/www.europesays.com\/pl\/wp-json\/wp\/v2\/comments?post=39801"}],"version-history":[{"count":0,"href":"https:\/\/www.europesays.com\/pl\/wp-json\/wp\/v2\/posts\/39801\/revisions"}],"wp:featuredmedia":[{"embeddable":true,"href":"https:\/\/www.europesays.com\/pl\/wp-json\/wp\/v2\/media\/39802"}],"wp:attachment":[{"href":"https:\/\/www.europesays.com\/pl\/wp-json\/wp\/v2\/media?parent=39801"}],"wp:term":[{"taxonomy":"category","embeddable":true,"href":"https:\/\/www.europesays.com\/pl\/wp-json\/wp\/v2\/categories?post=39801"},{"taxonomy":"post_tag","embeddable":true,"href":"https:\/\/www.europesays.com\/pl\/wp-json\/wp\/v2\/tags?post=39801"}],"curies":[{"name":"wp","href":"https:\/\/api.w.org\/{rel}","templated":true}]}}