{"id":398475,"date":"2026-04-29T22:36:27","date_gmt":"2026-04-29T22:36:27","guid":{"rendered":"https:\/\/www.europesays.com\/pl\/398475\/"},"modified":"2026-04-29T22:36:27","modified_gmt":"2026-04-29T22:36:27","slug":"wyjatkowy-koncert-w-warszawie-w-holdzie-legendzie","status":"publish","type":"post","link":"https:\/\/www.europesays.com\/pl\/398475\/","title":{"rendered":"Wyj\u0105tkowy koncert w Warszawie. W ho\u0142dzie legendzie"},"content":{"rendered":"<p class=\"Paragraph_desktopParagraph__U31Gm\">Na warszawskiej Ochocie odb\u0119dzie si\u0119 wyj\u0105tkowy koncert po\u015bwi\u0119cony tw\u00f3rczo\u015bci Zbigniewa Wodeckiego \u2014 jednego z najwybitniejszych i najbardziej lubianych artyst\u00f3w polskiej sceny muzycznej. Wydarzenie b\u0119dzie okazj\u0105 do przypomnienia jego najwi\u0119kszych utwor\u00f3w w nowych aran\u017cacjach i wyj\u0105tkowej oprawie.<\/p>\n<p>Kto wyst\u0105pi na scenie? <\/p>\n<p class=\"Paragraph_desktopParagraph__U31Gm\">Na scenie pojawi si\u0119 utalentowany duet Karolina Leszko i Jan Radwan. Towarzyszy\u0107 im b\u0119dzie zesp\u00f3\u0142 znakomitych muzyk\u00f3w pod kierownictwem pianisty i aran\u017cera Rafa\u0142a St\u0119pnia. Arty\u015bci zaprezentuj\u0105 interpretacje utwor\u00f3w Wodeckiego, oddaj\u0105c ich emocjonalny charakter i muzyczn\u0105 elegancj\u0119.<\/p>\n<p>Koncert przy Barskiej \u2014 miejsce nieprzypadkowe <\/p>\n<p class=\"Paragraph_desktopParagraph__U31Gm\">Koncert odb\u0119dzie si\u0119 na skwerze przy ulicy Barskiej, w pobli\u017cu ulicy Joteyki. To miejsce ma szczeg\u00f3lne znaczenie \u2014 Zbigniew Wodecki przez wiele lat mieszka\u0142 w tej okolicy. To w\u0142a\u015bnie tutaj jego muzyka zabrzmi ponownie, w przestrzeni zwi\u0105zanej z jego \u017cyciem.<\/p>\n<p>Data i partnerzy wydarzenia <\/p>\n<p class=\"Paragraph_desktopParagraph__U31Gm\">Wydarzenie zaplanowano na niedziel\u0119, 24 maja o godzinie 19.00. Koncert odb\u0119dzie si\u0119 na skwerze przy Barskiej, w pobli\u017cu szpitala. Partnerami wydarzenia s\u0105 Dzielnica Ochota, Mazowieckie Centrum Rehabilitacji STOCER, Borzym Music Poland oraz Fundacja im. Zbigniewa Wodeckiego.<\/p>\n","protected":false},"excerpt":{"rendered":"Na warszawskiej Ochocie odb\u0119dzie si\u0119 wyj\u0105tkowy koncert po\u015bwi\u0119cony tw\u00f3rczo\u015bci Zbigniewa Wodeckiego \u2014 jednego z najwybitniejszych i najbardziej lubianych&hellip;\n","protected":false},"author":2,"featured_media":398476,"comment_status":"","ping_status":"","sticky":false,"template":"","format":"standard","meta":{"footnotes":"","_share_on_mastodon":"0"},"categories":[51605],"tags":[244,369,261,53,52,68,51,55,42,38,40,39,41,47,8908,50,435],"class_list":["post-398475","post","type-post","status-publish","format-standard","has-post-thumbnail","category-warszawa","tag-ctr_tst","tag-kk","tag-kultura","tag-new_header","tag-onet3","tag-onet3d","tag-onet3d_2i","tag-phx","tag-pl","tag-poland","tag-polish","tag-polska","tag-polski","tag-screening_general","tag-tu_stolica","tag-v2021","tag-warszawa"],"share_on_mastodon":{"url":"https:\/\/pubeurope.com\/@pl\/116490389656103115","error":""},"_links":{"self":[{"href":"https:\/\/www.europesays.com\/pl\/wp-json\/wp\/v2\/posts\/398475","targetHints":{"allow":["GET"]}}],"collection":[{"href":"https:\/\/www.europesays.com\/pl\/wp-json\/wp\/v2\/posts"}],"about":[{"href":"https:\/\/www.europesays.com\/pl\/wp-json\/wp\/v2\/types\/post"}],"author":[{"embeddable":true,"href":"https:\/\/www.europesays.com\/pl\/wp-json\/wp\/v2\/users\/2"}],"replies":[{"embeddable":true,"href":"https:\/\/www.europesays.com\/pl\/wp-json\/wp\/v2\/comments?post=398475"}],"version-history":[{"count":0,"href":"https:\/\/www.europesays.com\/pl\/wp-json\/wp\/v2\/posts\/398475\/revisions"}],"wp:featuredmedia":[{"embeddable":true,"href":"https:\/\/www.europesays.com\/pl\/wp-json\/wp\/v2\/media\/398476"}],"wp:attachment":[{"href":"https:\/\/www.europesays.com\/pl\/wp-json\/wp\/v2\/media?parent=398475"}],"wp:term":[{"taxonomy":"category","embeddable":true,"href":"https:\/\/www.europesays.com\/pl\/wp-json\/wp\/v2\/categories?post=398475"},{"taxonomy":"post_tag","embeddable":true,"href":"https:\/\/www.europesays.com\/pl\/wp-json\/wp\/v2\/tags?post=398475"}],"curies":[{"name":"wp","href":"https:\/\/api.w.org\/{rel}","templated":true}]}}