{"id":398540,"date":"2026-04-29T23:24:51","date_gmt":"2026-04-29T23:24:51","guid":{"rendered":"https:\/\/www.europesays.com\/pl\/398540\/"},"modified":"2026-04-29T23:24:51","modified_gmt":"2026-04-29T23:24:51","slug":"wojskowy-szpital-zignorowal-doswiadczonego-medyka-dzis-sprzata-przystanki-2","status":"publish","type":"post","link":"https:\/\/www.europesays.com\/pl\/398540\/","title":{"rendered":"Wojskowy szpital zignorowa\u0142 do\u015bwiadczonego medyka. Dzi\u015b sprz\u0105ta przystanki"},"content":{"rendered":"<p class=\"Paragraph_desktopParagraph__U31Gm\">Kontakt do autor\u00f3w: marcin.wyrwal@redakcjaonet.pl; edyta.zemla@redakcjaonet.pl<\/p>\n<p class=\"Paragraph_desktopParagraph__U31Gm\">Jest druga po\u0142owa pa\u017adziernika 2025 r. W 1. Wojskowym Szpitalu Klinicznym w Lublinie rozpoczyna dzia\u0142alno\u015b\u0107 Zak\u0142ad Medycyny Pola Walki i Katastrof. Zak\u0142ad ma szkoli\u0107 medyk\u00f3w pola walki, odpowiadaj\u0105c w ten spos\u00f3b na sygnalizowane przez Ministerstwo Obrony Narodowej zapotrzebowanie na tego typu specjalist\u00f3w w sytuacji zagro\u017cenia agresj\u0105 Rosji.<\/p>\n<p class=\"Paragraph_desktopParagraph__U31Gm\">Zarz\u0105d szpitala prowadzi skuteczn\u0105 akcj\u0119 promocyjn\u0105. O zak\u0142adzie maj\u0105cym szkoli\u0107 medyk\u00f3w wkr\u00f3tce dowiaduj\u0105 si\u0119 media, kt\u00f3re zrealizuj\u0105 seri\u0119 przychylnych inicjatywie materia\u0142\u00f3w. \u015aci\u0105gni\u0119te do szpitala kamery filmuj\u0105 ludzi uwijaj\u0105cych si\u0119 nad &#8222;rannymi&#8221; w ciemnych, zadymionych pomieszczeniach symuluj\u0105cych wojenne warunki.<\/p>\n<p class=\"Paragraph_desktopParagraph__U31Gm\">Szpital ma tylko jeden, za to fundamentalny problem, o kt\u00f3rym nie wiedz\u0105 zapraszane na pokazy media \u2014 osoby pracuj\u0105ce w zak\u0142adzie medycyny pola walki nie maj\u0105 poj\u0119cia o polu walki, a w zwi\u0105zku z tym tak\u017ce blade poj\u0119cie o stosowanej tam medycynie.<\/p>\n<p class=\"VideoPlayerText_videoPlayerText__iDwyz\">Dalszy ci\u0105g materia\u0142u pod wideo<\/p>\n<p class=\"Paragraph_desktopParagraph__U31Gm\">Kiedy wysy\u0142ali\u015bmy pytanie o do\u015bwiadczenie szpitalnych medyk\u00f3w do artyku\u0142u, kt\u00f3ry ukaza\u0142 si\u0119 w po\u0142owie kwietnia pod tytu\u0142em <a href=\"https:\/\/wiadomosci.onet.pl\/tylko-w-onecie\/zwykla-sciema-zeby-wyciagnac-pieniadze-szkolenie-medykow-i-szopka-dla-ministra\/0d3elj5\" id=\"237965f6-1ae9-48ba-817d-cdf66126026e\" rel=\"nofollow noopener\" target=\"_blank\">&#8222;&#8217;Zwyk\u0142a \u015bciema, \u017ceby wyci\u0105gn\u0105\u0107 pieni\u0105dze&#8217;. Szkolenie medyk\u00f3w i szopka dla ministra&#8221;<\/a>, szpital odpowiedzia\u0142, \u017ce praktyczne do\u015bwiadczenie w tym zakresie posiada tylko personel medyczny, kt\u00f3ry bra\u0142 udzia\u0142 w misjach wojskowych, a takich ludzi jest w Polsce niewielu. Rozmawiaj\u0105cy z nami weterani potwierdzili, \u017ce wprost przeciwnie \u2014 w kraju jest ich pod dostatkiem.<\/p>\n<p class=\"Paragraph_desktopParagraph__U31Gm\">Jednak ju\u017c po publikacji tamtego tekstu dowiedzieli\u015bmy si\u0119, \u017ce wiele miesi\u0119cy temu specjalist\u0119 o wyj\u0105tkowej wiedzy i g\u0142\u0119bokim do\u015bwiadczeniem z pola walki podetkni\u0119to szpitalowi dos\u0142ownie pod nos. Ale plac\u00f3wka z tego nie skorzysta\u0142a.<\/p>\n<p>Wizyta  <\/p>\n<p class=\"Paragraph_desktopParagraph__U31Gm\">W pa\u017adzierniku do drzwi gabinetu wicekomendanta szpitala p\u0142k. Bogus\u0142awa Pi\u0105tka puka Dariusz Cybulski. Nie jest on przypadkow\u0105 osob\u0105. Z Ukrain\u0105 jest zwi\u0105zany od pokole\u0144. Jego ojciec Henryk Cybulski jako oficer Armii Krajowej by\u0142 komendantem samoobrony wsi Przebra\u017c na Wo\u0142yniu, kt\u00f3r\u0105 przez ca\u0142y okres rzezi wo\u0142y\u0144skiej skutecznie broni\u0142 przed oddzia\u0142ami UPA. Sam Dariusz Cybulski przez 20 lat prowadzi\u0142 hotel nad ukrai\u0144skim Morzem Azowskim, tu\u017c przy Krymie. Po agresji Rosji na Ukrain\u0119 straci\u0142 go i wr\u00f3ci\u0142 do swojego domu pod Lublinem. Z Ukrainy pozosta\u0142o mu jednak wiele cennych znajomo\u015bci.<\/p>\n<p class=\"Paragraph_desktopParagraph__U31Gm\">Dariusz Cybulski przychodzi do p\u0142k. Pi\u0105tka z konkretn\u0105 propozycj\u0105. Informuje go, \u017ce czyta\u0142 w internecie o tworz\u0105cym si\u0119 Zak\u0142adzie Medycyny Pola Walki i Katastrof i tak si\u0119 sk\u0142ada, \u017ce jego przyjaciel jest gotowy wspom\u00f3c to przedsi\u0119wzi\u0119cie w\u0142asnym do\u015bwiadczeniem. To dr Andrij Jakunicz, ukrai\u0144ski chirurg, wyk\u0142adowca na Zaporoskiej Medycznej Akademii Kszta\u0142cenia Podyplomowego [obecnie cz\u0119\u015b\u0107 Uniwersytetu Medycznego w Zaporo\u017cu], kt\u00f3ry na samym pocz\u0105tku pe\u0142noskalowej rosyjskiej agresji na Ukrain\u0119 zosta\u0142 powo\u0142any do armii i sp\u0119dzi\u0142 trzy lata na r\u00f3\u017cnych odcinkach ukrai\u0144skiego frontu. Po operacji biodra zako\u0144czy\u0142 jednak s\u0142u\u017cb\u0119 wojskow\u0105 i przyjecha\u0142 do Polski.<\/p>\n<p><img decoding=\"async\" class=\"Image_image__0tuHp Image_autoHeight__f2n87 \" height=\"587\" width=\"440\" src=\"https:\/\/www.europesays.com\/pl\/wp-content\/uploads\/2026\/04\/Hv6k9kqTURBXy9lZTYyZjc3OGNkNmIzYTNkZjU2ZThkMjIyNDQ4Zjk4OS5qcGVnkpUCzQOsAMLDlQIAzQJLwsPeAAOhMAGhMQGhM.jpeg\" alt=\"Dr Andrij Jakunicz podczas zabiegu.\" loading=\"lazy\" \/>Andrij Jakunicz \/ Andrij Jakunicz<\/p>\n<p>Dr Andrij Jakunicz podczas zabiegu.<\/p>\n<p class=\"Paragraph_desktopParagraph__U31Gm\">Podczas rozmowy Dariusz Cybulski kilkukrotnie zaznacza, \u017ce ukrai\u0144ski medyk jest gotowy wspom\u00f3c zak\u0142ad swoj\u0105 wiedz\u0105 za darmo. Oczywi\u015bcie, gdyby znalaz\u0142a si\u0119 dla niego praca cho\u0107by salowego, ch\u0119tnie by j\u0105 przyj\u0105\u0142, poniewa\u017c obecnie jest w trakcie nostryfikacji swojego dyplomu medycznego w Polsce, jednak nie jest to konieczny warunek. Andrij Jakunicz po prostu chce pom\u00f3c, a przy okazji pozostawa\u0107 jak najbli\u017cej \u015brodowiska medycznego.<\/p>\n<p class=\"Paragraph_desktopParagraph__U31Gm\">Z relacji naszego rozm\u00f3wcy wiemy, \u017ce podczas spotkania p\u0142k Pi\u0105tek przejawia\u0142 du\u017ce zainteresowanie ukrai\u0144skim medykiem. Zastanawia\u0142 si\u0119, w jakiej formule szpital m\u00f3g\u0142by nawi\u0105za\u0107 z nim wsp\u00f3\u0142prac\u0119. Go\u015b\u0107 powtarza\u0142, \u017ce opcja pro publico bono jest jak najbardziej mo\u017cliwa. M\u0119\u017cczy\u017ani um\u00f3wili si\u0119, \u017ce na dniach Dariusz Cybulski przyniesie do szpitala film, kt\u00f3ry Andrij Jakunicz zmontowa\u0142 ze zdj\u0119\u0107 i film\u00f3w swojej pracy i do\u015bwiadcze\u0144 na froncie, aby dodatkowo go uwiarygodni\u0107.<\/p>\n<p class=\"Paragraph_desktopParagraph__U31Gm\">Film znajduje si\u0119 w naszej redakcji. Dokumentuje on prac\u0119 dr. Jakunicza w bardzo graficznych szczeg\u00f3\u0142ach. Ze wzgl\u0119du na drastyczny charakter wielu zdj\u0119\u0107 nie nadaje si\u0119 on do publikacji.<\/p>\n<p class=\"Paragraph_desktopParagraph__U31Gm\">Trzy dni p\u00f3\u017aniej Dariusz Cybulski przychodzi do p\u0142k. Pi\u0105tka z filmem na pendrive. Ten odbiera od niego urz\u0105dzenie, ale wydaje si\u0119 ju\u017c znacznie mniej zainteresowany ca\u0142\u0105 spraw\u0105. Spotkanie ko\u0144czy si\u0119 po kilku minutach.<\/p>\n<p class=\"Paragraph_desktopParagraph__U31Gm\">Po kolejnych trzech dniach Dariusz Cybulski przychodzi do szpitala, aby odebra\u0107 pendrive. Z p\u0142k. Pi\u0105tkiem nie udaje mu si\u0119 ju\u017c spotka\u0107. Pendrive przekazuje mu sekretarka oficera.<\/p>\n<p class=\"Paragraph_desktopParagraph__U31Gm\">Szpital nie odzywa si\u0119 ju\u017c do niego.<\/p>\n<p>Dr Jakunicz  <\/p>\n<p class=\"Paragraph_desktopParagraph__U31Gm\">Nasz poranny telefon do Andrija budzi go ze snu. W\u0142a\u015bnie wr\u00f3ci\u0142 z nocnej zmiany. Pracuje w s\u0142u\u017cbach miejskich Wroc\u0142awia. \u2014 W ci\u0105gu nocy nasza dru\u017cyna ma oko\u0142o 100 przystank\u00f3w do posprz\u0105tania \u2014 informuje nas. To praca, kt\u00f3r\u0105 wykonuje, aby utrzyma\u0107 rodzin\u0119, zanim uda mu si\u0119 nostryfikowa\u0107 dyplom lekarski i znale\u017a\u0107 prac\u0119 odpowiadaj\u0105c\u0105 jego kwalifikacjom w Polsce.<\/p>\n<p class=\"Paragraph_desktopParagraph__U31Gm\">Pytamy dr. Jakunicza o charakter jego pracy i zakres obowi\u0105zk\u00f3w na froncie. Okazuje si\u0119, \u017ce by\u0142 on znacznie szerszy ni\u017c to, czego pocz\u0105tkowo si\u0119 dowiedzieli\u015bmy. Ten chirurg z Zaporo\u017ca na wojn\u0119 trafi\u0142 w pierwszych dniach po pe\u0142noskalowej agresji Rosji na Ukrain\u0119. Zosta\u0142 kierownikiem medycznym w batalionie 110 Brygady Obrony Terytorialnej. \u2014 Zajmowa\u0142em si\u0119 ponad 600 \u017co\u0142nierzami \u2014 m\u00f3wi. \u2014 Robili\u015bmy wszystko: od szczepionek poprzez leczenie zwyk\u0142ych zachorowa\u0144, szkolenia szeregowych \u017co\u0142nierzy z medycyny pola walki, po ewakuacj\u0119 rannych z linii kontaktu i zabezpieczanie odniesionych przez nich ran.<\/p>\n<p class=\"Paragraph_desktopParagraph__U31Gm\">Jednocze\u015bnie pe\u0142ni\u0142 dy\u017cury w tzw. punktach stabilizacyjnych, czyli miejscach organizowanych jak najbli\u017cej linii walk, w kt\u00f3rych medycy ratuj\u0105 \u017cycie rannych \u017co\u0142nierzy przed ich dalszym transportem do szpitali w g\u0142\u0119bi kraju. \u2014 Tam dokonywali\u015bmy tria\u017cu, czyli selekcji rannych na przypadki lekkie, ci\u0119\u017ckie i beznadziejne, oraz wykonywali\u015bmy procedury zabezpieczania rannych przed dalszym transportem. Je\u017celi by\u0142 rozkaz, to szli\u015bmy do rannych bezpo\u015brednio na pole walki \u2014 m\u00f3wi dr Jakunicz o swojej pracy na najci\u0119\u017cszych odcinkach frontu, gdzie w wyniku walk zgin\u0119\u0142a nawet po\u0142owa \u017co\u0142nierzy z batalionu, ale wielu innych zosta\u0142o uratowanych.<\/p>\n<p class=\"Paragraph_desktopParagraph__U31Gm\">Istotnym w\u0105tkiem naszej rozmowy jest dostosowywanie medycznych procedur i szkole\u0144 dla \u017co\u0142nierzy do zmieniaj\u0105cych si\u0119 warunk\u00f3w na polu walki. \u2014 Szczeg\u00f3lnie trudne warunki zastali\u015bmy w Kupia\u0144sku [miasto w obwodzie charkowskim, kt\u00f3re w trakcie obecnej wojny by\u0142o obszarem ci\u0119\u017ckich walk i kilkukrotnie w ca\u0142o\u015bci lub w cz\u0119\u015bci przechodzi\u0142o z r\u0105k do r\u0105k walcz\u0105cych stron] \u2014 relacjonuje dr Jakunicz. \u2014 Miasto znajdowa\u0142o si\u0119 pod sta\u0142ym atakiem roj\u00f3w rosyjskich dron\u00f3w. Poprosili\u015bmy wtedy pluton operator\u00f3w dron\u00f3w, aby podczas szkole\u0144 latali nad g\u0142owami \u017co\u0142nierzy i zrzucali granaty \u0107wiczebne. W ten spos\u00f3b \u017co\u0142nierze przyzwyczajali si\u0119 do tej sytuacji: uczyli si\u0119 unika\u0107 dron\u00f3w, rozpoznawa\u0107, kt\u00f3re ukrycia przed nimi s\u0105 skuteczne, a kt\u00f3re nie.<\/p>\n<p class=\"Paragraph_desktopParagraph__U31Gm\">\u2014 \u017bo\u0142nierze dowiadywali si\u0119 na przyk\u0142ad, \u017ce najlepiej jest ewakuowa\u0107 rannych tu\u017c przed zmrokiem i tu\u017c przed wstaniem dnia \u2014 dodaje lekarz. \u2014 Uczyli si\u0119 te\u017c trudnej sztuki maskowania dr\u00f3g ewakuacji, tak \u017ceby nie by\u0142y widoczne z g\u00f3ry. Uczyli si\u0119 nawet tak prozaicznych rzeczy, jak w jaki spos\u00f3b za\u0142atwia\u0107 potrzeby fizjologiczne na pozycjach, bo ka\u017cde wyj\u015bcie z bunkra by\u0142o realn\u0105 gro\u017ab\u0105 \u015bmierci. Og\u00f3lnie rzecz bior\u0105c, drony zmieniaj\u0105 wszystko, tak\u017ce w dziedzinie medycyny pola walki.<\/p>\n<p class=\"Paragraph_desktopParagraph__U31Gm\">Z eksperckiej wiedzy frontowego lekarza szpital w Lublinie jednak nie skorzysta\u0142.<\/p>\n<p><img decoding=\"async\" class=\"Image_image__0tuHp Image_autoHeight__f2n87 \" height=\"587\" width=\"440\" src=\"https:\/\/www.europesays.com\/pl\/wp-content\/uploads\/2026\/04\/SWOk9kqTURBXy8wMjk3MDliZTk4NzVmMGNhMTU0NWVlZjY3OWFiNmZlOC5qcGVnkpUCzQOsAMLDlQIAzQJLwsPeAAOhMAGhMQGhM.jpeg\" alt=\"Dr Andrij Jakunicz\" loading=\"lazy\" \/>Andrij Jakunicz \/ Andrij Jakunicz<\/p>\n<p>Dr Andrij Jakunicz<\/p>\n<p>Szpital  <\/p>\n<p class=\"Paragraph_desktopParagraph__U31Gm\">Pytania dotycz\u0105ce okoliczno\u015bci wizyt Dariusza Cybulskiego u p\u0142k. Bogus\u0142awa Pi\u0105tka i mo\u017cliwo\u015bci nawi\u0105zania wsp\u00f3\u0142pracy z dr. Andrijem Jakuniczem wys\u0142ali\u015bmy do 1. Wojskowego Szpitala Klinicznego w Lublinie.<\/p>\n<p class=\"Paragraph_desktopParagraph__U31Gm\">W odpowiedzi komendant szpitala p\u0142k Aleksander Michalski napisa\u0142, \u017ce &#8222;naturaln\u0105 cech\u0105 dwustronnych rozm\u00f3w kadrowych jest ich poufno\u015b\u0107&#8221;, w zwi\u0105zku z tym nie mo\u017ce si\u0119 odnie\u015b\u0107 do naszych pyta\u0144. &#8222;Nie ma powodu ani interesu spo\u0142ecznego, aby sta\u0142y si\u0119 one przedmiotem dyskursu publicznego&#8221; \u2014 doda\u0142 w swoim e-mailu komendant.<\/p>\n<p class=\"Paragraph_desktopParagraph__U31Gm\">W swojej odpowiedzi p\u0142k Michalski doda\u0142, \u017ce do szpitala zg\u0142asza si\u0119 &#8222;szereg nowych os\u00f3b deklaruj\u0105cych wsp\u00f3\u0142prac\u0119 w zakresie medycyny wojskowej&#8221;, a kierownictwo gromadzi informacje na ich temat, aby &#8222;na odpowiednim etapie rozwoju zak\u0142adu&#8221; nawi\u0105za\u0107 z takimi osobami wsp\u00f3\u0142prac\u0119.<\/p>\n<p class=\"Paragraph_desktopParagraph__U31Gm\">Problem w tym, \u017ce jak pisali\u015bmy, lubelska plac\u00f3wka wci\u0105\u017c nie posiada personelu przygotowanego do szkole\u0144, a zgodnie z udzielanymi przez p\u0142k. Michalskiego wywiadami, ju\u017c od stycznia mia\u0142a ona &#8222;rozszerza\u0107 szkolenia dla innych szpitali&#8221;.<\/p>\n<p class=\"Paragraph_desktopParagraph__U31Gm\">Po raz ostatni Dariusz Cybulski odwiedzi\u0142 szpital w Lublinie w drugiej po\u0142owie marca, nied\u0142ugo przed nasz\u0105 pierwsz\u0105 publikacj\u0105 o fatalnej sytuacji w tamtejszym Zak\u0142adzie Medycyny Pola Walki i Katastrof. Z p\u0142k. Pi\u0105tkiem nie uda\u0142o mu si\u0119 spotka\u0107.<\/p>\n<p class=\"Paragraph_desktopParagraph__U31Gm\">Po naszym pierwszym artykule wiceminister obrony zapowiedzia\u0142 kontrol\u0119 w szpitalnym zak\u0142adzie. Jej wyniki powinni\u015bmy pozna\u0107 w bardzo kr\u00f3tkim terminie, o czym b\u0119dziemy informowa\u0107.<\/p>\n","protected":false},"excerpt":{"rendered":"Kontakt do autor\u00f3w: marcin.wyrwal@redakcjaonet.pl; edyta.zemla@redakcjaonet.pl Jest druga po\u0142owa pa\u017adziernika 2025 r. W 1. Wojskowym Szpitalu Klinicznym w Lublinie&hellip;\n","protected":false},"author":2,"featured_media":398541,"comment_status":"","ping_status":"","sticky":false,"template":"","format":"standard","meta":{"footnotes":"","_share_on_mastodon":"0"},"categories":[51612],"tags":[244,66,67,1081,7446,53,52,68,51,55,42,38,40,39,41,47,5602,50,26,1378],"class_list":["post-398540","post","type-post","status-publish","format-standard","has-post-thumbnail","category-lublin","tag-ctr_tst","tag-give_me_perspective","tag-intextvideo_splayer","tag-lublin","tag-lublin_miasto","tag-new_header","tag-onet3","tag-onet3d","tag-onet3d_2i","tag-phx","tag-pl","tag-poland","tag-polish","tag-polska","tag-polski","tag-screening_general","tag-szpital","tag-v2021","tag-wiadomosci","tag-wojsko_polskie_polska_armia_marynarka_lotnictwo"],"share_on_mastodon":{"url":"https:\/\/pubeurope.com\/@pl\/116490582827322933","error":""},"_links":{"self":[{"href":"https:\/\/www.europesays.com\/pl\/wp-json\/wp\/v2\/posts\/398540","targetHints":{"allow":["GET"]}}],"collection":[{"href":"https:\/\/www.europesays.com\/pl\/wp-json\/wp\/v2\/posts"}],"about":[{"href":"https:\/\/www.europesays.com\/pl\/wp-json\/wp\/v2\/types\/post"}],"author":[{"embeddable":true,"href":"https:\/\/www.europesays.com\/pl\/wp-json\/wp\/v2\/users\/2"}],"replies":[{"embeddable":true,"href":"https:\/\/www.europesays.com\/pl\/wp-json\/wp\/v2\/comments?post=398540"}],"version-history":[{"count":0,"href":"https:\/\/www.europesays.com\/pl\/wp-json\/wp\/v2\/posts\/398540\/revisions"}],"wp:featuredmedia":[{"embeddable":true,"href":"https:\/\/www.europesays.com\/pl\/wp-json\/wp\/v2\/media\/398541"}],"wp:attachment":[{"href":"https:\/\/www.europesays.com\/pl\/wp-json\/wp\/v2\/media?parent=398540"}],"wp:term":[{"taxonomy":"category","embeddable":true,"href":"https:\/\/www.europesays.com\/pl\/wp-json\/wp\/v2\/categories?post=398540"},{"taxonomy":"post_tag","embeddable":true,"href":"https:\/\/www.europesays.com\/pl\/wp-json\/wp\/v2\/tags?post=398540"}],"curies":[{"name":"wp","href":"https:\/\/api.w.org\/{rel}","templated":true}]}}