{"id":398606,"date":"2026-04-30T00:08:12","date_gmt":"2026-04-30T00:08:12","guid":{"rendered":"https:\/\/www.europesays.com\/pl\/398606\/"},"modified":"2026-04-30T00:08:12","modified_gmt":"2026-04-30T00:08:12","slug":"krolowa-kamila-spotkala-sie-z-sarah-jessica-parker-zeszly-po-slynnych-schodach","status":"publish","type":"post","link":"https:\/\/www.europesays.com\/pl\/398606\/","title":{"rendered":"Kr\u00f3lowa Kamila spotka\u0142a si\u0119 z Sarah Jessic\u0105 Parker. Zesz\u0142y po s\u0142ynnych schodach"},"content":{"rendered":"<p><a class=\"Slot_linkedImage__I6x1q\" target=\"_blank\" href=\"https:\/\/plejada.pl\/temat\/rodziny-krolewskie-rody-royalsi\/rgknq1p\" rel=\"noopener noreferrer nofollow\" data-allow-layer=\"true\"><img decoding=\"async\" class=\"Image_image__0tuHp Image_autoHeight__f2n87 \" height=\"93\" width=\"750\" src=\"https:\/\/www.europesays.com\/pl\/wp-content\/uploads\/2026\/02\/1772071873_947_tS5k9kpTURBXy9mMTRkOTIyMDcwYjFjMGI2YzQyMTNkNDYwYWYwNTg3Ni5qcGeSlQLNAu4AwsOVAgDNAu7Cw94AA6EwAaExAaEzw.jpeg\" loading=\"lazy\" \/><\/a><\/p>\n<p class=\"Paragraph_desktopParagraph__U31Gm\">Brytyjska para kr\u00f3lewska kontynuuje swoj\u0105 czterodniow\u0105 wizyt\u0119 w Stanach Zjednoczonych, odwiedzaj\u0105c kolejne ameryka\u0144skie miasta. <a href=\"https:\/\/plejada.pl\/newsy\/karol-i-kamila-oddali-hold-ofiarom-zamachu-na-world-trade-center-poruszajacy-gest\/xlxdmlf\" id=\"5565e774-79ae-4b6a-bd32-32de50425abb\" rel=\"nofollow noopener\" target=\"_blank\">Po wsp\u00f3lnej wizycie przy pomniku ofiar zamachu na World Trade Center<\/a>, kr\u00f3l Karol i kr\u00f3lowa Kamila rozdzielili si\u0119, by zaanga\u017cowa\u0107 si\u0119 w inicjatywy bliskie ich sercom.<\/p>\n<p>Sarah Jessica Parker spotka\u0142a si\u0119 z kr\u00f3low\u0105 Kamil\u0105. \u0141\u0105czy je wsp\u00f3lna pasja <\/p>\n<p class=\"Paragraph_desktopParagraph__U31Gm\"><a href=\"https:\/\/plejada.pl\/temat\/krolowa-kamila-camilla-parker-bowles\/41jbg5v\" id=\"5cfded51-c5c9-4734-ba73-6df26892cc1c\" rel=\"nofollow noopener\" target=\"_blank\">Kr\u00f3lowa Kamila<\/a> pojawi\u0142a si\u0119 w publicznej bibliotece Nowego Jorku, gdzie spotka\u0142a si\u0119 ze znanymi postaciami \u015bwiata kultury i literatury. W\u015br\u00f3d go\u015bci znalaz\u0142y si\u0119 m.in. Sarah Jessica Parker. Aktorka &#8222;Seksu w wielkim mie\u015bcie&#8221; ostatnim razem by\u0142a nagrywana w bibliotece publicznej, gdy jej bohaterka Carrie Bradshaw mia\u0142a z\u0142amane serce.<\/p>\n<p class=\"Paragraph_desktopParagraph__U31Gm\">&#8222;Dzi\u015b nie wida\u0107 ju\u017c z\u0142amanego serca \u2014 tylko Sarah Jessica Parker, w towarzystwie kr\u00f3lowej Kamili, na spotkaniu literackim&#8221; \u2014 czytamy w mediach spo\u0142eczno\u015bciowych.<\/p>\n<p class=\"Paragraph_desktopParagraph__U31Gm\">W spotkaniu z kr\u00f3low\u0105 Kamil\u0105 wzi\u0119\u0142y r\u00f3wnie\u017c udzia\u0142 <a href=\"https:\/\/plejada.pl\/temat\/anna-wintour\/dgl10el\" id=\"9f8bd158-4c83-4e22-a746-243a611b51b3\" rel=\"nofollow noopener\" target=\"_blank\">Anna Wintour<\/a>, by\u0142a redaktorka naczelna ameryka\u0144skiego &#8222;Vouge&#8217;a&#8221; oraz autorka Jenna Bush Hager. Spotkanie mia\u0142o na celu celebracj\u0119 wsp\u00f3lnej mi\u0142o\u015bci do literatury \u0142\u0105cz\u0105cej Wielk\u0105 Brytani\u0119 i Stany Zjednoczone oraz promowanie dzia\u0142alno\u015bci fundacji kr\u00f3lowej \u2014 The Queen\u2019s Reading Room.<\/p>\n<p class=\"Paragraph_desktopParagraph__U31Gm\">Nie zabrak\u0142o symbolicznych gest\u00f3w. Kr\u00f3lowa Kamila przekaza\u0142a bibliotece brakuj\u0105c\u0105 pluszow\u0105 zabawk\u0119 \u2014 misia Kubu\u015b Puchatek, przywracaj\u0105c ma\u0142ego kangurka Roo jego mamie, Kagze. Pluszaki, kt\u00f3re zainspirowa\u0142y autora do stworzenia kultowych przyg\u00f3d, s\u0105 wystawione w nowojorskiej bibliotece od 1987 r., a w tym roku obchodz\u0105 setn\u0105 rocznic\u0119 istnienia.<\/p>\n<p><img decoding=\"async\" class=\"Image_image__0tuHp Image_autoHeight__f2n87 \" height=\"587\" width=\"880\" src=\"https:\/\/www.europesays.com\/pl\/wp-content\/uploads\/2026\/04\/FbEk9kpTURBXy8xNDEyZWMwMjdlYzRhYWEyODE1ODQ4OTQxNzFhNTg2OS5qcGeSlQLNA6wAwsOVAgDNAkvCw94AA6EwAaExAaEzw.jpeg\" alt=\"Kr\u00f3lowa Kamila i Anna Wintour\" loading=\"lazy\" \/>Ryan Murphy\/Associated Press\/East News \/ East News<\/p>\n<p>Kr\u00f3lowa Kamila i Anna Wintour<\/p>\n<p><img decoding=\"async\" class=\"Image_image__0tuHp Image_autoHeight__f2n87 \" height=\"587\" width=\"880\" src=\"https:\/\/www.europesays.com\/pl\/wp-content\/uploads\/2026\/04\/S6Ck9kpTURBXy81ZWUxMTc0Njc0NzMxNDJjMzUxY2Q4YzA3ODRiYWFmYS5qcGeSlQLNA6wAwsOVAgDNAkvCw94AA6EwAaExAaEzw.jpeg\" alt=\"Kr\u00f3lowa Kamila i Sarah Jessica Parker\" loading=\"lazy\" \/>Richard Drew\/Associated Press\/East News \/ East News<\/p>\n<p>Kr\u00f3lowa Kamila i Sarah Jessica Parker<\/p>\n<p class=\"Paragraph_desktopParagraph__U31Gm\">Dzi\u0119kujemy, \u017ce przeczyta\u0142a\u015b\/e\u015b nasz artyku\u0142 do ko\u0144ca. W serwisie Plejada.pl ka\u017cdego dnia piszemy o najwa\u017cniejszych wydarzeniach show-biznesowych. B\u0105d\u017a na bie\u017c\u0105co!<a rel=\"nofollow noopener\" href=\"https:\/\/profile.google.com\/cp\/Cg0vZy8xMWJ6X19wdHBx\" id=\"214c5654-7bcc-4e75-88ab-079242f0d093\" target=\"_blank\"> Obserwuj<\/a> Plejad\u0119 w Google. Odwied\u017a nas tak\u017ce na<a rel=\"nofollow noopener\" href=\"https:\/\/www.facebook.com\/plejadapl\" id=\"d786c2ff-51d8-4ac5-ade8-b523eac5f3d8\" target=\"_blank\"> Facebooku<\/a>,<a rel=\"nofollow noopener\" href=\"https:\/\/www.instagram.com\/plejadapl\/\" id=\"d4acea15-8594-4c8d-b2cb-4b2143391f58\" target=\"_blank\"> Instagramie<\/a>,<a rel=\"nofollow noopener\" href=\"https:\/\/www.youtube.com\/c\/plejada\" id=\"fb7544d2-2d5c-4c23-960a-f350b8b9280f\" target=\"_blank\"> YouTubie<\/a> oraz<a rel=\"nofollow noopener\" href=\"https:\/\/www.tiktok.com\/@plejada_pl\" id=\"75aad92c-e885-4ba4-ab43-8fee6d3e7e89\" target=\"_blank\"> TikToku<\/a>.<\/p>\n<p class=\"Paragraph_desktopParagraph__U31Gm\">Chcesz podzieli\u0107 si\u0119 ciekawym newsem lub zaproponowa\u0107 temat? Skontaktuj si\u0119 z nami, pisz\u0105c maila na adres: <a href=\"https:\/\/www.onet.pl\/styl-zycia\/plejada\/krolowa-kamila-spotkala-sie-z-sarah-jessica-parker-zeszly-po-slynnych-schodach\/mailto:plejada@redakcjaonet.pl\" id=\"5ea10cc5-1b14-4f69-8e9d-4f639c664675\" rel=\"nofollow noopener\" target=\"_blank\">plejada@redakcjaonet.pl<\/a>.<\/p>\n<p><script async src=\"\/\/www.instagram.com\/embed.js\"><\/script><script async src=\"\/\/www.tiktok.com\/embed.js\"><\/script><\/p>\n","protected":false},"excerpt":{"rendered":"Brytyjska para kr\u00f3lewska kontynuuje swoj\u0105 czterodniow\u0105 wizyt\u0119 w Stanach Zjednoczonych, odwiedzaj\u0105c kolejne ameryka\u0144skie miasta. Po wsp\u00f3lnej wizycie przy&hellip;\n","protected":false},"author":2,"featured_media":398607,"comment_status":"","ping_status":"","sticky":false,"template":"","format":"standard","meta":{"footnotes":"","_share_on_mastodon":"0"},"categories":[22],"tags":[5101,122,67,71847,11522,53,2062,52,68,51,55,42,38,40,39,41,459,123,13937,47,196,65,50],"class_list":["post-398606","post","type-post","status-publish","format-standard","has-post-thumbnail","category-rozrywka","tag-anna_wintour","tag-entertainment","tag-intextvideo_splayer","tag-krolowa_kamila_camilla_parker_bowles","tag-ksiazka_ksiazki_audiobook_e_book_literatura_pisarz_pisarka_pisarze_pisarki","tag-new_header","tag-nowy_jork_miasto","tag-onet3","tag-onet3d","tag-onet3d_2i","tag-phx","tag-pl","tag-poland","tag-polish","tag-polska","tag-polski","tag-rodziny_krolewskie_rody_royalsi","tag-rozrywka","tag-sarah_jessica_parker","tag-screening_general","tag-styl_zycia","tag-update_me","tag-v2021"],"share_on_mastodon":{"url":"https:\/\/pubeurope.com\/@pl\/116490751483714455","error":""},"_links":{"self":[{"href":"https:\/\/www.europesays.com\/pl\/wp-json\/wp\/v2\/posts\/398606","targetHints":{"allow":["GET"]}}],"collection":[{"href":"https:\/\/www.europesays.com\/pl\/wp-json\/wp\/v2\/posts"}],"about":[{"href":"https:\/\/www.europesays.com\/pl\/wp-json\/wp\/v2\/types\/post"}],"author":[{"embeddable":true,"href":"https:\/\/www.europesays.com\/pl\/wp-json\/wp\/v2\/users\/2"}],"replies":[{"embeddable":true,"href":"https:\/\/www.europesays.com\/pl\/wp-json\/wp\/v2\/comments?post=398606"}],"version-history":[{"count":0,"href":"https:\/\/www.europesays.com\/pl\/wp-json\/wp\/v2\/posts\/398606\/revisions"}],"wp:featuredmedia":[{"embeddable":true,"href":"https:\/\/www.europesays.com\/pl\/wp-json\/wp\/v2\/media\/398607"}],"wp:attachment":[{"href":"https:\/\/www.europesays.com\/pl\/wp-json\/wp\/v2\/media?parent=398606"}],"wp:term":[{"taxonomy":"category","embeddable":true,"href":"https:\/\/www.europesays.com\/pl\/wp-json\/wp\/v2\/categories?post=398606"},{"taxonomy":"post_tag","embeddable":true,"href":"https:\/\/www.europesays.com\/pl\/wp-json\/wp\/v2\/tags?post=398606"}],"curies":[{"name":"wp","href":"https:\/\/api.w.org\/{rel}","templated":true}]}}