{"id":399191,"date":"2026-04-30T07:29:11","date_gmt":"2026-04-30T07:29:11","guid":{"rendered":"https:\/\/www.europesays.com\/pl\/399191\/"},"modified":"2026-04-30T07:29:11","modified_gmt":"2026-04-30T07:29:11","slug":"warszawa-oddala-hold-legendom-powstalo-wyjatkowe-miejsce","status":"publish","type":"post","link":"https:\/\/www.europesays.com\/pl\/399191\/","title":{"rendered":"Warszawa odda\u0142a ho\u0142d legendom. Powsta\u0142o wyj\u0105tkowe miejsce"},"content":{"rendered":"<p class=\"Paragraph_desktopParagraph__U31Gm\">Przed wej\u015bciem do budynku Polskiego Radia i Radia RDC przy ul. My\u015bliwieckiej 3\/5\/7 powsta\u0142 symboliczny ogr\u00f3d po\u015bwi\u0119cony tw\u00f3rczo\u015bci Jeremiego Przybory i Jerzego Wasowskiego. To w\u0142a\u015bnie w legendarnym studiu M1 \u2014 dzi\u015b nosz\u0105cym imi\u0119 Agnieszki Osieckiej \u2014 powstawa\u0142y audycje i piosenki Kabaretu Starszych Pan\u00f3w. Projekt zrealizowano dzi\u0119ki wsp\u00f3\u0142pracy Fundacji Wasowskich i Zarz\u0105du Zieleni m.st. Warszawy.<\/p>\n<p>Pomys\u0142 ogrodu i jego realizacja <\/p>\n<p class=\"Paragraph_desktopParagraph__U31Gm\">Inicjatork\u0105 przedsi\u0119wzi\u0119cia by\u0142a Urszula Zubek \u2014 laureatka Og\u00f3lnopolskiego Konkursu Wokalnego Stacji Kutno im. Jeremiego Przybory. To od jej darowizny pierwszych krzew\u00f3w r\u00f3\u017c rozpocz\u0119\u0142a si\u0119 idea stworzenia ogrodu.<\/p>\n<p class=\"Paragraph_desktopParagraph__U31Gm\">Fundacja Wasowskich zakupi\u0142a kolejne ro\u015bliny, a Zarz\u0105d Zieleni przygotowa\u0142 projekt nasadze\u0144 i uzupe\u0142ni\u0142 kompozycj\u0119 o byliny. W efekcie powsta\u0142a przestrze\u0144, kt\u00f3ra nie tylko upi\u0119ksza otoczenie, ale tak\u017ce przypomina o dorobku artystycznego duetu.<\/p>\n<p class=\"Paragraph_desktopParagraph__U31Gm\">\u2014 Warszawa potrafi z czu\u0142o\u015bci\u0105 i szacunkiem wraca\u0107 do swoich mistrz\u00f3w. Niech pami\u0119\u0107 o Przyborze i Wasowskim ro\u015bnie i rozkwita dalej, tak jak te r\u00f3\u017ce \u2014 powiedzia\u0142a Aldona Machnowska-G\u00f3ra, zast\u0119pczyni prezydenta m.st. Warszawy.<\/p>\n<p>Kabaret Starszych Pan\u00f3w \u2014 fenomen polskiej kultury <\/p>\n<p class=\"Paragraph_desktopParagraph__U31Gm\">Kabaret Starszych Pan\u00f3w by\u0142 autorskim cyklem Jeremiego Przybory i Jerzego Wasowskiego, emitowanym w Telewizji Polskiej w latach 1958-1966. Program \u0142\u0105czy\u0142 humor, muzyk\u0119 i poetyckie dialogi, tworz\u0105c unikalny klimat elegancji i ironii.<\/p>\n<p class=\"Paragraph_desktopParagraph__U31Gm\">Na scenie wyst\u0119powali wybitni arty\u015bci, m.in. Irena Kwiatkowska, Kalina J\u0119drusik, Wies\u0142aw Michnikowski czy Bohdan \u0141azuka. To w\u0142a\u015bnie przy My\u015bliwieckiej powsta\u0142y takie utwory jak Piosenka jest dobra na wszystko czy Addio, pomidory.<\/p>\n<p>Pami\u0105tkowa tablica na My\u015bliwieckiej <\/p>\n<p class=\"Paragraph_desktopParagraph__U31Gm\">W ramach projektu ods\u0142oni\u0119to tak\u017ce pami\u0105tkow\u0105 tablic\u0119 zaprojektowan\u0105 przez Aleksandr\u0119 Jasionowsk\u0105. Upami\u0119tnia ona miejsce, w kt\u00f3rym powstawa\u0142y jedne z najwa\u017cniejszych dzie\u0142 polskiej piosenki literackiej.<\/p>\n<p class=\"Paragraph_desktopParagraph__U31Gm\">Ogr\u00f3d i tablica tworz\u0105 sp\u00f3jny, symboliczny &#8222;\u017cywy pomnik&#8221;, przypominaj\u0105cy o tw\u00f3rczo\u015bci Przybory i Wasowskiego oraz o znaczeniu tego miejsca dla historii polskiej kultury.<\/p>\n<p class=\"Paragraph_desktopParagraph__U31Gm\">Red<\/p>\n","protected":false},"excerpt":{"rendered":"Przed wej\u015bciem do budynku Polskiego Radia i Radia RDC przy ul. My\u015bliwieckiej 3\/5\/7 powsta\u0142 symboliczny ogr\u00f3d po\u015bwi\u0119cony tw\u00f3rczo\u015bci&hellip;\n","protected":false},"author":2,"featured_media":399192,"comment_status":"","ping_status":"","sticky":false,"template":"","format":"standard","meta":{"footnotes":"","_share_on_mastodon":"0"},"categories":[51605],"tags":[369,261,53,52,68,51,55,42,38,40,39,41,47,8908,50,435],"class_list":["post-399191","post","type-post","status-publish","format-standard","has-post-thumbnail","category-warszawa","tag-kk","tag-kultura","tag-new_header","tag-onet3","tag-onet3d","tag-onet3d_2i","tag-phx","tag-pl","tag-poland","tag-polish","tag-polska","tag-polski","tag-screening_general","tag-tu_stolica","tag-v2021","tag-warszawa"],"share_on_mastodon":{"url":"https:\/\/pubeurope.com\/@pl\/116492485602429912","error":""},"_links":{"self":[{"href":"https:\/\/www.europesays.com\/pl\/wp-json\/wp\/v2\/posts\/399191","targetHints":{"allow":["GET"]}}],"collection":[{"href":"https:\/\/www.europesays.com\/pl\/wp-json\/wp\/v2\/posts"}],"about":[{"href":"https:\/\/www.europesays.com\/pl\/wp-json\/wp\/v2\/types\/post"}],"author":[{"embeddable":true,"href":"https:\/\/www.europesays.com\/pl\/wp-json\/wp\/v2\/users\/2"}],"replies":[{"embeddable":true,"href":"https:\/\/www.europesays.com\/pl\/wp-json\/wp\/v2\/comments?post=399191"}],"version-history":[{"count":0,"href":"https:\/\/www.europesays.com\/pl\/wp-json\/wp\/v2\/posts\/399191\/revisions"}],"wp:featuredmedia":[{"embeddable":true,"href":"https:\/\/www.europesays.com\/pl\/wp-json\/wp\/v2\/media\/399192"}],"wp:attachment":[{"href":"https:\/\/www.europesays.com\/pl\/wp-json\/wp\/v2\/media?parent=399191"}],"wp:term":[{"taxonomy":"category","embeddable":true,"href":"https:\/\/www.europesays.com\/pl\/wp-json\/wp\/v2\/categories?post=399191"},{"taxonomy":"post_tag","embeddable":true,"href":"https:\/\/www.europesays.com\/pl\/wp-json\/wp\/v2\/tags?post=399191"}],"curies":[{"name":"wp","href":"https:\/\/api.w.org\/{rel}","templated":true}]}}