{"id":399359,"date":"2026-04-30T09:04:13","date_gmt":"2026-04-30T09:04:13","guid":{"rendered":"https:\/\/www.europesays.com\/pl\/399359\/"},"modified":"2026-04-30T09:04:13","modified_gmt":"2026-04-30T09:04:13","slug":"waldemar-baszanowski-i-legendarne-zloto-z-tokio-15-lat-od-smierci-mistrza","status":"publish","type":"post","link":"https:\/\/www.europesays.com\/pl\/399359\/","title":{"rendered":"Waldemar Baszanowski i legendarne z\u0142oto z Tokio. 15 lat od \u015bmierci mistrza"},"content":{"rendered":"<p>Mija pi\u0119tna\u015bcie lat od \u015bmierci Waldemara Baszanowskiego, wybitnego polskiego sztangistyBaszanowski zdoby\u0142 z\u0142oty medal na igrzyskach w Tokio w 1964 r., pokonuj\u0105c W\u0142adimira Kap\u0142unowa dzi\u0119ki ni\u017cszej masie cia\u0142aCztery lata p\u00f3\u017aniej w Meksyku powt\u00f3rzy\u0142 sukces i zn\u00f3w zosta\u0142 mistrzem olimpijskim w wadze lekkiejW trakcie kariery ustanowi\u0142 26 rekord\u00f3w \u015bwiata i zosta\u0142 mistrzem olimpijskim, \u015bwiata i Europy<\/p>\n<p class=\"Paragraph_desktopParagraph__U31Gm\">Waldemar Baszanowski mia\u0142 w Tokio wygra\u0107. Tak przynajmniej wygl\u0105da\u0142o to przed startem, gdy patrzono na wyniki z ostatnich miesi\u0119cy. W czerwcu 1964 r., w trakcie Spartakiady XX-lecia w Bia\u0142ymstoku, ustanowi\u0142 rekordy \u015bwiata w rwaniu, podrzucie i tr\u00f3jboju. Nied\u0142ugo p\u00f3\u017aniej poprawi\u0142 jeszcze wynik w podrzucie. By\u0142 mocny.<\/p>\n<p class=\"Paragraph_desktopParagraph__U31Gm\">\u0141atka faworyta mo\u017ce jednak przeszkadza\u0107. Sprawia te\u017c, \u017ce cz\u0119\u015b\u0107 naznaczonych ni\u0105 sportowc\u00f3w zwyczajnie ulega presji. Nie wytrzymuje psychicznie. Waldek dobrze zna\u0142 to uczucie, bo przed olimpijskim startem us\u0142ysza\u0142, \u017ce srebrny medal\u2026 nie b\u0119dzie sukcesem. Takie zdanie zostaje w g\u0142owie. Nie pomaga w koncentracji. Ba, raczej dok\u0142ada ci\u0119\u017car.<\/p>\n<p><img decoding=\"async\" class=\"Image_image__0tuHp Image_autoHeight__f2n87 \" height=\"587\" width=\"472\" src=\"https:\/\/www.europesays.com\/pl\/wp-content\/uploads\/2026\/04\/RsLk9kpTURBXy8yYTAwYTcxZTlkMzhjZjEzNTIzMzM3ZDlhZjQ1ZTI4MS5qcGeTlQMAAM0CHM0Cn5UCzQOsAMLDlQIAzQJLwsPeA.jpeg\" alt=\"Waldemar Baszanowski w 1964 r.\" loading=\"lazy\" \/>Domena publiczna<\/p>\n<p>Waldemar Baszanowski w 1964 r.<\/p>\n<p class=\"Paragraph_desktopParagraph__U31Gm\">W ko\u0144c\u00f3wce przygotowa\u0144 nabawi\u0142 si\u0119 jeszcze kontuzji \u0142okcia. Zd\u0105\u017cy\u0142 si\u0119 jednak wyleczy\u0107. Na tokijskie igrzyskach by\u0142 ju\u017c zdrowy, ale pewien niepok\u00f3j pozosta\u0142. Dzie\u0144 przed startem mia\u0142 wra\u017cenie, \u017ce forma mu ucieka. Mi\u0119\u015bnie wydawa\u0142y si\u0119 s\u0142abe, a cia\u0142o nie dawa\u0142o tej pewno\u015bci, kt\u00f3rej zawodnik szuka przed najwa\u017cniejszymi startami. Masa\u017cysta Miko\u0142ajewski uspokaja\u0142 go, \u017ce wygl\u0105da dobrze, bo jest rozlu\u017aniony. Waldek przyj\u0105\u0142 te s\u0142owa, cho\u0107 wieczorem i tak d\u0142ugo nie m\u00f3g\u0142 zasn\u0105\u0107.<\/p>\n<p class=\"Paragraph_desktopParagraph__U31Gm\">Pojawi\u0142y si\u0119 nerwy. Mo\u017ce i kalkulacje. By\u0142a te\u017c \u015bwiadomo\u015b\u0107, \u017ce obok stan\u0105 zawodnicy tej samej klasy. Marian Zieli\u0144ski i W\u0142adimir Kap\u0142unow nie przyjechali do Japonii &#8222;robi\u0107 za jego t\u0142o&#8221;. To byli rywale, kt\u00f3rzy bardzo dobrze go znali, a on zna\u0142 ich. W poprzednich latach wymieniali si\u0119 przecie\u017c miejscami na podium mistrzostw \u015bwiata. Ka\u017cdy z nich wiedzia\u0142, ile mo\u017ce podnie\u015b\u0107 drugi.<\/p>\n<p>Na styku&#8230; <\/p>\n<p class=\"Paragraph_desktopParagraph__U31Gm\">Po wyciskaniu sytuacja Baszanowskiego nie by\u0142a wygodna. Reprezentant ZSRR i kolega z kadry uzyskali po 140 kilogram\u00f3w, a Waldek 132,5 kilograma. Strata nie by\u0142a ogromna, ale w olimpijskim konkursie ka\u017cdy kilogram zaczyna wa\u017cy\u0107 podw\u00f3jnie. Trzeba by\u0142o odrabia\u0107 w rwaniu.<\/p>\n<p class=\"Paragraph_desktopParagraph__U31Gm\">I w\u0142a\u015bnie tam Waldek zrobi\u0142 to, co potrafi\u0142 najlepiej. Najpierw zaliczy\u0142 127,5 kilograma, potem 132,5. W trzecim podej\u015bciu podni\u00f3s\u0142 135 kilogram\u00f3w. Rekordu \u015bwiata nie uznano, bo by\u0142 minimalnie za ci\u0119\u017cki, ale wynik wlicza\u0142 si\u0119 do tr\u00f3jboju. To wystarczy\u0142o, \u017ceby wr\u00f3ci\u0107 do walki o z\u0142oto.<\/p>\n<p class=\"Paragraph_desktopParagraph__U31Gm\">Przed podrzutem Waldek i Kap\u0142unow mieli taki sam wynik. Polak by\u0142 l\u017cejszy, wi\u0119c przy ewentualnym remisie to on m\u00f3g\u0142 wygra\u0107. Tyle \u017ce trzeba by\u0142o jeszcze utrzyma\u0107 t\u0119 pozycj\u0119. W\u0142adimir zaliczy\u0142 160 kilogram\u00f3w, a Baszanowski odpowiedzia\u0142 tym samym. Potem radziecki zawodnik podni\u00f3s\u0142 165 kilogram\u00f3w, bo musia\u0142. Polak te\u017c spr\u00f3bowa\u0142\u2026 i pierwszej pr\u00f3by nie zaliczy\u0142.<\/p>\n<p class=\"Paragraph_desktopParagraph__U31Gm\">Reprezentant ZSRR wyszed\u0142 na prowadzenie.<\/p>\n<p class=\"Paragraph_desktopParagraph__U31Gm\">To by\u0142 moment, w kt\u00f3rym konkurs m\u00f3g\u0142 wymkn\u0105\u0107 si\u0119 Waldkowi spod kontroli. Wida\u0107 by\u0142o u niego zm\u0119czenie. Zreszt\u0105, sam m\u00f3wi\u0142 potem, \u017ce podczas rozgrzewki z trudem podni\u00f3s\u0142 140 kilogram\u00f3w. Trenerzy pozostawili mu decyzj\u0119. M\u00f3g\u0142 ponowi\u0107 atak na 165 kilogram\u00f3w albo pr\u00f3bowa\u0107 167,5. Wybra\u0142 rozs\u0105dek. Uzna\u0142, \u017ce rywal pewnie spr\u00f3buje 167,5 kilograma i mo\u017ce tego ci\u0119\u017caru nie podnie\u015b\u0107. Wtedy jemu wystarczy zaliczy\u0107 165.<\/p>\n<p class=\"Paragraph_desktopParagraph__U31Gm\">Wyszed\u0142 wi\u0119c raz jeszcze. I tym razem podni\u00f3s\u0142 te 165 kilogram\u00f3w i zr\u00f3wna\u0142 si\u0119 wynikiem z Kap\u0142unowem. Ten za\u015b nie poradzi\u0142 sobie z 167,5 kilograma, dok\u0142adnie tak, jak przewidywa\u0142 Polak. By\u0142 jeszcze Marian Zieli\u0144ski, kt\u00f3ry zaryzykowa\u0142 170 kilogram\u00f3w, ale to by\u0142o zbyt du\u017co.<\/p>\n<p class=\"Paragraph_desktopParagraph__U31Gm\">Waldemar Baszanowski zosta\u0142 mistrzem olimpijskim, cho\u0107 uzyska\u0142 taki sam wynik w tr\u00f3jboju jak W\u0142adimir Kap\u0142unow. Zdecydowa\u0142a masa cia\u0142a. Polak by\u0142 l\u017cejszy o 700 gram\u00f3w.<\/p>\n<p>Ikona polskiego sportu <\/p>\n<p class=\"Paragraph_desktopParagraph__U31Gm\">Po wszystkim nie wygl\u0105da\u0142, jakby si\u0119 cieszy\u0142. M\u00f3wiono nawet, \u017ce na podium, podczas odgrywania &#8222;Mazurka D\u0105browskiego&#8221;, mia\u0142 dziwnie kwa\u015bn\u0105 min\u0119. T\u0142umaczy\u0142 to zwyczajnie: by\u0142 wyczerpany. Chcia\u0142 tylko zje\u015b\u0107 i p\u00f3j\u015b\u0107 spa\u0107. Rado\u015b\u0107 przysz\u0142a dopiero nast\u0119pnego dnia, gdy napi\u0119cie opad\u0142o.<\/p>\n<p class=\"Paragraph_desktopParagraph__U31Gm\">W jednym z pokonkursowych wywiad\u00f3w wida\u0107 by\u0142o te\u017c, jak du\u017cy baga\u017c spad\u0142 mu z plec\u00f3w:<\/p>\n<p class=\"Paragraph_desktopParagraph__U31Gm\">&#8222;Walka by\u0142a niezwykle trudna. Mog\u0142em by\u0107 r\u00f3wnie dobrze trzeci. Tyle wra\u017ce\u0144, tyle wra\u017ce\u0144, \u017ce trudno mi co\u015b powiedzie\u0107. Ciesz\u0119 si\u0119 bardzo, \u017ce nie sprawi\u0142em nikomu zawodu \u2014 tam, w kraju&#8230;&#8221; \u2014 m\u00f3wi\u0142.<\/p>\n<p class=\"Paragraph_desktopParagraph__U31Gm\">Cztery lata p\u00f3\u017aniej, w Meksyku, zn\u00f3w wygra\u0142 olimpijski konkurs w wadze lekkiej. Tym razem zrobi\u0142 to o wiele pewniej. Uzyska\u0142 437,5 kilograma i wyprzedzi\u0142 Ira\u0144czyka Mohammada Nassiriego oraz Mariana Zieli\u0144skiego. Startowa\u0142 jeszcze w Monachium, gdzie zaj\u0105\u0142 czwarte miejsce. By\u0142y to jego czwarte igrzyska, bo wcze\u015bniej, w Rzymie, by\u0142 pi\u0105ty.<\/p>\n<p class=\"Paragraph_desktopParagraph__U31Gm\">Waldemar Baszanowski zostawi\u0142 po sobie wyniki, kt\u00f3re wystarczy\u0142yby na osobny rozdzia\u0142 w historii polskiego sportu. By\u0142 mistrzem olimpijskim, mistrzem \u015bwiata, mistrzem Europy i rekordzist\u0105 \u015bwiata. Ustanowi\u0142 \u0142\u0105cznie 26 rekord\u00f3w. Po zako\u0144czeniu kariery pracowa\u0142 naukowo w warszawskiej AWF i trenowa\u0142 m\u0142odych ci\u0119\u017carowc\u00f3w AZS Warszawa.<\/p>\n<p class=\"Paragraph_desktopParagraph__U31Gm\">Nie trzeba jednak robi\u0107 z niego postaci z marmuru. Sam tego nie robi\u0142. Lepiej widzie\u0107 w nim sportowca bardzo konkretnego. Podchodz\u0105cego do rywalizacji bardzo racjonalnie. Takiego, kt\u00f3ry potrafi\u0142 przygotowa\u0107 form\u0119 na konkretne zawody, a w ich trakcie walczy\u0107 do ostatniego podej\u015bcia i ch\u0142odno kalkulowa\u0107. To jego z\u0142oto z Tokio nie przysz\u0142o \u0142atwo. Kto wie, mo\u017ce przeszkodzi\u0142a \u0142atka faworyta? Ale dzi\u0119ki tym swoim cechom na pewno nie zatraci\u0142 si\u0119 w tym szalonym konkursie.<\/p>\n<p class=\"Paragraph_desktopParagraph__U31Gm\">30 kwietnia 2026 r. min\u0119\u0142a 15. rocznica \u015bmierci Waldemara Baszanowskiego\u2026<\/p>\n","protected":false},"excerpt":{"rendered":"Mija pi\u0119tna\u015bcie lat od \u015bmierci Waldemara Baszanowskiego, wybitnego polskiego sztangistyBaszanowski zdoby\u0142 z\u0142oty medal na igrzyskach w Tokio w&hellip;\n","protected":false},"author":2,"featured_media":399360,"comment_status":"","ping_status":"","sticky":false,"template":"","format":"standard","meta":{"footnotes":"","_share_on_mastodon":"0"},"categories":[52122],"tags":[36981,369,53,52,68,51,55,6010,752,42,38,40,39,41,47,127,243,50],"class_list":["post-399359","post","type-post","status-publish","format-standard","has-post-thumbnail","category-pko-bank-polski","tag-historiasportuinfo","tag-kk","tag-new_header","tag-onet3","tag-onet3d","tag-onet3d_2i","tag-phx","tag-pko-bank-polski","tag-pko-bp","tag-pl","tag-poland","tag-polish","tag-polska","tag-polski","tag-screening_general","tag-sport","tag-tokio","tag-v2021"],"share_on_mastodon":{"url":"https:\/\/pubeurope.com\/@pl\/116492859270537541","error":""},"_links":{"self":[{"href":"https:\/\/www.europesays.com\/pl\/wp-json\/wp\/v2\/posts\/399359","targetHints":{"allow":["GET"]}}],"collection":[{"href":"https:\/\/www.europesays.com\/pl\/wp-json\/wp\/v2\/posts"}],"about":[{"href":"https:\/\/www.europesays.com\/pl\/wp-json\/wp\/v2\/types\/post"}],"author":[{"embeddable":true,"href":"https:\/\/www.europesays.com\/pl\/wp-json\/wp\/v2\/users\/2"}],"replies":[{"embeddable":true,"href":"https:\/\/www.europesays.com\/pl\/wp-json\/wp\/v2\/comments?post=399359"}],"version-history":[{"count":0,"href":"https:\/\/www.europesays.com\/pl\/wp-json\/wp\/v2\/posts\/399359\/revisions"}],"wp:featuredmedia":[{"embeddable":true,"href":"https:\/\/www.europesays.com\/pl\/wp-json\/wp\/v2\/media\/399360"}],"wp:attachment":[{"href":"https:\/\/www.europesays.com\/pl\/wp-json\/wp\/v2\/media?parent=399359"}],"wp:term":[{"taxonomy":"category","embeddable":true,"href":"https:\/\/www.europesays.com\/pl\/wp-json\/wp\/v2\/categories?post=399359"},{"taxonomy":"post_tag","embeddable":true,"href":"https:\/\/www.europesays.com\/pl\/wp-json\/wp\/v2\/tags?post=399359"}],"curies":[{"name":"wp","href":"https:\/\/api.w.org\/{rel}","templated":true}]}}