{"id":400374,"date":"2026-04-30T18:48:10","date_gmt":"2026-04-30T18:48:10","guid":{"rendered":"https:\/\/www.europesays.com\/pl\/400374\/"},"modified":"2026-04-30T18:48:10","modified_gmt":"2026-04-30T18:48:10","slug":"kierowali-po-alkoholu-i-z-sadowymi-zakazami","status":"publish","type":"post","link":"https:\/\/www.europesays.com\/pl\/400374\/","title":{"rendered":"Kierowali po alkoholu i z s\u0105dowymi zakazami"},"content":{"rendered":"<p>            <a href=\"https:\/\/s-trojmiasto.pl\/zdj\/c\/n\/9\/4309\/1115x0\/4309272-Policjanci-zatrzymali-w-jeden-dzien-trzech-nietrzezwych-kierowcow-i-dwoch-z-sadowymi-zakazami-Rekordzista-mial-takich-zakazow-trzy.webp\" target=\"_blank\" data-slide-name=\"833868\" data-lightbox-target=\"photo full\" data-sub-html=\"&lt;h4&gt;Policjanci zatrzymali w jeden dzie\u0144 trzech nietrze\u017awych kierowc\u00f3w i dw\u00f3ch z s\u0105dowymi zakazami. Rekordzista mia\u0142 takich zakaz\u00f3w trzy.&lt;\/h4&gt;&lt;p&gt;fot. KMP w Gda\u0144sku&lt;\/p&gt;&#010;\" class=\"photoMarker__link\" data-filter-brightness=\"brightness--100\" rel=\"nofollow noopener\"><\/p>\n<p>    <img decoding=\"async\" style=\"height:523px; aspect-ratio: 1.43132\/1; filter:brightness(1);\" alt=\"Policjanci zatrzymali w jeden dzie\u0144 trzech nietrze\u017awych kierowc\u00f3w i dw\u00f3ch z s\u0105dowymi zakazami. Rekordzista mia\u0142 takich zakaz\u00f3w trzy.\" src=\"https:\/\/www.europesays.com\/pl\/wp-content\/uploads\/2026\/04\/4309272-Policjanci-zatrzymali-w-jeden-dzien-trzech-nietrzezwych-kierowcow-i-dwoch-z.webp\" class=\"photoMarker__img \" data-slider=\"img\" fetchpriority=\"high\"\/><\/p>\n<p>            <\/a><\/p>\n<p class=\"lead\">W \u015brod\u0119 policjanci zatrzymali w\u00a0Gda\u0144sku trzy osoby kieruj\u0105ce po alkoholu i\u00a0dwie z\u00a0s\u0105dowymi zakazami prowadzenia pojazd\u00f3w. Wobec 57-latka, kt\u00f3ry mia\u0142 trzy zakazy, zastosowano tryb przyspieszony i\u00a0jeszcze tego samego dnia zosta\u0142 on doprowadzony przed s\u0105d i\u00a0skazany na 10 miesi\u0119cy wi\u0119zienia.<\/p>\n<p>Trzy osoby prowadzi\u0142y po alkoholu<\/p>\n<p>                                w ci\u0105gu ostatnich 3 lat<br \/>\n                                21%<\/p>\n<p>                                tak dawno, \u017ce nie pami\u0119tam dok\u0142adnie kiedy<br \/>\n                                35%<\/p>\n<p>Do pierwszego zatrzymania dosz\u0142o w\u00a0\u015brod\u0119 o\u00a0p\u00f3\u0142nocy na ul. \u015awi\u0119tokrzyskiej. Policjanci ruchu drogowego z\u00a0gda\u0144skiej komendy miejskiej zatrzymali do kontroli BMW. <\/p>\n<p>&#8211; Podczas czynno\u015bci funkcjonariusze sprawdzili dane pojazdu oraz kieruj\u0105cego. Szybko si\u0119 okaza\u0142o, \u017ce 19-letni obywatel Ukrainy nie powinien kierowa\u0107, poniewa\u017c w\u00a0og\u00f3le nie ma prawa jazdy. M\u0119\u017cczyzna wpad\u0142 w\u00a0jeszcze wi\u0119ksze tarapaty, gdy policjanci sprawdzili jego trze\u017awo\u015b\u0107. Urz\u0105dzenie wykaza\u0142o, \u017ce 19-latek ma w\u00a0organizmie ponad 1,5 promila alkoholu. Zatrzymany sprawca sp\u0119dzi\u0142 noc w\u00a0policyjnej celi &#8211; m\u00f3wi asp. szt. Mariusz Chrzanowski z\u00a0KMP w\u00a0Gda\u0144sku.<br \/>Kolejne zatrzymanie nietrze\u017awego kieruj\u0105cego mia\u0142o miejsce o\u00a0godz. 6:40 przy ul. Wosia Budzysza. Policjanci z\u00a0drog\u00f3wki zatrzymali Volkswagena Passata, kt\u00f3rym kierowa\u0142 53-letni obywatel Polski. Podczas kontroli funkcjonariusze sprawdzili trze\u017awo\u015b\u0107 m\u0119\u017cczyzny i\u00a0okaza\u0142o si\u0119, \u017ce ma w\u00a0organizmie ponad 0,5 promila alkoholu.<\/p>\n<p>Trzeci z\u00a0m\u0119\u017cczyzn, kt\u00f3ry wsiad\u0142 za kierownic\u0119 nietrze\u017awy, wpad\u0142 w\u00a0r\u0119ce policjant\u00f3w po godz. 17 na ul. Spadochroniarzy. 33-letni obywatel Polski, kieruj\u0105cy Renault, wydmucha\u0142 prawie promil. M\u0119\u017cczyzna sp\u0119dzi\u0142 noc w\u00a0pomieszczeniu dla os\u00f3b zatrzymanych.<\/p>\n<p>Dwie kolejne &#8211; z\u00a0s\u0105dowymi zakazami<\/p>\n<p>&#8211; Tu\u017c przed godz. 10 na ul. J\u00f3zefa Czy\u017cewskiego policjanci zatrzymali do kontroli Renault, kt\u00f3rym kierowa\u0142 57-letni obywatel Polski. Po sprawdzeniu w\u00a0policyjnych systemach okaza\u0142o si\u0119, \u017ce m\u0119\u017cczyzna ma orzeczone trzy s\u0105dowe zakazy prowadzenia pojazd\u00f3w. 57-latek zosta\u0142 zatrzymany, a\u00a0samoch\u00f3d odholowano na policyjny parking. Tego samego dnia m\u0119\u017cczyzna w\u00a0trybie przyspieszonym trafi\u0142 przed s\u0105d &#8211; m\u00f3wi Chrzanowski.<br \/>M\u0119\u017cczyzna zosta\u0142 skazany na 10 miesi\u0119cy wi\u0119zienia, otrzyma\u0142 te\u017c do\u017cywotni zakaz prowadzenia pojazd\u00f3w.<\/p>\n<p>Chwil\u0119 po godz. 11 na ul. <a href=\"https:\/\/www.trojmiasto.pl\/dom\/Slowackiego-i1627.html\" class=\"parse-link\" title=\"S\u0142owackiego\" rel=\"nofollow noopener\" target=\"_blank\">S\u0142owackiego<\/a> policjanci zatrzymali do kontroli Volkswagena, kt\u00f3rym kierowa\u0142a 57-letnia mieszkanka powiatu kartuskiego. W\u00a0trakcie czynno\u015bci funkcjonariusze sprawdzili dane pojazdu oraz kobiety w\u00a0policyjnych systemach i\u00a0okaza\u0142o si\u0119, \u017ce kieruj\u0105ca ma s\u0105dowy zakaz prowadzenia pojazd\u00f3w.<\/p>\n<p>Za z\u0142amanie s\u0105dowego zakazu grozi kara nawet 5 lat wi\u0119zienia. Za kierowanie po alkoholu grozi kara 3 lat wi\u0119zienia, s\u0105dowy zakaz prowadzenia pojazd\u00f3w, utrata prawa jazdy oraz wysoka grzywna.\n                <\/p>\n","protected":false},"excerpt":{"rendered":"W \u015brod\u0119 policjanci zatrzymali w\u00a0Gda\u0144sku trzy osoby kieruj\u0105ce po alkoholu i\u00a0dwie z\u00a0s\u0105dowymi zakazami prowadzenia pojazd\u00f3w. Wobec 57-latka, kt\u00f3ry&hellip;\n","protected":false},"author":2,"featured_media":400375,"comment_status":"","ping_status":"","sticky":false,"template":"","format":"standard","meta":{"footnotes":"","_share_on_mastodon":"0"},"categories":[51610],"tags":[906,7750,3112,14818,14816,11092,1048,9558,7215,14814,14817,14815,1232,7216,42,26736,38,9017,40,39,41,1367,2225,14819,9104,10826,3355,31118,14820,2452,3493],"class_list":["post-400374","post","type-post","status-publish","format-standard","has-post-thumbnail","category-gdansk","tag-alkohol","tag-artykuly","tag-auto","tag-autohandel","tag-czesci-zamienne","tag-dzien","tag-gdansk","tag-komis","tag-miesiac","tag-modele","tag-moto","tag-motocykle","tag-motoryzacja","tag-osoba","tag-pl","tag-pojazd","tag-poland","tag-policjant","tag-polish","tag-polska","tag-polski","tag-porady","tag-sad","tag-salon-samochodowy","tag-samochody","tag-sroda","tag-testy","tag-tryb","tag-uslugi-motoryzacyjne","tag-wiezienie","tag-zakaz"],"share_on_mastodon":{"url":"https:\/\/pubeurope.com\/@pl\/116495156136339127","error":""},"_links":{"self":[{"href":"https:\/\/www.europesays.com\/pl\/wp-json\/wp\/v2\/posts\/400374","targetHints":{"allow":["GET"]}}],"collection":[{"href":"https:\/\/www.europesays.com\/pl\/wp-json\/wp\/v2\/posts"}],"about":[{"href":"https:\/\/www.europesays.com\/pl\/wp-json\/wp\/v2\/types\/post"}],"author":[{"embeddable":true,"href":"https:\/\/www.europesays.com\/pl\/wp-json\/wp\/v2\/users\/2"}],"replies":[{"embeddable":true,"href":"https:\/\/www.europesays.com\/pl\/wp-json\/wp\/v2\/comments?post=400374"}],"version-history":[{"count":0,"href":"https:\/\/www.europesays.com\/pl\/wp-json\/wp\/v2\/posts\/400374\/revisions"}],"wp:featuredmedia":[{"embeddable":true,"href":"https:\/\/www.europesays.com\/pl\/wp-json\/wp\/v2\/media\/400375"}],"wp:attachment":[{"href":"https:\/\/www.europesays.com\/pl\/wp-json\/wp\/v2\/media?parent=400374"}],"wp:term":[{"taxonomy":"category","embeddable":true,"href":"https:\/\/www.europesays.com\/pl\/wp-json\/wp\/v2\/categories?post=400374"},{"taxonomy":"post_tag","embeddable":true,"href":"https:\/\/www.europesays.com\/pl\/wp-json\/wp\/v2\/tags?post=400374"}],"curies":[{"name":"wp","href":"https:\/\/api.w.org\/{rel}","templated":true}]}}