{"id":400502,"date":"2026-04-30T20:09:49","date_gmt":"2026-04-30T20:09:49","guid":{"rendered":"https:\/\/www.europesays.com\/pl\/400502\/"},"modified":"2026-04-30T20:09:49","modified_gmt":"2026-04-30T20:09:49","slug":"wojskowy-szpital-tropi-zrodla-onetu-a-mon-zapowiada-konsekwencje-po-kontroli-2","status":"publish","type":"post","link":"https:\/\/www.europesays.com\/pl\/400502\/","title":{"rendered":"Wojskowy szpital tropi \u017ar\u00f3d\u0142a Onetu, a MON zapowiada konsekwencje po kontroli"},"content":{"rendered":"<p class=\"Paragraph_desktopParagraph__U31Gm\">Od po\u0142owy kwietnia Onet opisuje kolejne bulwersuj\u0105ce wydarzenia zwi\u0105zane z 1. Wojskowym Szpitalem Klinicznym w Lublinie. Z ko\u0144cem zesz\u0142ego roku w szpitalu powsta\u0142 Zak\u0142ad Medycyny Pola Walki i Katastrof, kt\u00f3ry ju\u017c od stycznia tego roku mia\u0142 szkoli\u0107 wojskowych medyk\u00f3w pod k\u0105tem dzia\u0142ania w strefach wojennych. Szpital wypromowa\u0142 sw\u00f3j zak\u0142ad, wykorzystuj\u0105c do tego media.<\/p>\n<p class=\"Paragraph_desktopParagraph__U31Gm\">My w artykule <a href=\"https:\/\/wiadomosci.onet.pl\/lublin\/zwykla-sciema-zeby-wyciagnac-pieniadze-szkolenie-medykow-i-szopka-dla-ministra\/qc5x2gb\" id=\"4eb5eea4-77cc-4abb-ad6f-94a6f59efc0c\" rel=\"nofollow noopener\" target=\"_blank\">&#8222;&#8217;Zwyk\u0142a \u015bciema, \u017ceby wyci\u0105gn\u0105\u0107 pieni\u0105dze&#8217;. Szkolenie medyk\u00f3w i szopka dla ministra&#8221;<\/a> opisali\u015bmy, \u017ce szpitalni instruktorzy nie maj\u0105 \u017cadnego do\u015bwiadczenia na polu walki, a w zwi\u0105zku z tym ich wiedza o tego rodzaju medycynie jest co najmniej w\u0105tpliwa. Napisali\u015bmy r\u00f3wnie\u017c o walce o wp\u0142ywy i pieni\u0105dze, jaka toczy si\u0119 w tle tej sprawy.<\/p>\n<p class=\"Paragraph_desktopParagraph__U31Gm\">Po naszej pierwsze publikacji wiceminister obrony <a href=\"https:\/\/wiadomosci.onet.pl\/lublin\/ministerstwo-obrony-reaguje-po-tekscie-onetu-seria-kontroli-w-wojskowym-szpitalu-w\/jd1mvrj\" id=\"a5096a4c-0f78-4c1e-8851-94ab26a7190d\" rel=\"nofollow noopener\" target=\"_blank\">Cezary Tomczyk zapowiedzia\u0142 kontrol\u0119 w opisywanym przez nas zak\u0142adzie<\/a>.<\/p>\n<p class=\"Paragraph_desktopParagraph__U31Gm\">Z ko\u0144cem kwietnia <a href=\"https:\/\/wiadomosci.onet.pl\/lublin\/wojskowy-szpital-zignorowal-doswiadczonego-medyka-dzis-sprzata-przystanki\/7h3w4e9\" id=\"c1361f57-7b35-4460-8ca2-298a1502057a\" rel=\"nofollow noopener\" target=\"_blank\">opublikowali\u015bmy ci\u0105g dalszy tej historii<\/a>. Cho\u0107 szpital zapewnia\u0142 nas, \u017ce brak mu medyk\u00f3w pola walki, poniewa\u017c trudno znale\u017a\u0107 takich ludzi, to my dotarli\u015bmy do cz\u0142owieka o wyj\u0105tkowej wiedzy i do\u015bwiadczeniu, kt\u00f3ry by\u0142 gotowy wspom\u00f3c zak\u0142ad za darmo. To dr Andrij Jakunicz, chirurg i wyk\u0142adowca na Akademii Medycznej w Zaporo\u017cu, kt\u00f3ry przez trzy lata ratowa\u0142 ludzi na froncie rosyjsko-ukrai\u0144skiej wojny. Lubelski szpital nie skorzysta\u0142 z tej okazji. Lekarz pracuje obecnie w miejskich s\u0142u\u017cbach Wroc\u0142awia, sprz\u0105taj\u0105c przystanki autobusowe. Po naszej publikacji zg\u0142osi\u0142o si\u0119 do niego jednak wiele plac\u00f3wek i jest szansa na w\u0142a\u015bciwe wykorzystanie jego kwalifikacji.<\/p>\n<p class=\"VideoPlayerText_videoPlayerText__iDwyz\">Dalszy ci\u0105g materia\u0142u pod wideo<\/p>\n<p>Szpital szuka rozm\u00f3wc\u00f3w Onetu  <\/p>\n<p class=\"Paragraph_desktopParagraph__U31Gm\">Jak wynika z naszych informacji, jeszcze w drugiej po\u0142owie marca \u2014 ju\u017c po przes\u0142aniu przez nas pierwszych pyta\u0144 prasowych do szpitala \u2014 szpital mia\u0142 szans\u0119 za\u017cegna\u0107 kryzys, bo polski znajomy dr. Jakunicza ponownie pr\u00f3bowa\u0142 dobi\u0107 si\u0119 do szefostwa szpitala w jego sprawie. Bez skutku.<\/p>\n<p class=\"Paragraph_desktopParagraph__U31Gm\">Zamiast tego w szpitalu rozpocz\u0119\u0142o si\u0119 poszukiwanie ludzi, kt\u00f3rzy z nami rozmawiali. Jak s\u0142yszymy od naszych \u017ar\u00f3de\u0142, na g\u0142\u00f3wn\u0105 podejrzan\u0105 wytypowano osob\u0119, kt\u00f3ra pozostaje w sporze z wicekomendantem szpitala p\u0142k. Bogus\u0142awem Pi\u0105tkiem. Ten skierowa\u0142 na ni\u0105 doniesienie do prokuratury dotycz\u0105ce stalkingu.<\/p>\n<p class=\"Paragraph_desktopParagraph__U31Gm\">Komendant szpitala p\u0142k Aleksander Michalski potwierdzi\u0142 w odpowiedzi na nasze pytania, \u017ce &#8222;jeden z oficer\u00f3w w miesi\u0105cu marcu br. z\u0142o\u017cy\u0142 zawiadomienia w sprawie podejrzenia pope\u0142nienia przest\u0119pstwa w zwi\u0105zku z pe\u0142nion\u0105 s\u0142u\u017cb\u0105 wojskow\u0105&#8221;. Odm\u00f3wi\u0142 jednak odpowiedzi na pozosta\u0142e nasze pytania, uzasadniaj\u0105c to tym, \u017ce &#8222;szpital nie jest stron\u0105 post\u0119powania&#8221;.<\/p>\n<p class=\"Paragraph_desktopParagraph__U31Gm\">Bardziej konkretny by\u0142 rzecznik Prokuratury Okr\u0119gowej w Lublinie, prokurator Marcin Kozak, kt\u00f3ry potwierdzi\u0142 nam, \u017ce p\u0142k Pi\u0105tek z\u0142o\u017cy\u0142 zawiadomienie w dziale wojskowym tej prokuratury dotycz\u0105ce przest\u0119pstwa z art. 190a paragraf 1 kodeksu karnego. &#8222;Zawiadomienie dotyczy\u0142o wysy\u0142ania do komendanta szpitala wojskowego nieprawdziwych informacji na temat \u017cycia osobistego pokrzywdzonego i rzekomych nieprawid\u0142owo\u015bci w pracy szpitala. Informacje dotyczy\u0142y tak\u017ce podejrzenia o kontakty z dziennikarzami Onetu&#8221; \u2014 napisa\u0142 w odpowiedzi na nasze pytania prok. Kozak.<\/p>\n<p class=\"Paragraph_desktopParagraph__U31Gm\">Rzecznik lubelskiej prokuratury potwierdzi\u0142 te\u017c nasze informacje, \u017ce po doniesieniu dosz\u0142o do przeszukania w miejscu pracy i w domu osoby, na kt\u00f3r\u0105 z\u0142o\u017cy\u0142 zawiadomienie wicekomendant szpitala.<\/p>\n<p>MON zapowiada wyci\u0105gni\u0119cie wniosk\u00f3w  <\/p>\n<p class=\"Paragraph_desktopParagraph__U31Gm\">Tymczasem resort obrony zako\u0144czy\u0142 ju\u017c kontrol\u0119 Zak\u0142adu Medycyny Pola Walki i Katastrof, kt\u00f3r\u0105 wszcz\u0105\u0142 w lubelskim szpitalu wojskowym po naszym pierwszym artykule.<\/p>\n<p class=\"Paragraph_desktopParagraph__U31Gm\">W zwi\u0119z\u0142ej odpowiedzi na nasze pytania ministerstwo poinformowa\u0142o nas, \u017ce jego kierownictwo zapozna\u0142o si\u0119 ju\u017c ze wst\u0119pnymi wynikami kontroli i oczekuje na pe\u0142n\u0105 wersj\u0119 raportu w ci\u0105gu kilku tygodni. &#8222;Na jego podstawie zostan\u0105 wyci\u0105gni\u0119te stosowne wnioski organizacyjne oraz personalne&#8221; \u2014 zapowiada MON.<\/p>\n<p class=\"Paragraph_desktopParagraph__U31Gm\">Wed\u0142ug naszych informacji po ministerialnej kontroli szpital nie mo\u017ce ju\u017c korzysta\u0107 z piwnic, kt\u00f3re przeznaczy\u0142 na szkolenia i kt\u00f3re przedstawia\u0142 mediom. Ju\u017c w pierwszym artykule sygnalizowali\u015bmy, \u017ce piwnica nie nadaje si\u0119 do tego typu zaj\u0119\u0107. Potwierdzi\u0142 to w\u00f3wczas komendant szpitala, informuj\u0105c nas w mailu, \u017ce pomieszczenia s\u0105 dopiero &#8222;dostosowywane (&#8230;) do zada\u0144, jakie maj\u0105 by\u0107 realizowane zgodnie z programem szkole\u0144 i wykorzystania sal symulacji w procesie szkolenia&#8221;.<\/p>\n<p class=\"Paragraph_desktopParagraph__U31Gm\">MON nie odni\u00f3s\u0142 si\u0119 do tej kwestii w swojej kr\u00f3tkiej odpowiedzi na nasze pytania.<\/p>\n","protected":false},"excerpt":{"rendered":"Od po\u0142owy kwietnia Onet opisuje kolejne bulwersuj\u0105ce wydarzenia zwi\u0105zane z 1. Wojskowym Szpitalem Klinicznym w Lublinie. Z ko\u0144cem&hellip;\n","protected":false},"author":2,"featured_media":400503,"comment_status":"","ping_status":"","sticky":false,"template":"","format":"standard","meta":{"footnotes":"","_share_on_mastodon":"0"},"categories":[51612],"tags":[64505,66,67,1081,53,52,68,51,55,42,38,40,39,41,47,5602,50,26,3146,253],"class_list":["post-400502","post","type-post","status-publish","format-standard","has-post-thumbnail","category-lublin","tag-benefit_tst0","tag-give_me_perspective","tag-intextvideo_splayer","tag-lublin","tag-new_header","tag-onet3","tag-onet3d","tag-onet3d_2i","tag-phx","tag-pl","tag-poland","tag-polish","tag-polska","tag-polski","tag-screening_general","tag-szpital","tag-v2021","tag-wiadomosci","tag-wojsko_polskie","tag-zdrowie"],"share_on_mastodon":{"url":"https:\/\/pubeurope.com\/@pl\/116495478095175394","error":""},"_links":{"self":[{"href":"https:\/\/www.europesays.com\/pl\/wp-json\/wp\/v2\/posts\/400502","targetHints":{"allow":["GET"]}}],"collection":[{"href":"https:\/\/www.europesays.com\/pl\/wp-json\/wp\/v2\/posts"}],"about":[{"href":"https:\/\/www.europesays.com\/pl\/wp-json\/wp\/v2\/types\/post"}],"author":[{"embeddable":true,"href":"https:\/\/www.europesays.com\/pl\/wp-json\/wp\/v2\/users\/2"}],"replies":[{"embeddable":true,"href":"https:\/\/www.europesays.com\/pl\/wp-json\/wp\/v2\/comments?post=400502"}],"version-history":[{"count":0,"href":"https:\/\/www.europesays.com\/pl\/wp-json\/wp\/v2\/posts\/400502\/revisions"}],"wp:featuredmedia":[{"embeddable":true,"href":"https:\/\/www.europesays.com\/pl\/wp-json\/wp\/v2\/media\/400503"}],"wp:attachment":[{"href":"https:\/\/www.europesays.com\/pl\/wp-json\/wp\/v2\/media?parent=400502"}],"wp:term":[{"taxonomy":"category","embeddable":true,"href":"https:\/\/www.europesays.com\/pl\/wp-json\/wp\/v2\/categories?post=400502"},{"taxonomy":"post_tag","embeddable":true,"href":"https:\/\/www.europesays.com\/pl\/wp-json\/wp\/v2\/tags?post=400502"}],"curies":[{"name":"wp","href":"https:\/\/api.w.org\/{rel}","templated":true}]}}