{"id":400689,"date":"2026-04-30T22:12:33","date_gmt":"2026-04-30T22:12:33","guid":{"rendered":"https:\/\/www.europesays.com\/pl\/400689\/"},"modified":"2026-04-30T22:12:33","modified_gmt":"2026-04-30T22:12:33","slug":"burza-po-slowach-radnego-z-wroclawia-poszlo-o-wsio-miasta-nie-wierze","status":"publish","type":"post","link":"https:\/\/www.europesays.com\/pl\/400689\/","title":{"rendered":"Burza po s\u0142owach radnego z Wroc\u0142awia. Posz\u0142o o \u201ewsio-miasta&#8221;. \u201eNie wierz\u0119&#8221;"},"content":{"rendered":"<p>Jakie zmiany w organizacji ruchu planowane s\u0105 na wroc\u0142awskim Brochowie.<\/p>\n<p>Dlaczego mieszka\u0144cy Iwin i okolic protestuj\u0105 przeciwko decyzji urz\u0119dnik\u00f3w.<\/p>\n<p>Dlaczego wpis radnego wywo\u0142a\u0142 tak\u0105 lawin\u0119 kontrowersji.<\/p>\n<p>Mieszka\u0144cy Iwin, Zacharzyc i okolicznych miejscowo\u015bci apeluj\u0105 do wroc\u0142awskich urz\u0119dnik\u00f3w. Chodzi o przebudow\u0119 skrzy\u017cowania ulic Gazowej i Karwi\u0144skiej. Od 2 maja w planach jest zmiana organizacji ruchu na wroc\u0142awskim Brochowie. Ulica Korea\u0144ska \u2013 najkr\u00f3tsza i bezpo\u015brednia droga\u00a0z Iwin do centrum Wroc\u0142awia \u2013 stanie si\u0119 jednokierunkowa. Mo\u017cliwy b\u0119dzie wjazd do miasta, ale powr\u00f3t utrudniony \u2013 wiedzie przez Jagodno. Mieszka\u0144cy alarmuj\u0105: \u201eto skazanie nas na stanie w wielogodzinnych korkach&#8221;. Sp\u00f3r skomentowa\u0142 w mediach spo\u0142eczno\u015bciowych wroc\u0142awski radny (KO) Robert Suligowski. Jego wpis wywo\u0142a\u0142 lawin\u0119 komentarzy.\u00a0<\/p>\n<p><a name=\"eztoc38979385_0_11\" id=\"eztoc38979385_0_11\"\/>\u201eMieszka\u0144cy pr\u00f3buj\u0105 si\u0142owo wymusi\u0107 wygod\u0119 dojazdu&#8221;<\/p>\n<p>\u201eKolejny przyk\u0142ad sytuacji, w kt\u00f3rej mieszka\u0144cy wsi \u2013 patodeweloperskich naro\u015bli na granicach<br \/>\n<a href=\"https:\/\/wiadomosci.radiozet.pl\/tag\/kategoria\/wroclaw\" target=\"_self\" rel=\"dofollow noopener\">Wroc\u0142awia<\/a> \u2013 pr\u00f3buj\u0105 si\u0142owo wymusi\u0107 na w\u0142adzach wygod\u0119 dojazdu autem do swoich hacjend pobudowanych w polu kapusty kosztem mieszka\u0144c\u00f3w Wroc\u0142awia.\u00a0Do\u015b\u0107: osiedlowe uliczki s\u0105 od obs\u0142ugi ruchu osiedlowego. Od obs\u0142ugi ruchu tranzytowego s\u0105 drogi g\u0142\u00f3wne, jak Buforowa&#8221; \u2013 pisze radny Robert Suligowski. Jak podkre\u015bla,\u00a0Iwiny maj\u0105 swoj\u0105 stacj\u0119 kolejow\u0105 i mo\u017cliwo\u015b\u0107 dojazdu bezkolizyjnego<br \/>\n<a href=\"https:\/\/wiadomosci.radiozet.pl\/tag\/kategoria\/pociag\" target=\"_self\" rel=\"dofollow noopener\">poci\u0105giem<\/a> do miasta. \u201eKa\u017cdy z nas ponosi konsekwencje swoich wybor\u00f3w \u017cyciowych. Wybra\u0142e\u015b dom w polu kapusty, do wyboru masz poci\u0105g albo korek na drodze wojew\u00f3dzkiej&#8221; \u2013 dodaje radny.\u00a0<\/p>\n<p>Wpis wywo\u0142a\u0142 burz\u0119 w sieci.\u00a0\u201eTen post to jaki\u015b materia\u0142 szkoleniowy, jak napuszcza\u0107 jednych ludzi na drugich, wyra\u017ca\u0107 si\u0119 o nich pogardliwie i lekcewa\u017c\u0105co w ramach akcji https:\/\/wiadomosci.radiozet.pl\/https:\/\/wiadomosci.radiozet.pl\/https:\/\/wiadomosci.radiozet.pl\/https:\/\/wiadomosci.radiozet.pl\/https:\/\/wiadomosci.radiozet.pl\/https:\/\/wiadomosci.radiozet.pl\/https:\/\/wiadomosci.radiozet.pl\/https:\/\/wiadomosci.radiozet.pl\/https:\/\/wiadomosci.radiozet.pl\/https:\/\/wiadomosci.radiozet.pl\/https:\/\/wiadomosci.radiozet.pl\/https:\/\/wiadomosci.radiozet.pl\/https:\/\/wiadomosci.radiozet.pl\/https:\/\/wiadomosci.radiozet.pl\/https:\/\/wiadomosci.radiozet.pl\/https:\/\/wiadomosci.radiozet.pl\/https:\/\/wiadomosci.radiozet.pl\/https:\/\/wiadomosci.radiozet.pl\/https:\/\/wiadomosci.radiozet.pl\/https:\/\/wiadomosci.radiozet.pl\/https:\/\/wiadomosci.radiozet.pl\/https:\/\/wiadomosci.radiozet.pl\/https:\/\/wiadomosci.radiozet.pl\/https:\/\/wiadomosci.radiozet.pl\/https:\/\/wiadomosci.radiozet.pl\/https:\/\/wiadomosci.radiozet.pl\/https:\/\/wiadomosci.radiozet.pl\/https:\/\/wiadomosci.radiozet.pl\/https:\/\/wiadomosci.radiozet.pl\/https:\/\/wiadomosci.radiozet.pl\/https:\/\/wiadomosci.radiozet.pl\/https:\/\/wiadomosci.radiozet.pl\/https:\/\/wiadomosci.radiozet.pl\/https:\/\/wiadomosci.radiozet.pl\/https:\/\/wiadomosci.radiozet.pl\/https:\/\/wiadomosci.radiozet.pl\/https:\/\/wiadomosci.radiozet.pl\/https:\/\/wiadomosci.radiozet.pl\/https:\/\/wiadomosci.radiozet.pl\/https:\/\/wiadomosci.radiozet.pl\/https:\/\/wiadomosci.radiozet.pl\/https:\/\/wiadomosci.radiozet.pl\/https:\/\/wiadomosci.radiozet.pl\/https:\/\/wiadomosci.radiozet.pl\/https:\/\/wiadomosci.radiozet.pl\/https:\/\/wiadomosci.radiozet.pl\/https:\/\/wiadomosci.radiozet.pl\/https:\/\/wiadomosci.radiozet.pl\/https:\/\/wiadomosci.radiozet.pl\/https:\/\/wiadomosci.radiozet.pl\/https:\/\/wiadomosci.radiozet.pl\/https:\/\/wiadomosci.radiozet.pl\/https:\/\/wiadomosci.radiozet.pl\/https:\/\/wiadomosci.radiozet.pl\/https:\/\/wiadomosci.radiozet.pl\/https:\/\/wiadomosci.radiozet.pl\/https:\/\/wiadomosci.radiozet.pl\/https:\/\/wiadomosci.radiozet.pl\/https:\/\/wiadomosci.radiozet.pl\/https:\/\/wiadomosci.radiozet.pl\/https:\/\/wiadomosci.radiozet.pl\/https:\/\/wiadomosci.radiozet.pl\/https:\/\/wiadomosci.radiozet.pl\/https:\/\/wiadomosci.radiozet.pl\/https:\/\/wiadomosci.radiozet.pl\/https:\/\/wiadomosci.radiozet.pl\/https:\/\/wiadomosci.radiozet.pl\/https:\/\/wiadomosci.radiozet.pl\/https:\/\/wiadomosci.radiozet.pl\/https:\/\/wiadomosci.radiozet.pl\/https:\/\/wiadomosci.radiozet.pl\/https:\/\/wiadomosci.radiozet.pl\/https:\/\/wiadomosci.radiozet.pl\/https:\/\/wiadomosci.radiozet.pl\/https:\/\/wiadomosci.radiozet.pl\/https:\/\/wiadomosci.radiozet.pl\/https:\/\/wiadomosci.radiozet.pl\/https:\/\/wiadomosci.radiozet.pl\/https:\/\/wiadomosci.radiozet.pl\/https:\/\/wiadomosci.radiozet.pl\/https:\/\/wiadomosci.radiozet.pl\/https:\/\/wiadomosci.radiozet.pl\/https:\/\/wiadomosci.radiozet.pl\/https:\/\/wiadomosci.radiozet.pl\/https:\/\/wiadomosci.radiozet.pl\/https:\/\/wiadomosci.radiozet.pl\/https:\/\/wiadomosci.radiozet.pl\/https:\/\/wiadomosci.radiozet.pl\/https:\/\/wiadomosci.radiozet.pl\/https:\/\/wiadomosci.radiozet.pl\/https:\/\/wiadomosci.radiozet.pl\/https:\/\/wiadomosci.radiozet.pl\/https:\/\/wiadomosci.radiozet.pl\/https:\/\/wiadomosci.radiozet.pl\/https:\/\/wiadomosci.radiozet.pl\/https:\/\/wiadomosci.radiozet.pl\/https:\/\/wiadomosci.radiozet.pl\/https:\/\/wiadomosci.radiozet.pl\/https:\/\/wiadomosci.radiozet.pl\/https:\/\/wiadomosci.radiozet.pl\/https:\/\/wiadomosci.radiozet.pl\/https:\/\/wiadomosci.radiozet.pl\/https:\/\/wiadomosci.radiozet.pl\/https:\/\/wiadomosci.radiozet.pl\/https:\/\/wiadomosci.radiozet.pl\/https:\/\/wiadomosci.radiozet.pl\/https:\/\/wiadomosci.radiozet.pl\/https:\/\/wiadomosci.radiozet.pl\/https:\/\/wiadomosci.radiozet.pl\/https:\/\/wiadomosci.radiozet.pl\/https:\/\/wiadomosci.radiozet.pl\/https:\/\/wiadomosci.radiozet.pl\/https:\/\/wiadomosci.radiozet.pl\/https:\/\/wiadomosci.radiozet.pl\/https:\/\/wiadomosci.radiozet.pl\/https:\/\/wiadomosci.radiozet.pl\/https:\/\/wiadomosci.radiozet.pl\/https:\/\/wiadomosci.radiozet.pl\/https:\/\/wiadomosci.radiozet.pl\/https:\/\/wiadomosci.radiozet.pl\/https:\/\/wiadomosci.radiozet.pl\/https:\/\/wiadomosci.radiozet.pl\/https:\/\/wiadomosci.radiozet.pl\/#HejTyReaguj [kampania przeciw hejtowi \u2013 przyp. red.], kt\u00f3rej jest Pan rzekomo Ambasadorem? [&#8230;] Pan Robert nie jest w stanie zrozumie\u0107, \u017ce przecie\u017c ci wszyscy ludzie z okolicznych miejscowo\u015bci, kt\u00f3rzy przyje\u017cd\u017caj\u0105 do Wroc\u0142awia do pracy, zostawiaj\u0105 tu r\u00f3wnie\u017c mn\u00f3stwo swoich pieni\u0119dzy&#8221; \u2013 skomentowa\u0142 radca prawny Tomasz Dar\u0142ak.<\/p>\n<p>Kolejny internauta zwr\u00f3ci\u0142 si\u0119 bezpo\u015brednio do radnego: \u201eJa nie wierz\u0119, \u017ce zdecydowa\u0142e\u015b si\u0119 publicznie obra\u017ca\u0107 ludzi za to, gdzie mieszkaj\u0105. Mnie, moj\u0105 mam\u0119, moich s\u0105siad\u00f3w i tysi\u0105ce innych os\u00f3b, kt\u00f3rych w og\u00f3le nie znasz. [&#8230;] Uwa\u017casz, \u017ce jak kto\u015b pochodzi z podwroc\u0142awskiej miejscowo\u015bci lub zdecydowa\u0142 si\u0119 tam zamieszka\u0107, to jego miejsce jest w ni\u017cszej ka\u015bcie i nie ma prawa si\u0119 rusza\u0107 ze swojej miejscowo\u015bci? [&#8230;] O tym, gdzie i co mo\u017cna budowa\u0107, decyduj\u0105 politycy i urz\u0119dnicy, nie obywatele&#8221; \u2013 czytamy w komentarzu. Do sprawy odni\u00f3s\u0142 si\u0119 r\u00f3wnie\u017c\u00a0\u0141ukasz Kropski, burmistrz Siechnic.<\/p>\n<p><a name=\"eztoc38979385_0_12\" id=\"eztoc38979385_0_12\"\/>\u201eTo\u00a0dzia\u0142anie, kt\u00f3re niepotrzebnie dzieli ludzi&#8221;<\/p>\n<p>\u2013 Wypowied\u017a radnego\u00a0Suligowskiego mo\u017ce by\u0107 interpretowana jako hejt, jednak przede wszystkim postrzegam j\u0105 jako dzia\u0142anie, kt\u00f3re niepotrzebnie dzieli ludzi i wprowadza napi\u0119cia mi\u0119dzy mieszka\u0144cami \u2013 m\u00f3wi w rozmowie z RadioZET.pl \u0141ukasz Kropski, burmistrz Siechnic. \u2013\u00a0Tym bardziej jest to niepokoj\u0105ce, \u017ce m\u00f3wimy o spo\u0142eczno\u015bciach, kt\u00f3re na co dzie\u0144 funkcjonuj\u0105 razem, spotykaj\u0105 si\u0119 w szko\u0142ach, ko\u015bcio\u0142ach czy przestrzeni publicznej, jak parki \u2013 dodaje. Czy burmistrz cz\u0119sto spotyka si\u0119\u00a0z podobnymi zarzutami, o kt\u00f3rych wspomnia\u0142 radny \u2013 zw\u0142aszcza ze strony mieszka\u0144c\u00f3w Wroc\u0142awia?\u00a0<\/p>\n<p>\u2013\u00a0Niestety g\u0142osy o charakterze dziel\u0105cym pojawiaj\u0105 si\u0119. Niekiedy wynikaj\u0105 one bezpo\u015brednio z opinii cz\u0119\u015bci mieszka\u0144c\u00f3w, a czasem s\u0105 efektem presji spo\u0142ecznej i politycznej \u2013 przyznaje burmistrz. Jego zdaniem zdarza si\u0119, \u017ce \u2013\u00a0zamiast podej\u015bcia aglomeracyjnego i wsp\u00f3\u0142pracy ponad granicami administracyjnymi \u2013 przewa\u017ca perspektywa lokalna, nacechowana \u201epewnym egoizmem lub koncentracj\u0105 na wyniku wyborczym w danym okr\u0119gu&#8221;. \u2013\u00a0Uwa\u017cam, \u017ce rol\u0105 samorz\u0105du jest budowanie most\u00f3w, a nie pog\u0142\u0119bianie podzia\u0142\u00f3w \u2013 podsumowuje\u00a0\u0141ukasz Kropski.\u00a0<\/p>\n<p><a name=\"eztoc38979385_0_13\" id=\"eztoc38979385_0_13\"\/>Wroc\u0142awski radny: \u201eMiarka si\u0119 przebra\u0142a&#8221;<\/p>\n<p>Do wpisu Roberta Suligowskiego odni\u00f3s\u0142 si\u0119 r\u00f3wnie\u017c radny klubu Naprawmy Przysz\u0142o\u015b\u0107 Piotr Uhle. \u201eWczoraj miarka si\u0119 przebra\u0142a. M\u00f3j kolega radny, rzekomo wra\u017cliwy spo\u0142ecznie, wyznaje spo\u0142eczny darwinizm. Pisze: \u00bbKa\u017cde z nas ponosi konsekwencje swoich wybor\u00f3w \u017cyciowych. Wybra\u0142e\u015b dom w polu kapusty \u2013 do wyboru masz poci\u0105g albo korek na drodze wojew\u00f3dzkiej\u00ab. To nowe \u00bbzmie\u0144 prac\u0119, we\u017a kredyt\u00ab. Czy ktokolwiek naprawd\u0119 my\u015bli, \u017ce Wroc\u0142awianie wyprowadzaj\u0105 si\u0119 do okolicznych gmin, by mieszka\u0107 w bloku albo w szereg\u00f3wce, bo maj\u0105 taki kaprys?&#8221; \u2013 pisze radny Uhle na profilu w mediach spo\u0142eczno\u015bciowych. W jego ocenie to przez\u00a0polityk\u0119 obecnej wroc\u0142awskiej w\u0142adzy ludzie nie maj\u0105 takiej mo\u017cliwo\u015bci.<\/p>\n<p>\u201eJe\u017celi chcemy mie\u0107 dzieci, a nie zarabiamy bardzo dobrych pieni\u0119dzy, to mamy do wyboru mieszkanie pod miastem albo \u017cycie w klitce niedostosowanej do potrzeb rodziny. Bo ceny mieszka\u0144 zosta\u0142y wywindowane [&#8230;]&#8221; \u2013 pisze Piotr Uhle. Jego zdaniem\u00a0Wroc\u0142aw staje si\u0119 miastem, na kt\u00f3re przeci\u0119tnej rodziny nie sta\u0107. Pod konie wpisu zwr\u00f3ci\u0142 si\u0119 bezpo\u015brednio do Roberta Suligowskiego w ostrych s\u0142owach: \u201ePrzekroczy\u0142e\u015b moment, w kt\u00f3rym budowanie osobistej popularno\u015bci na budzeniu w\u015bciek\u0142o\u015bci, kt\u00f3re praktykujesz od d\u0142u\u017cszego czasu, przesta\u0142o by\u0107 po prostu atencyjnym pajacowaniem. Ty po prostu szkodzisz miastu i dzia\u0142asz na rzecz sk\u0142\u00f3cenia spo\u0142eczno\u015bci aglomeracji&#8221;.<\/p>\n<p><a name=\"eztoc38979385_0_14\" id=\"eztoc38979385_0_14\"\/>Radny Suligowski: \u201e\u00a0O sprawach prostych nale\u017cy m\u00f3wi\u0107 prosto&#8221;<\/p>\n<p>O odniesienie si\u0119 do zarzut\u00f3w poprosili\u015bmy r\u00f3wnie\u017c radnego Roberta Suligowskiego. \u2013\u00a0Dotychczasowy j\u0119zyk naukowc\u00f3w i praktyk\u00f3w z zakresu urbanistyki i ekonomii, dotycz\u0105cy rozlewania si\u0119 miast czy dzikiej suburbanizacji najwi\u0119kszych polskich miast trafia w pr\u00f3\u017cni\u0119. Tymczasem we Wroc\u0142awiu w\u0142a\u015bnie ziszczaj\u0105 si\u0119 prognozy skutk\u00f3w spo\u0142ecznych i ekonomicznych tych proces\u00f3w. O sprawach prostych nale\u017cy m\u00f3wi\u0107 prosto \u2013 m\u00f3wi nam radny. Jego zdaniem stolica Dolnego \u015al\u0105ska zosta\u0142a obudowana \u201ewsio-miastami pozbawionymi infrastruktury spo\u0142ecznej i transportowej&#8221;. Jako przyk\u0142ad Suligowski wymienia m.in. Iwiny, kt\u00f3rych liczba mieszka\u0144c\u00f3w od\u00a01998 do 2021 roku zwi\u0119kszy\u0142a si\u0119 o 682 proc.<\/p>\n<p>\u2013\u00a0Osoby te decydowa\u0142y si\u0119 zamieszka\u0107 na dawnych polach uprawnych (przys\u0142owiowych polach kapusty), kupuj\u0105c \u201edom w cenie mieszkania 15 minut od rynku&#8221;. Model rozwojowy tych miejscowo\u015bci to liczba samochod\u00f3w r\u00f3wna liczbie doros\u0142ych domownik\u00f3w i codzienne przemieszczanie si\u0119 absolutnej wi\u0119kszo\u015bci os\u00f3b autem w ka\u017cdej sytuacji (na co wskazuj\u0105 wyniki kompleksowych bada\u0144 ruchu dla miejscowo\u015bci aglomeracyjnych zlecone przez Urz\u0105d Miejski Wroc\u0142awia) \u2013 wyja\u015bnia radny. \u2013\u00a0Czy z kierunku Iwin, czy Wilkszyna, czy Brzeziny samochody te wybieraj\u0105 najkr\u00f3tsz\u0105 drog\u0119 przez w\u0105skie osiedlowe uliczki. Uliczki absolutnie niedostosowane do przyj\u0119cia tego ruchu. Broch\u00f3w i Le\u015bnica maj\u0105 te same siostrzane problemy \u2013 dodaje.\u00a0<\/p>\n<p>Zdaniem radnego wiele z tych \u201ewsio-miast&#8221;\u00a0nie posiada szko\u0142y podstawowej czy innych podstawowych us\u0142ug publicznych. Konsekwencj\u0105 tego s\u0105 nie tylko przepe\u0142nienie szk\u00f3\u0142 w rejonie, ale r\u00f3wnie\u017c \u201eid\u0105cy ju\u017c w setki milion\u00f3w z\u0142otych transfer \u015brodk\u00f3w bud\u017cetowych Wroc\u0142awia na edukacj\u0119 dzieci i m\u0142odzie\u017cy z gmin o\u015bciennych&#8221;. \u2013\u00a0Obra\u017canie si\u0119 tu na s\u0142owo \u201enaro\u015bl&#8221; jest pr\u00f3b\u0105 zamkni\u0119cia dyskusji o tym, \u017ce miejscowo\u015bci z obwarzanka Wroc\u0142awia drenuj\u0105 miejski bud\u017cet, pogarszaj\u0105 jako\u015b\u0107 us\u0142ug publicznych Wroc\u0142awian i pi\u0119trz\u0105 roszczenia dotycz\u0105ce inwestycji Wroc\u0142awia na styku gmin, s\u0142u\u017c\u0105cych g\u0142\u00f3wnie gminom o\u015bciennym. Szukaj\u0105c przyrodniczych paraleli, mo\u017cna jeszcze wskaza\u0107 hub\u0119 na pniu drzewa \u2013 podkre\u015bla radny Suligowski.<\/p>\n<p><a name=\"eztoc38979385_0_15\" id=\"eztoc38979385_0_15\"\/>\u201eWroc\u0142aw pope\u0142ni\u0142 mn\u00f3stwo b\u0142\u0119d\u00f3w planistycznych&#8221;<\/p>\n<p>Zdaniem radnego Suligowskiego, je\u015bli kto\u015b zdecydowa\u0142 si\u0119\u00a0na dom w polu pod Wroc\u0142awiem, to musi ponie\u015b\u0107 konsekwencje. \u2013\u00a0Je\u017celi oczekujemy budowy nowej drogi lub kompleksowej przebudowy istniej\u0105cych (jak w przypadku ul. Mo\u015bcickiego czy Wi\u0144skiej), to niech gminy s\u0105siednie ponosz\u0105 koszty tych inwestycji lub przynajmniej w istotny spos\u00f3b w nich partycypuj\u0105 \u2013 m\u00f3wi nam radny. \u2013\u00a0Cieszy, \u017ce wreszcie rusza wsp\u00f3\u0142praca w ramach aglomeracji wroc\u0142awskiej, natomiast to jest za ma\u0142o i za p\u00f3\u017ano. Wroc\u0142aw pope\u0142ni\u0142 mn\u00f3stwo b\u0142\u0119d\u00f3w planistycznych, kt\u00f3rych skutki du\u017cym kosztem naprawiamy. B\u0142\u0119dy samorz\u0105d\u00f3w o\u015bciennych powinny naprawi\u0107 samorz\u0105dy o\u015bcienne \u2013 podsumowuje. W ocenie radnego, je\u017celi sobie z tym nie radz\u0105,\u00a0jest przestrze\u0144 na przy\u0142\u0105czenie tych osad do Wroc\u0142awia.\u00a0<\/p>\n<p>\u0179r\u00f3d\u0142o: Radio ZET<\/p>\n<p>By\u0142e\u015b \u015bwiadkiem czego\u015b niespodziewanego? Masz temat, kt\u00f3rym powinni\u015bmy si\u0119 zaj\u0105\u0107?<\/p>\n<p>Zg\u0142o\u015b spraw\u0119 przez <a href=\"https:\/\/wiadomosci.radiozet.pl\/czerwony-telefon\" target=\"_blank\" title=\"Czerwony telefon Radia Zet\" rel=\"nofollow noopener\">Czerwony telefon Radia ZET<\/a><\/p>\n","protected":false},"excerpt":{"rendered":"Jakie zmiany w organizacji ruchu planowane s\u0105 na wroc\u0142awskim Brochowie. Dlaczego mieszka\u0144cy Iwin i okolic protestuj\u0105 przeciwko decyzji&hellip;\n","protected":false},"author":2,"featured_media":400690,"comment_status":"","ping_status":"","sticky":false,"template":"","format":"standard","meta":{"footnotes":"","_share_on_mastodon":"0"},"categories":[51607],"tags":[17214,8524,3754,1066,247,8736,42,38,40,907,39,41,2246,1853],"class_list":["post-400689","post","type-post","status-publish","format-standard","has-post-thumbnail","category-wroclaw","tag-dolnoslaskie","tag-dolny-slask","tag-dom","tag-miasto","tag-mieszkania","tag-mieszkanie","tag-pl","tag-poland","tag-polish","tag-polityka","tag-polska","tag-polski","tag-transport","tag-wroclaw"],"share_on_mastodon":{"url":"https:\/\/pubeurope.com\/@pl\/116495957566923310","error":""},"_links":{"self":[{"href":"https:\/\/www.europesays.com\/pl\/wp-json\/wp\/v2\/posts\/400689","targetHints":{"allow":["GET"]}}],"collection":[{"href":"https:\/\/www.europesays.com\/pl\/wp-json\/wp\/v2\/posts"}],"about":[{"href":"https:\/\/www.europesays.com\/pl\/wp-json\/wp\/v2\/types\/post"}],"author":[{"embeddable":true,"href":"https:\/\/www.europesays.com\/pl\/wp-json\/wp\/v2\/users\/2"}],"replies":[{"embeddable":true,"href":"https:\/\/www.europesays.com\/pl\/wp-json\/wp\/v2\/comments?post=400689"}],"version-history":[{"count":0,"href":"https:\/\/www.europesays.com\/pl\/wp-json\/wp\/v2\/posts\/400689\/revisions"}],"wp:featuredmedia":[{"embeddable":true,"href":"https:\/\/www.europesays.com\/pl\/wp-json\/wp\/v2\/media\/400690"}],"wp:attachment":[{"href":"https:\/\/www.europesays.com\/pl\/wp-json\/wp\/v2\/media?parent=400689"}],"wp:term":[{"taxonomy":"category","embeddable":true,"href":"https:\/\/www.europesays.com\/pl\/wp-json\/wp\/v2\/categories?post=400689"},{"taxonomy":"post_tag","embeddable":true,"href":"https:\/\/www.europesays.com\/pl\/wp-json\/wp\/v2\/tags?post=400689"}],"curies":[{"name":"wp","href":"https:\/\/api.w.org\/{rel}","templated":true}]}}