{"id":400907,"date":"2026-05-01T00:28:52","date_gmt":"2026-05-01T00:28:52","guid":{"rendered":"https:\/\/www.europesays.com\/pl\/400907\/"},"modified":"2026-05-01T00:28:52","modified_gmt":"2026-05-01T00:28:52","slug":"wroclaw-dodatkowa-przestrzen-w-terminalu-dla-odlatujacych-pasazerow","status":"publish","type":"post","link":"https:\/\/www.europesays.com\/pl\/400907\/","title":{"rendered":"Wroc\u0142aw: Dodatkowa przestrze\u0144 w terminalu dla odlatuj\u0105cych pasa\u017cer\u00f3w"},"content":{"rendered":"<p>Niemal 300 nowych miejsc siedz\u0105cych z pe\u0142nym dost\u0119pem do zasilania oraz kursuj\u0105cy wed\u0142ug rozk\u0142adu elektryczny bus dla podr\u00f3\u017cnych korzystaj\u0105cych z parkingu d\u0142ugoterminowego \u2013 takie zmiany czekaj\u0105 na pasa\u017cer\u00f3w wroc\u0142awskiego lotniska tu\u017c przed weekendem majowym. <\/p>\n<p>Port Lotniczy Wroc\u0142aw odda\u0142 do dyspozycji pasa\u017cer\u00f3w now\u0105, komfortow\u0105 przestrze\u0144 w hali odlot\u00f3w. Zlokalizowana na p\u00f3\u0142pi\u0119trze, w pobli\u017cu gate\u2019\u00f3w nr 1 i 2, oferuje 288 miejsc siedz\u0105cych i zosta\u0142a zaprojektowana z my\u015bl\u0105 o komforcie podr\u00f3\u017cnych. To idealne miejsce, by spokojnie poczeka\u0107 na lot, na\u0142adowa\u0107 telefon czy z\u0142apa\u0107 oddech przed odlotem. Nowa strefa stanowi odpowied\u017a na rosn\u0105c\u0105 liczb\u0119 pasa\u017cer\u00f3w oraz potrzeb\u0119 zapewnienia im jeszcze wi\u0119kszej wygody w terminalu. Dzi\u0119ki tej inwestycji liczba miejsc dla pasa\u017cer\u00f3w oczekuj\u0105cych na lot wzros\u0142a niemal o 50%.<\/p>\n<p>\u2013 Komfort pasa\u017cer\u00f3w jest dla nas jednym z kluczowych element\u00f3w rozwoju lotniska. Nowa przestrze\u0144 o powierzchni ponad 700 m2 oddana do u\u017cytku tu\u017c przed weekendem majowym to rozwi\u0105zanie, kt\u00f3re pozwala lepiej wykorzysta\u0107 istniej\u0105c\u0105 infrastruktur\u0119 i jednocze\u015bnie zwi\u0119kszy\u0107 liczb\u0119 dost\u0119pnych miejsc dla podr\u00f3\u017cnych oczekuj\u0105cych na lot \u2013 podkre\u015bla Dariusz Kowalczyk, wiceprezes zarz\u0105du Portu Lotniczego Wroc\u0142aw.<\/p>\n<p><img decoding=\"async\" src=\"https:\/\/www.europesays.com\/pl\/wp-content\/uploads\/2026\/05\/20260430110652WrockoPlansza.jpg\"\/> <\/p>\n<p>Wraz z rozpocz\u0119ciem sezonu letniego lotnisko uruchomi\u0142o r\u00f3wnie\u017c bezp\u0142atny transfer z parkingu D. Elektryczny bus kursuje 24 godziny na dob\u0119, zatrzymuj\u0105c si\u0119 na o\u015bmiu przystankach pomi\u0119dzy parkingiem a terminalem. Pojazd oferuje 15 miejsc siedz\u0105cych, a wewn\u0105trz bez problemu mieszcz\u0105 si\u0119 tak\u017ce baga\u017ce oraz w\u00f3zki dzieci\u0119ce. Transport jest dost\u0119pny dla wszystkich pasa\u017cer\u00f3w \u2013 nie wymaga wcze\u015bniejszej rezerwacji i jest dostosowany do potrzeb os\u00f3b z niepe\u0142nosprawno\u015bciami.<\/p>\n","protected":false},"excerpt":{"rendered":"Niemal 300 nowych miejsc siedz\u0105cych z pe\u0142nym dost\u0119pem do zasilania oraz kursuj\u0105cy wed\u0142ug rozk\u0142adu elektryczny bus dla podr\u00f3\u017cnych&hellip;\n","protected":false},"author":2,"featured_media":400908,"comment_status":"","ping_status":"","sticky":false,"template":"","format":"standard","meta":{"footnotes":"","_share_on_mastodon":"0"},"categories":[51607],"tags":[53169,53170,73234,10798,42,38,40,39,41,39932,10653,1853,53352],"class_list":["post-400907","post","type-post","status-publish","format-standard","has-post-thumbnail","category-wroclaw","tag-lotniska-krajowe","tag-lotniska-regionalne","tag-pasazer-i-linie-lotnicze","tag-pasazerowie","tag-pl","tag-poland","tag-polish","tag-polska","tag-polski","tag-port-lotniczy-wroclaw","tag-terminal","tag-wroclaw","tag-wroclaw-airport"],"share_on_mastodon":{"url":"https:\/\/pubeurope.com\/@pl\/116496496714516778","error":""},"_links":{"self":[{"href":"https:\/\/www.europesays.com\/pl\/wp-json\/wp\/v2\/posts\/400907","targetHints":{"allow":["GET"]}}],"collection":[{"href":"https:\/\/www.europesays.com\/pl\/wp-json\/wp\/v2\/posts"}],"about":[{"href":"https:\/\/www.europesays.com\/pl\/wp-json\/wp\/v2\/types\/post"}],"author":[{"embeddable":true,"href":"https:\/\/www.europesays.com\/pl\/wp-json\/wp\/v2\/users\/2"}],"replies":[{"embeddable":true,"href":"https:\/\/www.europesays.com\/pl\/wp-json\/wp\/v2\/comments?post=400907"}],"version-history":[{"count":0,"href":"https:\/\/www.europesays.com\/pl\/wp-json\/wp\/v2\/posts\/400907\/revisions"}],"wp:featuredmedia":[{"embeddable":true,"href":"https:\/\/www.europesays.com\/pl\/wp-json\/wp\/v2\/media\/400908"}],"wp:attachment":[{"href":"https:\/\/www.europesays.com\/pl\/wp-json\/wp\/v2\/media?parent=400907"}],"wp:term":[{"taxonomy":"category","embeddable":true,"href":"https:\/\/www.europesays.com\/pl\/wp-json\/wp\/v2\/categories?post=400907"},{"taxonomy":"post_tag","embeddable":true,"href":"https:\/\/www.europesays.com\/pl\/wp-json\/wp\/v2\/tags?post=400907"}],"curies":[{"name":"wp","href":"https:\/\/api.w.org\/{rel}","templated":true}]}}