{"id":401661,"date":"2026-05-01T09:34:29","date_gmt":"2026-05-01T09:34:29","guid":{"rendered":"https:\/\/www.europesays.com\/pl\/401661\/"},"modified":"2026-05-01T09:34:29","modified_gmt":"2026-05-01T09:34:29","slug":"pis-w-krakowie-bojkotuje-panstwowe-obchody-swieta-3-maja-i-kard-rysia-niebywale-2","status":"publish","type":"post","link":"https:\/\/www.europesays.com\/pl\/401661\/","title":{"rendered":"PiS w Krakowie bojkotuje pa\u0144stwowe obchody \u015bwi\u0119ta 3 Maja i kard. Rysia. &#8222;Niebywa\u0142e&#8221;"},"content":{"rendered":"<p class=\"Paragraph_desktopParagraph__U31Gm\">Maj\u00f3wka w Krakowie b\u0119dzie obfitowa\u0142a w szereg wydarze\u0144 patriotycznych, z kt\u00f3rych wi\u0119kszo\u015b\u0107 organizuje magistrat. Na uroczysto\u015bci upami\u0119tniaj\u0105ce 235. rocznic\u0119 uchwalenia Konstytucji 3 maja zaprasza przede wszystkim wojewoda ma\u0142opolski Krzysztof Jan Kl\u0119czar. Plan uroczysto\u015bci przypomina ten z poprzednich lat, tak\u017ce tych, gdy wojewodami byli politycy PiS.<\/p>\n<p class=\"Paragraph_desktopParagraph__U31Gm\">Obchody \u015bwi\u0119ta narodowego zaczn\u0105 si\u0119 od z\u0142o\u017cenia kwiat\u00f3w przy pomniku Hugona Ko\u0142\u0142\u0105taja, a nast\u0119pnie przy Pomniku \u017bo\u0142nierzy Polski Walcz\u0105cej na Powi\u015blu.<\/p>\n<p class=\"Paragraph_desktopParagraph__U31Gm\">O godz. 10 w Katedrze Wawelskiej rozpocznie si\u0119 msza \u015bwi\u0119ta w intencji Ojczyzny. Odprawi j\u0105 metropolita krakowski kard. Grzegorz Ry\u015b. Po jej zako\u0144czeniu pod Wzg\u00f3rzem Wawelskim uformuje si\u0119 orszak z\u0142o\u017cony z przedstawicieli s\u0142u\u017cb mundurowych, orkiestry wojskowej, formacji konnych oraz \u2014 jak zwykle \u2014 t\u0142um\u00f3w Krakowian. Wszyscy wsp\u00f3lnie przemaszeruj\u0105 na Rynek, a stamt\u0105d na plac Matejki.<\/p>\n<p class=\"Paragraph_desktopParagraph__U31Gm\">Jak ustali\u0142 Onet, do bojkotu tegorocznych obchod\u00f3w \u015bwi\u0119ta nawo\u0142uje krakowski PiS. Tak\u0105 odezw\u0119 do sympatyk\u00f3w i cz\u0142onk\u00f3w partii wys\u0142a\u0142a szefowa struktur w Krakowie Barbara Nowak. Jak czytamy w wiadomo\u015bci, tak\u0105 decyzj\u0119 podj\u0119\u0142a po konsultacjach z klubem &#8222;Gazety Polskiej&#8221; oraz przedstawicielami &#8222;Solidarno\u015bci&#8221;.<\/p>\n<p class=\"VideoPlayerText_videoPlayerText__iDwyz\">Dalszy ci\u0105g materia\u0142u pod wideo<\/p>\n<p>Radna PiS o &#8222;\u015bwi\u0119towaniu bez ska\u017cenia w\u0142adz\u0105 tuskow\u0105&#8221; <\/p>\n<p class=\"Paragraph_desktopParagraph__U31Gm\">&#8222;Ustalili\u015bmy, \u017ce nie p\u00f3jdziemy na Msz\u0119 \u015awi\u0119t\u0105 do Katedry i nie p\u00f3jdziemy w Marszu organizowanym przez wojewod\u0119 z PSL Kl\u0119czara. Idziemy na Msz\u0119 \u015awi\u0119t\u0105 o godz. 12.00 do O.O. Bernardyn\u00f3w ul. Stradom i stamt\u0105d przejdziemy pod Krzy\u017c Katy\u0144ski. Za\u015bpiewamy, kilka os\u00f3b zabierze g\u0142os, z\u0142o\u017cymy kwiaty i znicze. We\u017amiemy ze sob\u0105 flagi.&#8221; \u2014 zach\u0119ca Barbara Nowak, zapraszaj\u0105c na obchody wszystkich cz\u0142onk\u00f3w i sympatyk\u00f3w Prawa i Sprawiedliwo\u015bci. I zaznacza: &#8222;Oczywi\u015bcie, je\u015bli kto\u015b woli bra\u0107 udzia\u0142 w uroczysto\u015bciach oficjalnych z kardyna\u0142em Rysiem i wojewod\u0105 Kl\u0119czarem, prosz\u0119 bardzo, zapraszamy jednak gor\u0105co do alternatywnego \u015bwi\u0119towania bez ska\u017cenia w\u0142adz\u0105 tuskow\u0105. Nie chcemy, by niemiecki namiestnik i jego koalicja zepsuli nam nasze patriotyczne \u015bwi\u0119to.&#8221;<\/p>\n<p class=\"Paragraph_desktopParagraph__U31Gm\">Dzia\u0142acze PiS, kt\u00f3rzy otrzymali wiadomo\u015b\u0107, nie kryj\u0105 zaskoczenia. Tym bardziej, \u017ce przed rokiem uczestniczyli w obchodach \u015bwi\u0119ta organizowanych przez tego samego wojewod\u0119. \u2014 To niebywa\u0142e \u2014 podkre\u015bla jeden z polityk\u00f3w PiS, cho\u0107 przyznaje, \u017ce zastanawia si\u0119 teraz, na kt\u00f3r\u0105 msz\u0119 \u015bwi\u0119t\u0105 si\u0119 wybierze w t\u0119 niedziel\u0119. Przypomnijmy, \u017ce w krakowskich strukturach PiS od dawna s\u0105 silne podzia\u0142y. Niedostosowanie si\u0119 do sugestii kierownictwa, nawet na poziomie lokalnym, mo\u017ce grozi\u0107 politycznymi konsekwencjami, a przynajmniej kolejnymi utarczkami.<\/p>\n<p class=\"Paragraph_desktopParagraph__U31Gm\">\u2014 Cz\u0119\u015b\u0107 krakowskiego PiS jest wkurzona, bo wiedz\u0105, \u017ce z tego b\u0119dzie chryja. Sp\u00f3r polityczny sporem, ale to nie pow\u00f3d, by razem nie \u015bwi\u0119towa\u0107 3 Maja \u2014 m\u00f3wi nam polityk PiS, do kt\u00f3rego dotar\u0142a wiadomo\u015b\u0107 od Barbary Nowak. Opr\u00f3cz niej podpisa\u0142 si\u0119 pod ni\u0105 Marek Michno, przewodnicz\u0105cy klubu &#8222;Gazety Polskiej&#8221; w Krakowie, oraz Krystyna Karabu\u0142a, krakowska dzia\u0142aczka PiS.<\/p>\n<p>PiS bojkotuje celebr\u0119 kard. Grzegorza Rysia? <\/p>\n<p class=\"Paragraph_desktopParagraph__U31Gm\">Tym, czym tegoroczne obchody \u015awi\u0119ta 3 Maja b\u0119d\u0105 si\u0119 r\u00f3\u017cni\u0107 od zesz\u0142orocznych, jest osoba metropolity krakowskiego, kt\u00f3ry odprawi msz\u0119 na Wawelu. W ubieg\u0142ym roku przewodniczy\u0142 jej abp Marek J\u0119draszewski, a w tym roku zrobi to kard. Grzegorz Ry\u015b. Nie jest tajemnic\u0105, \u017ce prawica nie ucieszy\u0142a si\u0119 z decyzji papie\u017ca Leona XIV, by w krakowskim Pa\u0142acu Arcybiskup\u00f3w rz\u0105dy obj\u0105\u0142 kard. Ry\u015b.<\/p>\n<p class=\"Paragraph_desktopParagraph__U31Gm\">Tu\u017c po dokonaniu tego wyboru od jednego z polityk\u00f3w PiS z Ma\u0142opolski us\u0142ysza\u0142am przewrotn\u0105 teori\u0119. \u2014 Kardyna\u0142 Ry\u015b pomo\u017ce PiS-owi. Sprawi, \u017ce ludzie, kt\u00f3rzy za czas\u00f3w abpa J\u0119draszewskiego odwr\u00f3cili si\u0119 od Ko\u015bcio\u0142a, zn\u00f3w do niego powr\u00f3c\u0105. A to prze\u0142o\u017cy si\u0119 na poparcie dla partii takiej jak PiS, kt\u00f3ra jest mocno zwi\u0105zana z Ko\u015bcio\u0142em \u2014 przekonywa\u0142 polityk PiS.<\/p>\n<p>&#8222;Nie ma zakazu uczestnictwa&#8221; <\/p>\n<p class=\"Paragraph_desktopParagraph__U31Gm\">O powody nawo\u0142ywania do bojkotu uroczysto\u015bci pa\u0144stwowych chcieli\u015bmy zapyta\u0107 Barbar\u0119 Nowak, szefow\u0105 struktur PiS i wojew\u00f3dzk\u0105 radn\u0105 tej partii. Nie odebra\u0142a od nas telefonu.<\/p>\n<p class=\"Paragraph_desktopParagraph__U31Gm\">O spraw\u0119 zapytali\u015bmy tak\u017ce szefa wojew\u00f3dzkich struktur PiS, pos\u0142a tej partii \u0141ukasza Kmit\u0119. Na nasze pytanie, w kt\u00f3rej mszy \u015bwi\u0119tej zamierza uczestniczy\u0107 w niedziel\u0119, odpowiada, \u017ce zamierza sp\u0119dzi\u0107 ten dzie\u0144 w rodzinnym Olkuszu i tam wzi\u0105\u0107 udzia\u0142 w uroczysto\u015bciach. Po odpowied\u017a w sprawie powod\u00f3w bojkotu uroczysto\u015bci pa\u0144stwowych w Krakowie przez szefow\u0105 tamtejszego PiS odsy\u0142a do Barbary Nowak. Jak zaznacza, nie chce komentowa\u0107 wiadomo\u015bci wys\u0142anej na prywatnym kanale do cz\u0142onk\u00f3w PiS.<\/p>\n<p class=\"Paragraph_desktopParagraph__U31Gm\">Pose\u0142 Kmita dodaje jednak, \u017ce jego zdaniem ka\u017cdy ma prawo uczestniczy\u0107 w obchodach \u015bwi\u0119ta w taki spos\u00f3b, jaki mu odpowiada. \u2014 Nie ma tak\u017ce zakazu uczestnictwa w obchodach organizowanych przez wojewod\u0119 Kl\u0119czara. Niech ka\u017cdy uczci ten dzie\u0144 w taki spos\u00f3b, jak chce, do czego serdecznie zach\u0119cam \u2014 podsumowuje pose\u0142 Kmita.<\/p>\n<p class=\"Paragraph_desktopParagraph__U31Gm\">Po godz. 22 do sprawy odni\u00f3s\u0142 si\u0119 rzecznik PiS Rafa\u0142 Bochenek. &#8222;Komunikat p. Barbary Nowak rozes\u0142any do struktur PiS-u w sprawie krakowskich uroczysto\u015bci 3 maja nie jest stanowiskiem partii. To prywatna inicjatywa p. Barbary Nowak. \u015awi\u0119to Konstytucji 3 Maja powinno jednoczy\u0107 wszystkich Polak\u00f3w. Jest to \u015bwi\u0119to patriotyzmu, odwo\u0142uj\u0105ce si\u0119 do wa\u017cnych dla naszych rodak\u00f3w warto\u015bci, takich jak wolno\u015b\u0107, niepodleg\u0142o\u015b\u0107 i w\u0142asne, suwerenne pa\u0144stwo. Piel\u0119gnujmy te warto\u015bci wsp\u00f3lnie, \u015bwi\u0119tuj\u0105c uchwalenie pierwszej w Europie i drugiej na \u015bwiecie Konstytucji&#8221; \u2014 napisa\u0142 na X.<\/p>\n","protected":false},"excerpt":{"rendered":"Maj\u00f3wka w Krakowie b\u0119dzie obfitowa\u0142a w szereg wydarze\u0144 patriotycznych, z kt\u00f3rych wi\u0119kszo\u015b\u0107 organizuje magistrat. Na uroczysto\u015bci upami\u0119tniaj\u0105ce 235.&hellip;\n","protected":false},"author":2,"featured_media":401662,"comment_status":"","ping_status":"","sticky":false,"template":"","format":"standard","meta":{"footnotes":"","_share_on_mastodon":"0"},"categories":[51606],"tags":[28407,64505,66,67,25727,1304,1267,25726,53,52,68,51,55,42,38,40,39,41,868,47,50,26],"class_list":["post-401661","post","type-post","status-publish","format-standard","has-post-thumbnail","category-krakow","tag-barbara_nowak","tag-benefit_tst0","tag-give_me_perspective","tag-intextvideo_splayer","tag-kard_grzegorz_rys","tag-krakow","tag-krakow_miasto","tag-marek_jedraszewski_arcybiskup","tag-new_header","tag-onet3","tag-onet3d","tag-onet3d_2i","tag-phx","tag-pl","tag-poland","tag-polish","tag-polska","tag-polski","tag-prawo_i_sprawiedliwosc_pis","tag-screening_general","tag-v2021","tag-wiadomosci"],"share_on_mastodon":{"url":"https:\/\/pubeurope.com\/@pl\/116498639467917169","error":""},"_links":{"self":[{"href":"https:\/\/www.europesays.com\/pl\/wp-json\/wp\/v2\/posts\/401661","targetHints":{"allow":["GET"]}}],"collection":[{"href":"https:\/\/www.europesays.com\/pl\/wp-json\/wp\/v2\/posts"}],"about":[{"href":"https:\/\/www.europesays.com\/pl\/wp-json\/wp\/v2\/types\/post"}],"author":[{"embeddable":true,"href":"https:\/\/www.europesays.com\/pl\/wp-json\/wp\/v2\/users\/2"}],"replies":[{"embeddable":true,"href":"https:\/\/www.europesays.com\/pl\/wp-json\/wp\/v2\/comments?post=401661"}],"version-history":[{"count":0,"href":"https:\/\/www.europesays.com\/pl\/wp-json\/wp\/v2\/posts\/401661\/revisions"}],"wp:featuredmedia":[{"embeddable":true,"href":"https:\/\/www.europesays.com\/pl\/wp-json\/wp\/v2\/media\/401662"}],"wp:attachment":[{"href":"https:\/\/www.europesays.com\/pl\/wp-json\/wp\/v2\/media?parent=401661"}],"wp:term":[{"taxonomy":"category","embeddable":true,"href":"https:\/\/www.europesays.com\/pl\/wp-json\/wp\/v2\/categories?post=401661"},{"taxonomy":"post_tag","embeddable":true,"href":"https:\/\/www.europesays.com\/pl\/wp-json\/wp\/v2\/tags?post=401661"}],"curies":[{"name":"wp","href":"https:\/\/api.w.org\/{rel}","templated":true}]}}