{"id":401889,"date":"2026-05-01T11:58:09","date_gmt":"2026-05-01T11:58:09","guid":{"rendered":"https:\/\/www.europesays.com\/pl\/401889\/"},"modified":"2026-05-01T11:58:09","modified_gmt":"2026-05-01T11:58:09","slug":"czy-polska-musi-wybrac-stawiajac-albo-na-berlin-albo-na-waszyngton-w-obszarze-bezpieczenstwa-komentarz","status":"publish","type":"post","link":"https:\/\/www.europesays.com\/pl\/401889\/","title":{"rendered":"Czy Polska musi wybra\u0107, stawiaj\u0105c albo na Berlin, albo na Waszyngton w obszarze bezpiecze\u0144stwa? [KOMENTARZ]"},"content":{"rendered":"<p class=\"Paragraph_desktopParagraph__U31Gm\">Na szcz\u0119\u015bcie na nic takiego si\u0119 nie zanosi, gdy\u017c Polska potrzebuje zar\u00f3wno silnego sojuszu ze Stanami Zjednoczonymi, jak i z Niemcami. Polska musi piel\u0119gnowa\u0107 jak najlepsze relacje wobec obu tych kluczowych sojusznik\u00f3w, a nie wybiera\u0107 pomi\u0119dzy nimi. Podobnie licytowanie si\u0119 przez Polsk\u0119 o to kto ma by\u0107 teraz najwa\u017cniejszym sojusznikiem USA w Europie jest bezcelowe, gdy\u017c nie mo\u017cemy realnie konkurowa\u0107 z Niemcami o ameryka\u0144skie wzgl\u0119dy. Chodzi o to by po\u0142\u0105czy\u0107 cele Polski, Niemiec i USA w jedn\u0105 sp\u00f3jn\u0105 ca\u0142o\u015b\u0107. Najpierw jednak trzeba w\u0142a\u015bciwie zdefiniowa\u0107 te cele i strategie w odniesieniu do ka\u017cdego z pa\u0144stw.<\/p>\n<p>Polska potrzebuje Niemiec tak samo jak USA <\/p>\n<p class=\"Paragraph_desktopParagraph__U31Gm\">Nie chodzi nawet o to, \u017ce wojska niemieckie walczy\u0142yby w obronie Polski. Chodzi o samo terytorium Niemiec i jego fundamentalne znaczenie dla Polski. Bez przychylnego stanowiska Niemiec jakakolwiek pomoc dla Polski mog\u0142aby by\u0107 niemo\u017cliwa. Kluczowym czynnikiem jest tu geografia. W razie ewentualnej wojny z Rosj\u0105 Niemcy b\u0119d\u0105 pe\u0142ni\u0107 tak\u0105 sam\u0105 rol\u0119 wobec Polski jak Polska pe\u0142ni obecnie wobec Ukrainy. Przede wszystkim logistyczn\u0105. To przez Niemcy b\u0119d\u0105 sz\u0142y wojska sojusznicze, pomoc, zaopatrzenie i amunicja. Niemcy b\u0119d\u0105 tak\u017ce naszym zapleczem i zapewni\u0105 nam dodatkow\u0105 g\u0142\u0119bi\u0119 strategiczn\u0105. <\/p>\n<p class=\"Paragraph_desktopParagraph__U31Gm\">Je\u017celi na przyk\u0142ad nasze samoloty nie b\u0119d\u0105 mog\u0142y operowa\u0107 z terytorium RP, bo nasze lotniska b\u0119d\u0105 pod ostrza\u0142em lub zniszczone, to b\u0119d\u0105 mog\u0142y si\u0119 przebazowa\u0107 na lotniska w Niemczech. Podobnie transport wojsk sojuszniczych te\u017c b\u0119dzie musia\u0142 si\u0119 odbywa\u0107 kolej\u0105 przez terytorium Niemiec, gdy\u017c transport \u017co\u0142nierzy drog\u0105 powietrzn\u0105 i morsk\u0105 mo\u017ce okaza\u0107 si\u0119 zbyt ryzykowny ju\u017c po wybuchu konfliktu. Je\u017celi Amerykanie chcieliby wys\u0142a\u0107 do nas dodatkowych \u017co\u0142nierzy, to najpierw musieliby oni zosta\u0107 przetransportowani przez Atlantyk do niemieckich port\u00f3w, a nast\u0119pnie kolej\u0105 do Polski. <\/p>\n<p class=\"Paragraph_desktopParagraph__U31Gm\">W Polsce czeka\u0142by ju\u017c na nich sprz\u0119t z magazyn\u00f3w U.S. Army Prepositioned Stocks. Takie operacje by\u0142y ju\u017c \u0107wiczone w przesz\u0142o\u015bci i rola Niemiec jest w nich niezb\u0119dna. Inn\u0105 wa\u017cn\u0105 kwesti\u0105 jest logistyka paliwowa. W razie wojny dostawy paliw drog\u0105 morsk\u0105 mog\u0105 by\u0107 zagro\u017cone lub niemo\u017cliwe. Dlatego Polska chce zintegrowa\u0107 si\u0119 z systemem ruroci\u0105g\u00f3w paliwowych NATO, co obejmuje budow\u0119 ruroci\u0105g\u00f3w przez terytorium Niemiec do baz PERN pod Bydgoszcz\u0105. Podsumowuj\u0105c, bez Niemiec skuteczna wojna obronna Polski by\u0142aby bardzo utrudniona.<\/p>\n<p>Nowa strategia Niemiec <\/p>\n<p class=\"Paragraph_desktopParagraph__U31Gm\">Ostatnio opublikowana nowa Strategia Wojskowa Niemiec jest wyj\u015bciem naprzeciw zmieniaj\u0105cym si\u0119 realiom geopolitycznym oraz przede wszystkim coraz wi\u0119kszym oczekiwaniom Amerykan\u00f3w, aby Europa wzi\u0119\u0142a na siebie wi\u0119ksz\u0105 odpowiedzialno\u015b\u0107 za utrzymywanie bezpiecze\u0144stwa. Niemcy jako centralne i najpot\u0119\u017cniejsze pa\u0144stwo Europy nie mog\u0142y po prostu d\u0142u\u017cej sta\u0107 z boku tych fundamentalnych zmian na kontynencie. Nowa strategia Niemiec w kontek\u015bcie przesuni\u0119cia priorytet\u00f3w Stan\u00f3w Zjednoczonych w stron\u0119 zachodniej p\u00f3\u0142kuli i Indo\u2011Pacyfiku stwierdza, \u017ce Niemcy uznaj\u0105, \u017ce wraz z pozosta\u0142ymi sojusznikami powinny wzi\u0105\u0107 na siebie wi\u0119kszy ci\u0119\u017car odpowiedzialno\u015bci za obron\u0119 i odstraszanie w ramach NATO. <\/p>\n<p class=\"Paragraph_desktopParagraph__U31Gm\">Podkre\u015blaj\u0105 tak\u017ce swoj\u0105 kluczow\u0105 rol\u0119 w sferze zapewniania zdolno\u015bci obrony konwencjonalnej. Berlin wprost definiuje swoj\u0105 misj\u0119 jako wzmacnianie sp\u00f3jno\u015bci sojuszniczej pomi\u0119dzy wschodem i zachodem Europy oraz r\u00f3wnoczesne podtrzymywanie wi\u0119zi transatlantyckich z USA. Niemcy zapowiadaj\u0105 d\u0105\u017cenie do zintegrowania potencja\u0142\u00f3w wojskowych mniejszych pa\u0144stw Europy. Co wa\u017cne to ca\u0142o\u015b\u0107 si\u0142 operacyjnych Bundeswehry ma by\u0107 wkomponowana w natowski system planowania obronnego. Niemcy graj\u0105 w zupe\u0142nie innej lidze ni\u017c Polska i nie mamy wystarczaj\u0105cego potencja\u0142u, aby ich zast\u0105pi\u0107 w roli g\u0142\u00f3wnego sojusznika USA w Europie, je\u017celi na serio wezm\u0105 si\u0119 za to co zapowiadaj\u0105, czyli zbrojenia i rozbudowa armii. Dlatego nie ma sensu rywalizowanie z Niemcami przez Polsk\u0119 o wzgl\u0119dy Waszyngtonu. Zamiast tego musimy umie\u0107 si\u0119 wpisa\u0107 zar\u00f3wno w strategiczne plany USA i jak i Niemiec tak by jak najlepiej s\u0142u\u017cy\u0142o to polskim interesom.<\/p>\n<p>Ameryka\u0144ska strategia konsolidacji <\/p>\n<p class=\"Paragraph_desktopParagraph__U31Gm\">Amerykanie szukaj\u0105 jednego punktu odniesienia w postaci silnego Berlina i Polska b\u0119dzie musia\u0142a jako\u015b si\u0119 wpisa\u0107 w te plany ze swoimi interesami. Amerykanie d\u0105\u017c\u0105 do strategicznej konsolidacji, a nie rozdrobnienia w\u015br\u00f3d swoich sojusznik\u00f3w. Ameryka\u0144ski analityk Wess Mitchell pisze o tym wprost w swoim najnowszym tek\u015bcie dla magazynu Foreign Affairs pt.: &#8222;The strategy of consolidation&#8221;. Wed\u0142ug niego Amerykanie odchodz\u0105 od rozpraszania swoich zasob\u00f3w wojskowych wsz\u0119dzie po \u015bwiecie i b\u0119d\u0105 skupia\u0107 si\u0119 na priorytetyzacji i konsolidacji swoich sojusznik\u00f3w o kluczowym znaczeniu. Najwa\u017cniejsze z punktu widzenia USA jest to, aby sojusznicy rozbudowywali w\u0142asne zdolno\u015bci by by\u0107 wsparciem, a nie obci\u0105\u017ceniem dla ameryka\u0144skiej strategii.<\/p>\n<p class=\"Paragraph_desktopParagraph__U31Gm\">Polska jest pa\u0144stwem frontowym. Z perspektywy USA Warszawa staje si\u0119 kluczowym filarem konwencjonalnej obrony Europy. Amerykanie oczekuj\u0105, \u017ce nast\u0105pi rozw\u00f3j wsp\u00f3\u0142pracy Polski i Niemiec jako g\u0142\u00f3wnych element\u00f3w nowej architektury bezpiecze\u0144stwa w Europie. Elbridge Colby, zast\u0119pca sekretarza wojny, zakomunikowa\u0142 to wprost, \u017ce w ramach przenoszenia ci\u0119\u017caru odpowiedzialno\u015bci za obron\u0119 konwencjonaln\u0105 Europy na europejskich sojusznik\u00f3w to Niemcy b\u0119d\u0105 g\u0142\u00f3wn\u0105 si\u0142\u0105 nap\u0119dow\u0105 tych zmian. Jednak pa\u0144stwa wschodniej flanki sojuszu s\u0105 r\u00f3wnie wa\u017cnym elementem. Dla realizacji nowej strategii ameryka\u0144skiej Niemcy i Polska s\u0105 tak samo wa\u017cne i maj\u0105 do wype\u0142nienia swoje role. Niemcy jako czynnik konsoliduj\u0105cy Europ\u0119 i przewodz\u0105cy polityce ponownego uzbrojenia si\u0119 Europy i Polska jako \u015brodek ci\u0119\u017cko\u015bci obrony wschodniej flanki NATO, kt\u00f3ry spina obron\u0119 sojuszu na linii p\u00f3\u0142noc-po\u0142udnie od Finlandii i Szwecji po Rumuni\u0119 i Turcj\u0119.<\/p>\n<p>Gdzie jest strategia Polski? <\/p>\n<p class=\"Paragraph_desktopParagraph__U31Gm\">Przy okazji publikacji nowej strategii przez Niemcy warto zwr\u00f3ci\u0107 uwag\u0119 na fakt, \u017ce Polska wci\u0105\u017c nie ma przyj\u0119tej w\u0142asnej Strategii Bezpiecze\u0144stwa Narodowego. Ostatnia, wci\u0105\u017c obowi\u0105zuj\u0105ca jest z 2020 r.! Czy w \u015brodowisku mi\u0119dzynarodowym nie zasz\u0142o wystarczaj\u0105co du\u017co zmian przez ostatnie sze\u015b\u0107 lat by\u015bmy mogli doczeka\u0107 si\u0119 nowej strategii? Rz\u0105d, co prawda przygotowa\u0142 i przyj\u0105\u0142 now\u0105 Strategi\u0119 Bezpiecze\u0144stwa Narodowego w lipcu 2025 r., jednak nie zosta\u0142a ona do tej pory zatwierdzona przez prezydenta. Niestety, ale po raz kolejny konflikt na linii prezydent-premier, kt\u00f3ry jest zaprogramowany w naszej konstytucji szkodzi naszym interesom strategicznym. Pocieszeniem mo\u017ce by\u0107 fakt, \u017ce w marcu 2026 r. Ministerstwo Spraw Zagranicznych RP stworzy\u0142o &#8222;Strategi\u0119 polskiej polityki zagranicznej na lata 2026\u20132030&#8221; przyj\u0119t\u0105 przez rz\u0105d.<\/p>\n<p class=\"Paragraph_desktopParagraph__U31Gm\">Je\u017celi chcemy by\u0107 traktowani jako powa\u017cny partner przez Waszyngton i Berlin powinni\u015bmy zacz\u0105\u0107 od traktowania naszego w\u0142asnego pa\u0144stwa powa\u017cnie. Je\u017celi od sze\u015bciu lat nie potrafimy wyda\u0107 najwa\u017cniejszego dokumentu strategicznego w polityce pa\u0144stwa to nie oczekujmy, \u017ce inni b\u0119d\u0105 nas traktowa\u0107 powa\u017cnie. Strategia Bezpiecze\u0144stwa Narodowego jest dokumentem, kt\u00f3ry wyznacza nam g\u0142\u00f3wne kierunki dzia\u0142ania w polityce mi\u0119dzynarodowej i bezpiecze\u0144stwa. Dodatkowo sygnalizuje naszym sojusznikom i wrogom nasze najwa\u017cniejsze interesy i cele strategiczne. Bez niej b\u0119dziemy jako pa\u0144stwo dryfowa\u0107 bezw\u0142adnie rzucani przez rozw\u00f3j wydarze\u0144 mi\u0119dzynarodowych wci\u0105\u017c skupieni na konfliktach wewn\u0119trznych. Nie maj\u0105c w\u0142asnej jasno okre\u015blonej strategii, musimy dostosowywa\u0107 si\u0119 do strategii realizowanych przez innych. Bez w\u0142asnych wyznaczonych kierunk\u00f3w dzia\u0142ania b\u0119dziemy zmuszeni jak dzieci we mgle reagowa\u0107 tylko dora\u017anie na rozw\u00f3j wydarze\u0144 mi\u0119dzynarodowych. Taka polityka dzia\u0142a tylko na kr\u00f3tk\u0105 met\u0119 i zwykle ko\u0144czy si\u0119 \u017ale.<\/p>\n<p class=\"Paragraph_desktopParagraph__U31Gm\">Dr Micha\u0142 Wo\u017aniak (Obserwator Mi\u0119dzynarodowy) uzyska\u0142 tytu\u0142 doktora w obszarze nauk spo\u0142ecznych, na Wydziale Studi\u00f3w Mi\u0119dzynarodowych i Politologicznych Uniwersytetu \u0141\u00f3dzkiego w 2017 r. Tematem rozprawy doktorskiej by\u0142a &#8222;Polityka bezpiecze\u0144stwa USA w latach 2008-2016 i jej wp\u0142yw na bezpiecze\u0144stwo Polski&#8221;.<\/p>\n","protected":false},"excerpt":{"rendered":"Na szcz\u0119\u015bcie na nic takiego si\u0119 nie zanosi, gdy\u017c Polska potrzebuje zar\u00f3wno silnego sojuszu ze Stanami Zjednoczonymi, jak&hellip;\n","protected":false},"author":2,"featured_media":401890,"comment_status":"","ping_status":"","sticky":false,"template":"","format":"standard","meta":{"footnotes":"","_share_on_mastodon":"0"},"categories":[12],"tags":[1009,2594,53,58968,52,68,51,55,42,38,40,39,41,47,50,26],"class_list":["post-401889","post","type-post","status-publish","format-standard","has-post-thumbnail","category-polska","tag-anejus","tag-komentarz","tag-new_header","tag-obserwator_miedzynarodowy","tag-onet3","tag-onet3d","tag-onet3d_2i","tag-phx","tag-pl","tag-poland","tag-polish","tag-polska","tag-polski","tag-screening_general","tag-v2021","tag-wiadomosci"],"share_on_mastodon":{"url":"https:\/\/pubeurope.com\/@pl\/116499205738878260","error":""},"_links":{"self":[{"href":"https:\/\/www.europesays.com\/pl\/wp-json\/wp\/v2\/posts\/401889","targetHints":{"allow":["GET"]}}],"collection":[{"href":"https:\/\/www.europesays.com\/pl\/wp-json\/wp\/v2\/posts"}],"about":[{"href":"https:\/\/www.europesays.com\/pl\/wp-json\/wp\/v2\/types\/post"}],"author":[{"embeddable":true,"href":"https:\/\/www.europesays.com\/pl\/wp-json\/wp\/v2\/users\/2"}],"replies":[{"embeddable":true,"href":"https:\/\/www.europesays.com\/pl\/wp-json\/wp\/v2\/comments?post=401889"}],"version-history":[{"count":0,"href":"https:\/\/www.europesays.com\/pl\/wp-json\/wp\/v2\/posts\/401889\/revisions"}],"wp:featuredmedia":[{"embeddable":true,"href":"https:\/\/www.europesays.com\/pl\/wp-json\/wp\/v2\/media\/401890"}],"wp:attachment":[{"href":"https:\/\/www.europesays.com\/pl\/wp-json\/wp\/v2\/media?parent=401889"}],"wp:term":[{"taxonomy":"category","embeddable":true,"href":"https:\/\/www.europesays.com\/pl\/wp-json\/wp\/v2\/categories?post=401889"},{"taxonomy":"post_tag","embeddable":true,"href":"https:\/\/www.europesays.com\/pl\/wp-json\/wp\/v2\/tags?post=401889"}],"curies":[{"name":"wp","href":"https:\/\/api.w.org\/{rel}","templated":true}]}}