{"id":401972,"date":"2026-05-01T12:55:15","date_gmt":"2026-05-01T12:55:15","guid":{"rendered":"https:\/\/www.europesays.com\/pl\/401972\/"},"modified":"2026-05-01T12:55:15","modified_gmt":"2026-05-01T12:55:15","slug":"polska-majac-gazoport-w-swinoujsciu-moglaby-sie-stac-gazowym-hubem","status":"publish","type":"post","link":"https:\/\/www.europesays.com\/pl\/401972\/","title":{"rendered":"Polska, maj\u0105c gazoport w \u015awinouj\u015bciu, mog\u0142aby si\u0119 sta\u0107 gazowym hubem"},"content":{"rendered":"<p>Wojna w\u00a0Iranie ma\u00a0powa\u017cny wp\u0142yw na\u00a0gospodark\u0119 Chin. Kraj ten jest jednym z\u00a0najwi\u0119kszych importer\u00f3w ropy naftowej na\u00a0\u015bwiecie i\u00a0w\u00a0du\u017cym stopniu zale\u017cy od\u00a0dostaw surowc\u00f3w z\u00a0Bliskiego Wschodu. Konflikt prowadzi przede wszystkim do\u00a0zak\u0142\u00f3ce\u0144 w\u00a0dostawach energii, zw\u0142aszcza je\u015bli dochodzi do\u00a0ograniczenia transportu przez cie\u015bnin\u0119 Ormuz. W\u00a0efekcie ceny surowc\u00f3w energetycznych rosn\u0105, co\u00a0zwi\u0119ksza koszty produkcji i\u00a0transportu w\u00a0Chinach oraz wywo\u0142uje presj\u0119 inflacyjn\u0105 w\u00a0ca\u0142ej gospodarce. Wojna powoduje destabilizacj\u0119 globalnych \u0142a\u0144cuch\u00f3w dostaw, kt\u00f3re s\u0105\u00a0kluczowe dla chi\u0144skiego modelu gospodarczego bazuj\u0105cego na\u00a0eksporcie. Problemy logistyczne, wy\u017csze koszty transportu i\u00a0niepewno\u015b\u0107 na\u00a0rynkach mi\u0119dzynarodowych mog\u0105 ogranicza\u0107 handel zagraniczny oraz spowalnia\u0107 wzrost gospodarczy\u00a0Chin.<\/p>\n<p>Jednocze\u015bnie wojna mo\u017ce przynie\u015b\u0107 Chinom pewne korzy\u015bci strategiczne. W\u00a0sytuacji os\u0142abienia innych pa\u0144stw i\u00a0napi\u0119\u0107 mi\u0119dzynarodowych Pekin mo\u017ce zwi\u0119ksza\u0107 swoje wp\u0142ywy polityczne i\u00a0gospodarcze, wzmacnia\u0107 swoj\u0105 pozycj\u0119 na\u00a0arenie mi\u0119dzynarodowej, a\u00a0tak\u017ce promowa\u0107 rozliczenia handlowe w\u00a0juanach zamiast w\u00a0dolarach \u2013 co\u00a0ju\u017c si\u0119 dzieje w\u00a0kontaktach z\u00a0niekt\u00f3rymi\u00a0krajami.<\/p>\n<p>Mimo strat Iran na\u00a0razie zachowuje strategiczn\u0105 przewag\u0119 dzi\u0119ki zdolno\u015bci do\u00a0wywierania asymetrycznej presji na\u00a0globalne rynki\u00a0energii.<\/p>\n<p>Marta Kaczy\u0144ska-Zieli\u0144ska, tygodnik\u00a0\u201eSieci\u201d<\/p>\n<p>Dzi\u0119kujemy za przeczytanie artyku\u0142u!<\/p>\n<p>Pami\u0119taj, mo\u017cesz ogl\u0105da\u0107 nasz\u0105 telewizj\u0119 na <a href=\"https:\/\/wpolsce24.tv\/\" target=\"_blank\" rel=\"nofollow noopener\">wPolsce24<\/a>. Buduj z nami niezale\u017cne media na <a href=\"https:\/\/wesprzyj.wpolsce24.tv\/\" target=\"_blank\" rel=\"nofollow noopener\">wesprzyj.wpolsce24<\/a>.<\/p>\n","protected":false},"excerpt":{"rendered":"Wojna w\u00a0Iranie ma\u00a0powa\u017cny wp\u0142yw na\u00a0gospodark\u0119 Chin. Kraj ten jest jednym z\u00a0najwi\u0119kszych importer\u00f3w ropy naftowej na\u00a0\u015bwiecie i\u00a0w\u00a0du\u017cym stopniu zale\u017cy&hellip;\n","protected":false},"author":2,"featured_media":401973,"comment_status":"","ping_status":"","sticky":false,"template":"","format":"standard","meta":{"footnotes":"","_share_on_mastodon":"0"},"categories":[12],"tags":[7350,73818,85,4779,190,663,4027,17797,42,38,40,39,41],"class_list":["post-401972","post","type-post","status-publish","format-standard","has-post-thumbnail","category-polska","tag-bliski-wschod","tag-branza-paliwowa","tag-chiny","tag-gaz","tag-gospodarka","tag-iran","tag-logistyka","tag-paliwa","tag-pl","tag-poland","tag-polish","tag-polska","tag-polski"],"share_on_mastodon":{"url":"https:\/\/pubeurope.com\/@pl\/116499429802943602","error":""},"_links":{"self":[{"href":"https:\/\/www.europesays.com\/pl\/wp-json\/wp\/v2\/posts\/401972","targetHints":{"allow":["GET"]}}],"collection":[{"href":"https:\/\/www.europesays.com\/pl\/wp-json\/wp\/v2\/posts"}],"about":[{"href":"https:\/\/www.europesays.com\/pl\/wp-json\/wp\/v2\/types\/post"}],"author":[{"embeddable":true,"href":"https:\/\/www.europesays.com\/pl\/wp-json\/wp\/v2\/users\/2"}],"replies":[{"embeddable":true,"href":"https:\/\/www.europesays.com\/pl\/wp-json\/wp\/v2\/comments?post=401972"}],"version-history":[{"count":0,"href":"https:\/\/www.europesays.com\/pl\/wp-json\/wp\/v2\/posts\/401972\/revisions"}],"wp:featuredmedia":[{"embeddable":true,"href":"https:\/\/www.europesays.com\/pl\/wp-json\/wp\/v2\/media\/401973"}],"wp:attachment":[{"href":"https:\/\/www.europesays.com\/pl\/wp-json\/wp\/v2\/media?parent=401972"}],"wp:term":[{"taxonomy":"category","embeddable":true,"href":"https:\/\/www.europesays.com\/pl\/wp-json\/wp\/v2\/categories?post=401972"},{"taxonomy":"post_tag","embeddable":true,"href":"https:\/\/www.europesays.com\/pl\/wp-json\/wp\/v2\/tags?post=401972"}],"curies":[{"name":"wp","href":"https:\/\/api.w.org\/{rel}","templated":true}]}}