{"id":402390,"date":"2026-05-01T17:47:10","date_gmt":"2026-05-01T17:47:10","guid":{"rendered":"https:\/\/www.europesays.com\/pl\/402390\/"},"modified":"2026-05-01T17:47:10","modified_gmt":"2026-05-01T17:47:10","slug":"ratunek-dla-humbaka-timmy-moze-wyplynac-z-barki-ale-sie-nie-rusza","status":"publish","type":"post","link":"https:\/\/www.europesays.com\/pl\/402390\/","title":{"rendered":"Ratunek dla humbaka. Timmy mo\u017ce wyp\u0142yn\u0105\u0107 z barki, ale si\u0119 nie rusza"},"content":{"rendered":"<p class=\"Paragraph_desktopParagraph__U31Gm\">Akcja ratowania humbaka, kt\u00f3ry kilka tygodni temu utkn\u0105\u0142 na mieli\u017anie Morza Ba\u0142tyckiego u wybrze\u017cy Niemiec, prawdopodobnie dobiega ko\u0144ca. W pi\u0105tek po po\u0142udniu (1.05.2026) usuni\u0119to siatk\u0119 zabezpieczaj\u0105c\u0105 na barce, transportuj\u0105cej wieloryba na otwarte morze. Oznacza to, \u017ce Timmy \u2014 jak nazwano wieloryba \u2014 m\u00f3g\u0142by wyp\u0142yn\u0105\u0107 na wolno\u015b\u0107. Jednak na transmisjach na \u017cywo w internecie wida\u0107 by\u0142o, \u017ce zwierz\u0119 niemal si\u0119 nie porusza\u0142o.<\/p>\n<p class=\"Paragraph_desktopParagraph__U31Gm\">Wcze\u015bniej Jens Schwarck, cz\u0142onek prywatnej inicjatywy ratunkowej, zapowiedzia\u0142, \u017ce wieloryb mo\u017ce zosta\u0107 wypuszczony w p\u00f3\u017anych godzinach popo\u0142udniowych. Poniewa\u017c konw\u00f3j nie zdo\u0142a\u0142 kontynuowa\u0107 podr\u00f3\u017cy zaplanowan\u0105 tras\u0105 na Morze P\u00f3\u0142nocne, obecnie podejmowana jest pr\u00f3ba wypuszczenia wieloryba na Morzu Ba\u0142tyckim. Schwarck powiedzia\u0142 magazynowi &#8222;Focus&#8221;, \u017ce zwierz\u0119ciu zamontowano ju\u017c nadajnik lokalizacyjny.<\/p>\n<p>Pogoda popsu\u0142a szyki <\/p>\n<p class=\"Paragraph_desktopParagraph__U31Gm\">Holownik ci\u0105gn\u0105cy bark\u0119, kt\u00f3r\u0105 transportowano wieloryba na otwarte morze, znajdowa\u0142 si\u0119 w pi\u0105tek po po\u0142udniu kawa\u0142ek przed p\u00f3\u0142nocnym kra\u0144cem Danii, a zatem wci\u0105\u017c na Morzu Ba\u0142tyckim.<\/p>\n<p class=\"Paragraph_desktopParagraph__U31Gm\">Pierwotny plan inicjatywy ratowania humbaka Timmy&#8217;ego zak\u0142ada\u0142 wypuszczenie zwierz\u0119cia dopiero na Morzu P\u00f3\u0142nocnym, w odpowiednim miejscu. Plany te pokrzy\u017cowa\u0142a pogoda i wysokie fale \u2014 holownik, kt\u00f3ry w pi\u0105tek rano, po wielodniowej podr\u00f3\u017cy, niemal dotar\u0142 do Morza P\u00f3\u0142nocnego, musia\u0142 zawr\u00f3ci\u0107. Powodem by\u0142y trudne warunki pogodowe \u2014 powiedzia\u0142 stacji NDR Martin Bocklage, kapitan statku eskortuj\u0105cego &#8222;Robin Hood&#8221;. Po po\u0142udnie konw\u00f3j ponownie skierowa\u0142 si\u0119 w stron\u0119 Morza P\u00f3\u0142nocnego.<\/p>\n<p class=\"Paragraph_desktopParagraph__U31Gm\">Je\u015bli Timmy zostanie uwolniony, ale potem ponownie utkn\u0105\u0142by na mieli\u017anie, du\u0144skie w\u0142adze prawdopodobnie nie udzieli\u0142yby mu pomocy. Du\u0144skie Ministerstwo \u015arodowiska poinformowa\u0142o Niemieck\u0105 Agencj\u0119 Prasow\u0105 DPA, \u017ce zasadniczo nie ratuje si\u0119 osiad\u0142ych na brzegu ssak\u00f3w morskich. Takie przypadki uznawane s\u0105 za &#8222;zjawisko naturalnie wyst\u0119puj\u0105ce&#8221;, a wieloryby co do zasady &#8222;nie powinny by\u0107 ratowane ani niepokojone poprzez ingerencj\u0119 cz\u0142owieka&#8221;.<\/p>\n","protected":false},"excerpt":{"rendered":"Akcja ratowania humbaka, kt\u00f3ry kilka tygodni temu utkn\u0105\u0142 na mieli\u017anie Morza Ba\u0142tyckiego u wybrze\u017cy Niemiec, prawdopodobnie dobiega ko\u0144ca.&hellip;\n","protected":false},"author":2,"featured_media":402391,"comment_status":"","ping_status":"","sticky":false,"template":"","format":"standard","meta":{"footnotes":"","_share_on_mastodon":"0"},"categories":[14],"tags":[32,33,311,27,561,34,35,28,31,53,25,52,68,51,55,40,41,47,196,80,29,30,50,26,82,83,84],"class_list":["post-402390","post","type-post","status-publish","format-standard","has-post-thumbnail","category-swiat","tag-breaking-news","tag-breakingnews","tag-deutsche_welle","tag-headlines","tag-kch","tag-latest-news","tag-latestnews","tag-naglowki","tag-najwazniejsze-artykuly","tag-new_header","tag-news","tag-onet3","tag-onet3d","tag-onet3d_2i","tag-phx","tag-polish","tag-polski","tag-screening_general","tag-styl_zycia","tag-swiat","tag-top-stories","tag-topstories","tag-v2021","tag-wiadomosci","tag-world","tag-world-news","tag-worldnews"],"share_on_mastodon":{"url":"https:\/\/pubeurope.com\/@pl\/116500577947126326","error":""},"_links":{"self":[{"href":"https:\/\/www.europesays.com\/pl\/wp-json\/wp\/v2\/posts\/402390","targetHints":{"allow":["GET"]}}],"collection":[{"href":"https:\/\/www.europesays.com\/pl\/wp-json\/wp\/v2\/posts"}],"about":[{"href":"https:\/\/www.europesays.com\/pl\/wp-json\/wp\/v2\/types\/post"}],"author":[{"embeddable":true,"href":"https:\/\/www.europesays.com\/pl\/wp-json\/wp\/v2\/users\/2"}],"replies":[{"embeddable":true,"href":"https:\/\/www.europesays.com\/pl\/wp-json\/wp\/v2\/comments?post=402390"}],"version-history":[{"count":0,"href":"https:\/\/www.europesays.com\/pl\/wp-json\/wp\/v2\/posts\/402390\/revisions"}],"wp:featuredmedia":[{"embeddable":true,"href":"https:\/\/www.europesays.com\/pl\/wp-json\/wp\/v2\/media\/402391"}],"wp:attachment":[{"href":"https:\/\/www.europesays.com\/pl\/wp-json\/wp\/v2\/media?parent=402390"}],"wp:term":[{"taxonomy":"category","embeddable":true,"href":"https:\/\/www.europesays.com\/pl\/wp-json\/wp\/v2\/categories?post=402390"},{"taxonomy":"post_tag","embeddable":true,"href":"https:\/\/www.europesays.com\/pl\/wp-json\/wp\/v2\/tags?post=402390"}],"curies":[{"name":"wp","href":"https:\/\/api.w.org\/{rel}","templated":true}]}}