{"id":402445,"date":"2026-05-01T18:29:35","date_gmt":"2026-05-01T18:29:35","guid":{"rendered":"https:\/\/www.europesays.com\/pl\/402445\/"},"modified":"2026-05-01T18:29:35","modified_gmt":"2026-05-01T18:29:35","slug":"co-sie-dzieje-propozycje-na-majowke","status":"publish","type":"post","link":"https:\/\/www.europesays.com\/pl\/402445\/","title":{"rendered":"Co si\u0119 dzieje? Propozycje na maj\u00f3wk\u0119"},"content":{"rendered":"<p>                        <a href=\"https:\/\/24kurier.pl\/media\/bd5fk0bb\/3c3bf99f-15cd-4d0f-ad80-ef15dbe60c64.jpg\" data-fancybox=\"gallery3\" data-caption=\"Fot. Dariusz Gorajski\" rel=\"nofollow noopener\" target=\"_blank\">&#13;<br \/>\n                            &#13;<br \/>\n                            <img decoding=\"async\" src=\"https:\/\/www.europesays.com\/pl\/wp-content\/uploads\/2026\/05\/3c3bf99f-15cd-4d0f-ad80-ef15dbe60c64.jpg\" class=\"img-fluid figure-img\" alt=\"Co si\u0119 dzieje? Propozycje na maj\u00f3wk\u0119\"\/>&#13;<br \/>\n                        <\/a><\/p>\n<p>&#13;<br \/>\n                            Fot. Dariusz Gorajski&#13;<br \/>\n                            &#13;<br \/>\n                                \u00a0&#13;<br \/>\n                            &#13;\n                        <\/p>\n<p>\u015awi\u0119to Pracy <\/p>\n<p>&#13;<\/p>\n<p>REKLAMA<\/p>\n<p>&#13;<br \/>\n    &#13;<br \/>\n    &#13;<\/p>\n<p>Nowa Lewica Szczecin zaprasza na obchody przy Pomniku Czynu Polak\u00f3w na Jasnych B\u0142oniach w Szczecinie. Start o godz. 10. Uczestnicy obchodzi\u0107 b\u0119d\u0105 \u015awi\u0119to Pracy, kt\u00f3re jest ho\u0142dem dla ludzi pracy.<\/p>\n<p>Czarownice na zamku<\/p>\n<p>Na Zamku Ksi\u0105\u017c\u0105t Pomorskich trwa\u0107 b\u0119dzie wydarzenie \u201eCzarownice na zamku. O kobietach, kt\u00f3re wiedz\u0105\u201d. Zamek zamieni si\u0119 w miejsce pe\u0142ne magii, mocy i wiedzy tajemnej. Impreza rozpocznie si\u0119 30 kwietnia i potrwa do 1 maja. W programie: warsztaty, wyk\u0142ady, inscenizacje historyczne, maraton bajkowy, koncert zespo\u0142u \u017bywio\u0142ak i wiele innych. Pocz\u0105tek o godz. 12.<\/p>\n<p>Zabawa w Fabryce Wody<\/p>\n<p>Przez ca\u0142\u0105 maj\u00f3wk\u0119 du\u017co b\u0119dzie si\u0119 dzia\u0142o w Fabryce Wody. W pi\u0105tek o godz. 13 odb\u0119d\u0105 si\u0119 gry i zabawy w wodzie, a o godz. 17 impreza z DJ-em. W sobot\u0119 o godz. 13 kolejne animacje w Fabryce Wody, a o godz. 17 impreza z muzyk\u0105 retro. W niedziel\u0119: tropikalny fina\u0142 \u2013 hawajskie party w godz. 13\u201316. W programie: animacje w tropikalnym klimacie, muzyka oraz swobodna atmosfera.<\/p>\n<p>Spacer historyczny<\/p>\n<p>W pi\u0105tek o godz. 12 Anna Koc zaprasza na spacer historyczny po dawnym Osowie (ul. Miodowa). Organizatorka poprowadzi uczestnik\u00f3w po najbardziej historycznych cz\u0119\u015bciach osiedla i opowie ciekawostki oraz fakty na temat Osowa.<\/p>\n<p>\u015awi\u0119to Flagi <\/p>\n<p>O godz. 10. na Wa\u0142ach Chrobrego 4 przy Zachodniopomorskim Urz\u0119dzie Wojew\u00f3dzkim odb\u0119dzie si\u0119 impreza patriotyczna, kt\u00f3rej towarzyszy\u0107 b\u0119d\u0105 takie atrakcje, jak: krwiobus, mural Macieja &#8222;Kredy&#8221; Jurkiewicza, gra piknikowa przygotowana przez harcerzy w ogrodzie ZUW, a zesp\u00f3\u0142 &#8222;Arabeska&#8221; zata\u0144czy poloneza przed gmachem urz\u0119du.<\/p>\n<p>Oficjalne uroczysto\u015bci patriotyczne w Szczecinie z okazji Dnia Flagi Rzeczypospolitej Polskiej odb\u0119d\u0105 si\u0119 r\u00f3wnie\u017c na Jasnych B\u0142oniach 2 maja, o g. 12. Udzia\u0142 w nich wezm\u0105 prezydent Szczecina Piotr Krzystek, marsza\u0142ek Olgierd Geblewicz oraz wojewoda Adam Rudawski. W programie: ceremonia\u0142 wojskowy, od\u015bpiewanie hymnu narodowego, przem\u00f3wienia okoliczno\u015bciowe oraz sk\u0142adanie kwiat\u00f3w.<\/p>\n<p>\u015aladami Stoewer\u00f3w<\/p>\n<p>Nie zabraknie w Szczecinie wydarze\u0144 o charakterze rozrywkowym i edukacyjnym. O g. 10.15 w Muzeum Techniki i Komunikacji odb\u0119dzie si\u0119 gra miejska \u201e\u015aladami Stoewer\u00f3w\u201d. To dwudniowa (2-3 maja) zabawa terenowa dla os\u00f3b, kt\u00f3re lubi\u0105 aktywnie poznawa\u0107 miasto przez pryzmat jego historii i odkrywa\u0107 szczeci\u0144skie zabytki.<\/p>\n<p>Pompon na tropie<\/p>\n<p>W Morskim Centrum Nauki (ul. Nad Du\u0144czyc\u0105 1) zaplanowano premier\u0119 \u201ePompona na tropie upiora w filharmonii\u201d \u2013 pierwszej kryminalnej serii dla dzieci o Szczecinie. Spotkanie dla czytelnik\u00f3w rozpocznie si\u0119 o godz. 13.<\/p>\n<p>\u015awi\u0119to Konstytucji 3 Maja<\/p>\n<p>Obchody\u00a0\u015awi\u0119ta Konstytucji 3 Maja rozpoczn\u0105 si\u0119 w Szczecinie o g. 10.30 msz\u0105 \u015bw. w intencji ojczyzny w ko\u015bciele pw. \u015awi\u0119tej Rodziny (ul. Korony Polskiej 28), a nast\u0119pnie przenios\u0105 si\u0119 na Jasne B\u0142onia (godz. 12). W programie: ceremonia\u0142 wojskowy, hymn pa\u0144stwowy, przem\u00f3wienia okoliczno\u015bciowe, sk\u0142adanie kwiat\u00f3w oraz cz\u0119\u015b\u0107 artystyczna w wykonaniu Orkiestry Wojskowej w Szczecinie.<\/p>\n<p>A mo\u017ce do schronu?<\/p>\n<p>3 maja o godz. 10 i 13 ochotnicy b\u0119d\u0105 mogli wybra\u0107 si\u0119 na wycieczk\u0119 po schronie SG-8, znajduj\u0105cym si\u0119 w podziemiach Stoczni Szczeci\u0144skiej.<\/p>\n<p>\u201eNiesko\u0144czono\u015b\u0107\u201d w Filharmonii<\/p>\n<p>Na 3 maja, godz. 19, zaplanowano fina\u0142owy koncert pt. \u201eNiesko\u0144czono\u015b\u0107\u201d w ramach festiwalu Szczecin Classic. Odb\u0119dzie si\u0119 on w Filharmonii im. Mieczys\u0142awa Kar\u0142owicza w Szczecinie.<\/p>\n<p>(K)<\/p>\n<p>REKLAMA<\/p>\n","protected":false},"excerpt":{"rendered":"&#13; &#13; &#13; &#13; Fot. Dariusz Gorajski&#13; &#13; \u00a0&#13; &#13; \u015awi\u0119to Pracy &#13; REKLAMA &#13; &#13; &#13; Nowa&hellip;\n","protected":false},"author":2,"featured_media":402446,"comment_status":"","ping_status":"","sticky":false,"template":"","format":"standard","meta":{"footnotes":"","_share_on_mastodon":"0"},"categories":[51611],"tags":[73882,73883,73881,73880,73879,42,38,40,39,41,2307],"class_list":["post-402445","post","type-post","status-publish","format-standard","has-post-thumbnail","category-szczecin","tag-wito-flagi","tag-wito-konstytucji-3-maja","tag-wito-pracy","tag-1-3-maja","tag-majwka-2026","tag-pl","tag-poland","tag-polish","tag-polska","tag-polski","tag-szczecin"],"share_on_mastodon":{"url":"https:\/\/pubeurope.com\/@pl\/116500743283588079","error":""},"_links":{"self":[{"href":"https:\/\/www.europesays.com\/pl\/wp-json\/wp\/v2\/posts\/402445","targetHints":{"allow":["GET"]}}],"collection":[{"href":"https:\/\/www.europesays.com\/pl\/wp-json\/wp\/v2\/posts"}],"about":[{"href":"https:\/\/www.europesays.com\/pl\/wp-json\/wp\/v2\/types\/post"}],"author":[{"embeddable":true,"href":"https:\/\/www.europesays.com\/pl\/wp-json\/wp\/v2\/users\/2"}],"replies":[{"embeddable":true,"href":"https:\/\/www.europesays.com\/pl\/wp-json\/wp\/v2\/comments?post=402445"}],"version-history":[{"count":0,"href":"https:\/\/www.europesays.com\/pl\/wp-json\/wp\/v2\/posts\/402445\/revisions"}],"wp:featuredmedia":[{"embeddable":true,"href":"https:\/\/www.europesays.com\/pl\/wp-json\/wp\/v2\/media\/402446"}],"wp:attachment":[{"href":"https:\/\/www.europesays.com\/pl\/wp-json\/wp\/v2\/media?parent=402445"}],"wp:term":[{"taxonomy":"category","embeddable":true,"href":"https:\/\/www.europesays.com\/pl\/wp-json\/wp\/v2\/categories?post=402445"},{"taxonomy":"post_tag","embeddable":true,"href":"https:\/\/www.europesays.com\/pl\/wp-json\/wp\/v2\/tags?post=402445"}],"curies":[{"name":"wp","href":"https:\/\/api.w.org\/{rel}","templated":true}]}}