{"id":402475,"date":"2026-05-01T18:44:11","date_gmt":"2026-05-01T18:44:11","guid":{"rendered":"https:\/\/www.europesays.com\/pl\/402475\/"},"modified":"2026-05-01T18:44:11","modified_gmt":"2026-05-01T18:44:11","slug":"dramat-na-lotnisku-w-lesznie-skoczek-spadochronowy-zginal-na-oczach-swiadkow-onet","status":"publish","type":"post","link":"https:\/\/www.europesays.com\/pl\/402475\/","title":{"rendered":"Dramat na lotnisku w Lesznie. Skoczek spadochronowy zgin\u0105\u0142 na oczach \u015bwiadk\u00f3w &#8211; Onet"},"content":{"rendered":"<ol>\n<li><a href=\"https:\/\/news.google.com\/rss\/articles\/CBMi2gFBVV95cUxPU25haTZLaDY3cE5CVTIyclpBazNSRDVLRU8wdXBxR2lwWXF2NV9fT1AzSWNNUkM3a2tINU1CMDkyMlpVZUZvYy1yczlsdTZlZ3FtOW5LNEZEdUxJVmlaRzRZT1FPRGxTOXR1ZVZnR0NXOTVRWnlxa2xaZFRhZ29EZEZGcWxhOC1DUmVmWUxpeEFHckhpU0F3STdHVGowazV5UXc0QkNXVUhWSHEzSEZZZnVvT3BkZElsMkptUHhaQ1lwVmFIWEl5MVdRN1lLa3ZGU2Fqem9ZdWpHUQ?oc=5\" target=\"_blank\" rel=\"nofollow noopener\">Dramat na lotnisku w Lesznie. Skoczek spadochronowy zgin\u0105\u0142 na oczach \u015bwiadk\u00f3w<\/a>&nbsp;&nbsp;Onet<\/li>\n<li><a href=\"https:\/\/news.google.com\/rss\/articles\/CBMiowFBVV95cUxNZlEyY0t4ZkxscHB5ODNad3hQNWNXNUs3SlBvdWdad2FkYm1BaHF1SmlrdHRXaDNLNktYT2I5eUhqcGJsZ3dkWVd4Ymg4QzhGSWJoazNMV04xVGxhaG1jQ0JYSTVXdnZwY1AzN0VBOGU3alFESFQ0TmdSb3BMN3d1VkQyTWdGYXJqaGlOb2dsRGJDQzdFR2NXN2J3d3NxRGRlams0?oc=5\" target=\"_blank\" rel=\"nofollow noopener\">&#8222;Uderzy\u0142 w ziemi\u0119&#8221;. Tragiczny fina\u0142 skoku spadochronowego<\/a>&nbsp;&nbsp;o2<\/li>\n<li><a href=\"https:\/\/news.google.com\/rss\/articles\/CBMiowFBVV95cUxPR1RuZVgyaTJ2M25pQWN5LUdDRWtPUkRkM3ExbkJqYS1Jazk1OWZBaGplLXlvSXoyWDFNTXVsY21US2VhSzkwQjlwTmxKbl9peU9mZXdpQTIwNmNCZnJpY3RlU2ZycS1sZWpaTUFPbXFGZkRrb0N1OHg5U3BaT3J5MW9yX0ZSMDF3bkIzQ3BoQmowM1hkNl9YVjNnam92b0NHb2FZ?oc=5\" target=\"_blank\" rel=\"nofollow noopener\">Tragedia na lotnisku. Zgin\u0105\u0142 spadochroniarz<\/a>&nbsp;&nbsp;Onet<\/li>\n<li><a href=\"https:\/\/news.google.com\/rss\/articles\/CBMivwFBVV95cUxQcFdHNUZteVEzWHVwaTVob0lPbWpyN3IyVHE4RWNYZEdyMlplbS1ZbEZMakQtSUhJdi1xRi0tY3U0Nk51cklaSEt5SzJhVHg0RmtyV3BaZ1JEdDFYUF92YWJxODFXYWZ1aEtPVTBMSUd2b0dXX0F2a1B1RkVSeHlDNk1SVjBoSVgzdXBsSTZDYjN2dzNDR19KYUo2aFNOZkNoUzFNTGNwanlNUTBnVng2TTJsSVgyZHNrZmtVanlYQQ?oc=5\" target=\"_blank\" rel=\"nofollow noopener\">Tragedia na lotnisku w Lesznie. Zgin\u0105\u0142 39-letni spadochroniarz<\/a>&nbsp;&nbsp;Interia Wydarzenia<\/li>\n<li><a href=\"https:\/\/news.google.com\/rss\/articles\/CBMimgFBVV95cUxNc2NMSlZGSEpsRnYtYWdvMUdOdDRjeV9SRlU4Q3M1anU4RlBoZ2IxYk9LcXZPWFVmSWI3WXNLVEtZNkV2aG9QaEphZWxoOEl2bkJzczJ0RFFyNUFUVTlldEF3eklOdmtQZ3dYV3lnU0wybVRmVjJsWHRTS2pJLWlHUUVYUDFQTDJwUUdxbU1XYWdoNlBUWkx0WHVB?oc=5\" target=\"_blank\" rel=\"nofollow noopener\">Tragiczny wypadek w Lesznie. Spadochron si\u0119 otworzy\u0142, ale skoczek zgin\u0105\u0142<\/a>&nbsp;&nbsp;TVN24<\/li>\n<\/ol>\n","protected":false},"excerpt":{"rendered":"Dramat na lotnisku w Lesznie. Skoczek spadochronowy zgin\u0105\u0142 na oczach \u015bwiadk\u00f3w&nbsp;&nbsp;Onet &#8222;Uderzy\u0142 w ziemi\u0119&#8221;. Tragiczny fina\u0142 skoku spadochronowego&nbsp;&nbsp;o2&hellip;\n","protected":false},"author":2,"featured_media":402476,"comment_status":"","ping_status":"","sticky":false,"template":"","format":"standard","meta":{"footnotes":"","_share_on_mastodon":"0"},"categories":[12],"tags":[32,33,1815,244,36,37,27,561,34,35,28,31,53,25,52,68,51,55,42,38,40,39,41,47,29,30,50,26],"class_list":["post-402475","post","type-post","status-publish","format-standard","has-post-thumbnail","category-polska","tag-breaking-news","tag-breakingnews","tag-codziennypoznanpl","tag-ctr_tst","tag-featured-news","tag-featurednews","tag-headlines","tag-kch","tag-latest-news","tag-latestnews","tag-naglowki","tag-najwazniejsze-artykuly","tag-new_header","tag-news","tag-onet3","tag-onet3d","tag-onet3d_2i","tag-phx","tag-pl","tag-poland","tag-polish","tag-polska","tag-polski","tag-screening_general","tag-top-stories","tag-topstories","tag-v2021","tag-wiadomosci"],"share_on_mastodon":{"url":"https:\/\/pubeurope.com\/@pl\/116500802117002624","error":""},"_links":{"self":[{"href":"https:\/\/www.europesays.com\/pl\/wp-json\/wp\/v2\/posts\/402475","targetHints":{"allow":["GET"]}}],"collection":[{"href":"https:\/\/www.europesays.com\/pl\/wp-json\/wp\/v2\/posts"}],"about":[{"href":"https:\/\/www.europesays.com\/pl\/wp-json\/wp\/v2\/types\/post"}],"author":[{"embeddable":true,"href":"https:\/\/www.europesays.com\/pl\/wp-json\/wp\/v2\/users\/2"}],"replies":[{"embeddable":true,"href":"https:\/\/www.europesays.com\/pl\/wp-json\/wp\/v2\/comments?post=402475"}],"version-history":[{"count":0,"href":"https:\/\/www.europesays.com\/pl\/wp-json\/wp\/v2\/posts\/402475\/revisions"}],"wp:featuredmedia":[{"embeddable":true,"href":"https:\/\/www.europesays.com\/pl\/wp-json\/wp\/v2\/media\/402476"}],"wp:attachment":[{"href":"https:\/\/www.europesays.com\/pl\/wp-json\/wp\/v2\/media?parent=402475"}],"wp:term":[{"taxonomy":"category","embeddable":true,"href":"https:\/\/www.europesays.com\/pl\/wp-json\/wp\/v2\/categories?post=402475"},{"taxonomy":"post_tag","embeddable":true,"href":"https:\/\/www.europesays.com\/pl\/wp-json\/wp\/v2\/tags?post=402475"}],"curies":[{"name":"wp","href":"https:\/\/api.w.org\/{rel}","templated":true}]}}