{"id":402477,"date":"2026-05-01T18:45:12","date_gmt":"2026-05-01T18:45:12","guid":{"rendered":"https:\/\/www.europesays.com\/pl\/402477\/"},"modified":"2026-05-01T18:45:12","modified_gmt":"2026-05-01T18:45:12","slug":"ukraina-uderza-w-glab-rosji-bezprecedensowy-atak-na-mysliwce-su-57-onet","status":"publish","type":"post","link":"https:\/\/www.europesays.com\/pl\/402477\/","title":{"rendered":"Ukraina uderza w g\u0142\u0105b Rosji. Bezprecedensowy atak na my\u015bliwce Su-57 &#8211; Onet"},"content":{"rendered":"<ol>\n<li><a href=\"https:\/\/news.google.com\/rss\/articles\/CBMiwAFBVV95cUxOeDZibTQzZEFwd0xVNUIzbzBSSDdzQ3hsbnVWQTVUYWRoLXh5dlhuZkJyc2NfZExIZXVkZGRDNVpBZnNaTG5Gd1RCUU9hbzRaMFptNWlKYkd0cXlzRTdObi1ZNWdDeDNuSzc3U0JNQWlfV2I4bWVGeHdaVUI3c3BwLWJabFN1dFBOUXI4TFlsRW5EczRoOUdYYXk1V1dUSXBjcGhralNuSEkxUnlzQy1SMlRNa1hjNzB0T0Nyd212MDc?oc=5\" target=\"_blank\" rel=\"nofollow noopener\">Ukraina uderza w g\u0142\u0105b Rosji. Bezprecedensowy atak na my\u015bliwce Su-57<\/a>&nbsp;&nbsp;Onet<\/li>\n<li><a href=\"https:\/\/news.google.com\/rss\/articles\/CBMiswFBVV95cUxQTWd0Z2VhMWYtVkJmQ3VDUFFvTkVEWVg1ZUZaLUUycnExR3pFV0kwcUtxQUpPeHhwRld6eHNwN1h2RHdkLURmTTJkNS1BUkkwUUtqYlZJXzRadThFVk1qdGJBZkhKbkNFbzY5elhVbzhldDhobU9RNlF4OEVwNXUtbEZsaHZEWDM5eUxEUlNUQ3gycGQtdmEwTmdCWEZIdlc1SkZ4bUhxUzl5QW5nOFVHbDU3NA?oc=5\" target=\"_blank\" rel=\"nofollow noopener\">Ze\u0142enski: ataki w g\u0142\u0105b Rosji spowodowa\u0142y co najmniej 7 mld dol. strat<\/a>&nbsp;&nbsp;WP Wiadomo\u015bci<\/li>\n<li><a href=\"https:\/\/news.google.com\/rss\/articles\/CBMipAFBVV95cUxOYjBScDdnbDZTOGhXWVdQTUpkRE1oanJWX1hGZ25faWZqVTFmSGJzdUEtYk9aMnRITnJkbDVaZXFfMlFUZHpGa3ZCWHZWS2p5Q1JsdzFpNURFLTZMMTVHUkI4aGpJb3NMZEdiOV95TDlCWDVhQ2drTkpCWkNmdDFqZ284bWpkYXJYT1A5RlVWSmJyWTFHRW9UcWZNT1JOMkFDSnplSQ?oc=5\" target=\"_blank\" rel=\"nofollow noopener\">Ofensywa Putina gorsza ni\u017c w I wojnie \u015bwiatowej. \u0141uny po\u017car\u00f3w nad Rosj\u0105<\/a>&nbsp;&nbsp;Newsweek<\/li>\n<li><a href=\"https:\/\/news.google.com\/rss\/articles\/CBMioAFBVV95cUxNNW5DeHZRMl9LTGUwREViWExLVWRYSTlEbzcyX3RscHRidU4yX3FJbVdhVGs3NkVBbUEtU3ljS2RSZ3IzbzNSd1JVZUtNbk9uWlRsa0pkbEdUT3Nycm1jaFJLenVYTXE1NE04dGNKWEJVcXZPRmNQLUd0MDBNdTdCTG9reU1sQXQ2TlJhVTM5dFVCNHlvWlpWLWJFdlVuYVF3?oc=5\" target=\"_blank\" rel=\"nofollow noopener\">Kreml uspokaja nar\u00f3d, gdy Tuapse kona w cieniu rafinerii [OPINIA]<\/a>&nbsp;&nbsp;Wiadomo\u015bci Onet<\/li>\n<li><a href=\"https:\/\/news.google.com\/rss\/articles\/CBMi4AFBVV95cUxPRnhTVnJ6WklfbDRmVDlXNC1QLU1tX1ZrZFUxcmU1ZDhfRFNZYU9TRmwyekdfbExyRm4td0Z1ck9JbV9WUTlNRGFXbVBIQVd4Yl9DOXBuMWhxUllVZlotU0Zxa25ZeWZib19Pc0l4cERZTVJXYWFrM2FjM1hWNlJfQlQ0dEliSU55N2JhcU5EbXoxbkd0OEdUQ0tFTWZLdHVBa254dTAtN3hoVkRNRzA5YUhIWkxXYnJCUlhtVXA0ekxObGpaZEJGaURXUGx0czc3RWk3aldzTklWdmgyQmt0UQ?oc=5\" target=\"_blank\" rel=\"nofollow noopener\">1527. dzie\u0144 wojny. Rosyjskie miliardy id\u0105 z dymem, towarzysze na Kremlu zgrzytaj\u0105 z\u0119bami<\/a>&nbsp;&nbsp;Polityka.pl<\/li>\n<\/ol>\n","protected":false},"excerpt":{"rendered":"Ukraina uderza w g\u0142\u0105b Rosji. Bezprecedensowy atak na my\u015bliwce Su-57&nbsp;&nbsp;Onet Ze\u0142enski: ataki w g\u0142\u0105b Rosji spowodowa\u0142y co najmniej&hellip;\n","protected":false},"author":2,"featured_media":402478,"comment_status":"","ping_status":"","sticky":false,"template":"","format":"standard","meta":{"footnotes":"","_share_on_mastodon":"0"},"categories":[5],"tags":[27365,32,33,244,36,37,27,561,34,35,28,31,53,25,52,68,51,55,42,38,40,39,41,47,29,30,50,26],"class_list":["post-402477","post","type-post","status-publish","format-standard","has-post-thumbnail","category-naglowki","tag-belsatpl","tag-breaking-news","tag-breakingnews","tag-ctr_tst","tag-featured-news","tag-featurednews","tag-headlines","tag-kch","tag-latest-news","tag-latestnews","tag-naglowki","tag-najwazniejsze-artykuly","tag-new_header","tag-news","tag-onet3","tag-onet3d","tag-onet3d_2i","tag-phx","tag-pl","tag-poland","tag-polish","tag-polska","tag-polski","tag-screening_general","tag-top-stories","tag-topstories","tag-v2021","tag-wiadomosci"],"share_on_mastodon":{"url":"https:\/\/pubeurope.com\/@pl\/116500806143026976","error":""},"_links":{"self":[{"href":"https:\/\/www.europesays.com\/pl\/wp-json\/wp\/v2\/posts\/402477","targetHints":{"allow":["GET"]}}],"collection":[{"href":"https:\/\/www.europesays.com\/pl\/wp-json\/wp\/v2\/posts"}],"about":[{"href":"https:\/\/www.europesays.com\/pl\/wp-json\/wp\/v2\/types\/post"}],"author":[{"embeddable":true,"href":"https:\/\/www.europesays.com\/pl\/wp-json\/wp\/v2\/users\/2"}],"replies":[{"embeddable":true,"href":"https:\/\/www.europesays.com\/pl\/wp-json\/wp\/v2\/comments?post=402477"}],"version-history":[{"count":0,"href":"https:\/\/www.europesays.com\/pl\/wp-json\/wp\/v2\/posts\/402477\/revisions"}],"wp:featuredmedia":[{"embeddable":true,"href":"https:\/\/www.europesays.com\/pl\/wp-json\/wp\/v2\/media\/402478"}],"wp:attachment":[{"href":"https:\/\/www.europesays.com\/pl\/wp-json\/wp\/v2\/media?parent=402477"}],"wp:term":[{"taxonomy":"category","embeddable":true,"href":"https:\/\/www.europesays.com\/pl\/wp-json\/wp\/v2\/categories?post=402477"},{"taxonomy":"post_tag","embeddable":true,"href":"https:\/\/www.europesays.com\/pl\/wp-json\/wp\/v2\/tags?post=402477"}],"curies":[{"name":"wp","href":"https:\/\/api.w.org\/{rel}","templated":true}]}}