{"id":402657,"date":"2026-05-01T20:57:22","date_gmt":"2026-05-01T20:57:22","guid":{"rendered":"https:\/\/www.europesays.com\/pl\/402657\/"},"modified":"2026-05-01T20:57:22","modified_gmt":"2026-05-01T20:57:22","slug":"tlumy-na-ulicach-poznania-mamy-dosc-smieciowek-i-niskich-pensji-mocne-postulaty-podczas-marszu-1-maja","status":"publish","type":"post","link":"https:\/\/www.europesays.com\/pl\/402657\/","title":{"rendered":"T\u0142umy na ulicach Poznania! &#8222;Mamy do\u015b\u0107 \u015bmieci\u00f3wek i niskich pensji&#8221; \u2013 mocne postulaty podczas marszu 1 maja"},"content":{"rendered":"<p class=\"Paragraph_desktopParagraph__U31Gm\">Ju\u017c od pierwszych minut by\u0142o jasne, \u017ce to nie b\u0119dzie spokojny spacer. W\u015br\u00f3d zgromadzonych dominowa\u0142y has\u0142a o konieczno\u015bci zmian \u2014 od likwidacji um\u00f3w \u015bmieciowych, przez skr\u00f3cenie tygodnia pracy do 32 godzin bez obni\u017cki wynagrodze\u0144, a\u017c po pe\u0142nop\u0142atne zwolnienia chorobowe i wzmocnienie kontroli nad pracodawcami.<\/p>\n<p class=\"Paragraph_desktopParagraph__U31Gm\">Marsz przeszed\u0142 m.in. ulicami \u015alusarsk\u0105, Wodn\u0105 i Grobl\u0105, a jego uczestnicy nie ukrywali frustracji. \u2014 &#8222;Polska jest jedn\u0105 z najwi\u0119kszych gospodarek \u015bwiata, a nadal karze si\u0119 nas za chorob\u0119 i spycha na niestabilne umowy&#8221; \u2014 podkre\u015bla\u0142 Kacper Gryglewicz, wskazuj\u0105c na systemowy charakter problem\u00f3w.<\/p>\n<p class=\"Paragraph_desktopParagraph__U31Gm\">Mocne g\u0142osy pojawi\u0142y si\u0119 tak\u017ce w kontek\u015bcie m\u0142odych ludzi i rynku mieszkaniowego. \u2014 &#8222;Pierwsza praca to cz\u0119sto nie rozw\u00f3j, ale niepewno\u015b\u0107. Za ma\u0142o zarabiamy, by \u017cy\u0107 spokojnie&#8221; \u2014 m\u00f3wi\u0142a Aneta Tro\u0107. Z kolei Sebastian Paw\u0142owicz zwraca\u0142 uwag\u0119 na rosn\u0105ce ceny najmu i trudno\u015bci w znalezieniu mieszkania. \u2014 &#8222;M\u0142odzi staj\u0105 przed wyborem: drogi wynajem albo brak dachu nad g\u0142ow\u0105&#8221; \u2014 zaznaczy\u0142.<\/p>\n<p class=\"Paragraph_desktopParagraph__U31Gm\">Nie zabrak\u0142o tak\u017ce g\u0142os\u00f3w z sektora edukacji. Milo Ostalskie m\u00f3wi\u0142 wprost o niedoszacowaniu pracy nauczycieli i konieczno\u015bci powi\u0105zania wynagrodze\u0144 ze \u015bredni\u0105 krajow\u0105.<\/p>\n<p class=\"Paragraph_desktopParagraph__U31Gm\">Kulminacj\u0105 wydarzenia by\u0142 piknik nad Wart\u0105, gdzie uczestnicy mogli kontynuowa\u0107 rozmowy i wymienia\u0107 si\u0119 do\u015bwiadczeniami. Organizatorzy podkre\u015blali, \u017ce 1 maja to nie tylko symboliczne \u015bwi\u0119to, ale przede wszystkim moment przypomnienia, \u017ce prawa pracownicze nie s\u0105 dane raz na zawsze.<\/p>\n<p class=\"Paragraph_desktopParagraph__U31Gm\">\u2014 &#8222;Dzi\u015b wielu m\u00f3wi, \u017ce ka\u017cdy musi radzi\u0107 sobie sam. To nieprawda \u2014 ten kraj budujemy razem&#8221; \u2014 podsumowa\u0142 \u0141ukasz Garczewski.<\/p>\n<p class=\"Paragraph_desktopParagraph__U31Gm\">Pozna\u0144skie obchody pokaza\u0142y jedno: temat pracy i wynagrodze\u0144 wci\u0105\u017c budzi ogromne emocje \u2014 i nic nie wskazuje na to, by w najbli\u017cszym czasie mia\u0142o si\u0119 to zmieni\u0107.<\/p>\n<p><img decoding=\"async\" class=\"Image_image__0tuHp Image_autoHeight__f2n87 \" height=\"381\" width=\"572\" src=\"https:\/\/www.europesays.com\/pl\/wp-content\/uploads\/2026\/05\/fP0k9kpTURBXy9iMThhOTZiMWNiODA5NjliNjlhMWZkZTI3ZDA5ZmJjNS5qcGeSlQLNAjwAwsOVAgDNAtDCw94AA6EwAaExAaEzw.jpeg\" alt=\"T\u0142umy na ulicach Poznania! \u201eMamy do\u015b\u0107 \u015bmieci\u00f3wek i niskich pensji\u201d \u2013 mocne postulaty podczas marszu 1 maja\" loading=\"lazy\" \/>www.codziennypoznan.pl<img decoding=\"async\" class=\"Image_image__0tuHp Image_autoHeight__f2n87 \" height=\"381\" width=\"572\" src=\"https:\/\/www.europesays.com\/pl\/wp-content\/uploads\/2026\/05\/Mbqk9kpTURBXy85NmYxNzA3NWY4ZmU3YzRhNTljODc2MzNhYjIwYjkzYy5qcGeSlQLNAjwAwsOVAgDNAtDCw94AA6EwAaExAaEzw.jpeg\" alt=\"T\u0142umy na ulicach Poznania! \u201eMamy do\u015b\u0107 \u015bmieci\u00f3wek i niskich pensji\u201d \u2013 mocne postulaty podczas marszu 1 maja\" loading=\"lazy\" \/>www.codziennypoznan.pl<\/p>\n","protected":false},"excerpt":{"rendered":"Ju\u017c od pierwszych minut by\u0142o jasne, \u017ce to nie b\u0119dzie spokojny spacer. W\u015br\u00f3d zgromadzonych dominowa\u0142y has\u0142a o konieczno\u015bci&hellip;\n","protected":false},"author":2,"featured_media":402658,"comment_status":"","ping_status":"","sticky":false,"template":"","format":"standard","meta":{"footnotes":"","_share_on_mastodon":"0"},"categories":[51609],"tags":[64980,1815,561,53,52,68,51,55,42,38,40,39,41,1817,47,50,26],"class_list":["post-402657","post","type-post","status-publish","format-standard","has-post-thumbnail","category-poznan","tag-benefit_tst2","tag-codziennypoznanpl","tag-kch","tag-new_header","tag-onet3","tag-onet3d","tag-onet3d_2i","tag-phx","tag-pl","tag-poland","tag-polish","tag-polska","tag-polski","tag-poznan","tag-screening_general","tag-v2021","tag-wiadomosci"],"share_on_mastodon":{"url":"https:\/\/pubeurope.com\/@pl\/116501325351676248","error":""},"_links":{"self":[{"href":"https:\/\/www.europesays.com\/pl\/wp-json\/wp\/v2\/posts\/402657","targetHints":{"allow":["GET"]}}],"collection":[{"href":"https:\/\/www.europesays.com\/pl\/wp-json\/wp\/v2\/posts"}],"about":[{"href":"https:\/\/www.europesays.com\/pl\/wp-json\/wp\/v2\/types\/post"}],"author":[{"embeddable":true,"href":"https:\/\/www.europesays.com\/pl\/wp-json\/wp\/v2\/users\/2"}],"replies":[{"embeddable":true,"href":"https:\/\/www.europesays.com\/pl\/wp-json\/wp\/v2\/comments?post=402657"}],"version-history":[{"count":0,"href":"https:\/\/www.europesays.com\/pl\/wp-json\/wp\/v2\/posts\/402657\/revisions"}],"wp:featuredmedia":[{"embeddable":true,"href":"https:\/\/www.europesays.com\/pl\/wp-json\/wp\/v2\/media\/402658"}],"wp:attachment":[{"href":"https:\/\/www.europesays.com\/pl\/wp-json\/wp\/v2\/media?parent=402657"}],"wp:term":[{"taxonomy":"category","embeddable":true,"href":"https:\/\/www.europesays.com\/pl\/wp-json\/wp\/v2\/categories?post=402657"},{"taxonomy":"post_tag","embeddable":true,"href":"https:\/\/www.europesays.com\/pl\/wp-json\/wp\/v2\/tags?post=402657"}],"curies":[{"name":"wp","href":"https:\/\/api.w.org\/{rel}","templated":true}]}}