{"id":402716,"date":"2026-05-01T21:40:10","date_gmt":"2026-05-01T21:40:10","guid":{"rendered":"https:\/\/www.europesays.com\/pl\/402716\/"},"modified":"2026-05-01T21:40:10","modified_gmt":"2026-05-01T21:40:10","slug":"malopolska-tragiczne-zderzenie-motocyklistow-jeden-z-nich-nie-zyje-onet","status":"publish","type":"post","link":"https:\/\/www.europesays.com\/pl\/402716\/","title":{"rendered":"Ma\u0142opolska: tragiczne zderzenie motocyklist\u00f3w. Jeden z nich nie \u017cyje &#8211; Onet"},"content":{"rendered":"<ol>\n<li><a href=\"https:\/\/news.google.com\/rss\/articles\/CBMixgFBVV95cUxPXzR0WlhIeGoxY2ctU3NRWEROS2NqTWlHM3NSZlg3NG1keUkyWUROYnkxT25TdDcxU3VDcG51UUFDQzhoNTFDVU5pVVB6TUo2QnpmYnMya0cweU9hZmxxSzZGS2hKcWFQb25jUEdpMVJUV2QwSHZpVlkxRDBLclBjLURLN3Vmb0tpUkJ2MFl0dXRZWkpSblZQUm9WcXB2YkNkMUc2THdsTFJEU28yTkZ4LXdRVHZ1aGtjUUhiUnpBUzk3djAxU3c?oc=5\" target=\"_blank\" rel=\"nofollow noopener\">Ma\u0142opolska: tragiczne zderzenie motocyklist\u00f3w. Jeden z nich nie \u017cyje<\/a>&nbsp;&nbsp;Onet<\/li>\n<li><a href=\"https:\/\/news.google.com\/rss\/articles\/CBMijAFBVV95cUxQcHJJclotWWlsNkh0Y2hpVVBpaG9RZGlqUHQtTWtNNlpPMFc0RW9xLVFzMFpDUXN2S0sydUFqZkxSNlU1SHY1Z25hQ0oyeEFkbTQ1SHhiSWJObWVOczEtWmJrOFVJUHA2OU1xcFVkT1l3cmR3UWxOTGFKUzdmOFI3X1NVcVVjRGE2TGhFXw?oc=5\" target=\"_blank\" rel=\"nofollow noopener\">Tragiczny wypadek. Zderzy\u0142y si\u0119 dwa motory<\/a>&nbsp;&nbsp;WP Wiadomo\u015bci<\/li>\n<li><a href=\"https:\/\/news.google.com\/rss\/articles\/CBMif0FVX3lxTE9ZQ2ZxVGJiQ1JTVHJpNEdITmJDVVdZMWk3elQ1REVwQ09wS09SRTNsdFhDMW02MWxENDgwcjdFSFBudWh2R3lRb2tvT1hBV3pWbVlWbUpaNmVpR2FlLWoxV1JreXVQMnF4TFJRRVdsZ3M0QjU3aEtCUXM2MUxWd2M?oc=5\" target=\"_blank\" rel=\"nofollow noopener\">Dw\u00f3ch 70-latk\u00f3w zderzy\u0142o si\u0119 motocyklami, jeden zmar\u0142<\/a>&nbsp;&nbsp;LoveKrak\u00f3w.pl<\/li>\n<li><a href=\"https:\/\/news.google.com\/rss\/articles\/CBMiigFBVV95cUxOSEM2Mm1uSVpvY3FnV09lRE1YbnU4ZURDTWNkeXVLbnQ4aE1hcGltQUVKaXFNTDZDMnFsZ21CVkpIYml1WDYyMmp3R2wzTlNLaTJNQmxtRU5HVFlzbW84TmxGdUZUMmlSMVZZa3Z5WXZpZmZYMmtUc25BWUpjMGlGSUQ4Qll5S3ZtRHc?oc=5\" target=\"_blank\" rel=\"nofollow noopener\">Zderzenie motocykli na drodze wojew\u00f3dzkiej 965 w Laskowej. \u015amier\u0107 poni\u00f3s\u0142 70-letni kieruj\u0105cy jedno\u015bladem<\/a>&nbsp;&nbsp;TV28<\/li>\n<li><a href=\"https:\/\/news.google.com\/rss\/articles\/CBMi3AFBVV95cUxQcEZkMk9ibEptdFZRdnJiZGZmVl9ackZSWVo1Ulo1X2J4NXVINHZqYmw4Q1VUT0J2WWdZMURQaHl4MGtBQTRaYkVuRTJ1ZmZQUzB5SVhzdDZuandWb1JSemM5ZjUycE05ZFUyQWpQa1hXdWFoNDE3Yi1HWHRKcGlzNGN5LXpwUURIeFRfQU5uWV9SMUstY2ZwYVFfZnFjYmllWGEtQTJ3dHdEVno4YlMtR05fbXVxUS1vMjlMbHVSYk1sT28zTUFBM2ZQTDB2b2NTV2ZZeVF5UURmazJX?oc=5\" target=\"_blank\" rel=\"nofollow noopener\">\u015amiertelny wypadek w Laskowej z udzia\u0142em dw\u00f3ch motocyklist\u00f3w. Jeden z nich poni\u00f3s\u0142 \u015bmier\u0107 na miejscu<\/a>&nbsp;&nbsp;Gazeta Krakowska<\/li>\n<\/ol>\n","protected":false},"excerpt":{"rendered":"Ma\u0142opolska: tragiczne zderzenie motocyklist\u00f3w. Jeden z nich nie \u017cyje&nbsp;&nbsp;Onet Tragiczny wypadek. Zderzy\u0142y si\u0119 dwa motory&nbsp;&nbsp;WP Wiadomo\u015bci Dw\u00f3ch 70-latk\u00f3w&hellip;\n","protected":false},"author":2,"featured_media":402717,"comment_status":"","ping_status":"","sticky":false,"template":"","format":"standard","meta":{"footnotes":"","_share_on_mastodon":"0"},"categories":[12],"tags":[32,33,36,37,27,561,368,34,35,28,31,53,25,52,68,51,55,42,38,40,39,41,47,29,30,50,26],"class_list":["post-402716","post","type-post","status-publish","format-standard","has-post-thumbnail","category-polska","tag-breaking-news","tag-breakingnews","tag-featured-news","tag-featurednews","tag-headlines","tag-kch","tag-krakowdlawas","tag-latest-news","tag-latestnews","tag-naglowki","tag-najwazniejsze-artykuly","tag-new_header","tag-news","tag-onet3","tag-onet3d","tag-onet3d_2i","tag-phx","tag-pl","tag-poland","tag-polish","tag-polska","tag-polski","tag-screening_general","tag-top-stories","tag-topstories","tag-v2021","tag-wiadomosci"],"share_on_mastodon":{"url":"https:\/\/pubeurope.com\/@pl\/116501494130625455","error":""},"_links":{"self":[{"href":"https:\/\/www.europesays.com\/pl\/wp-json\/wp\/v2\/posts\/402716","targetHints":{"allow":["GET"]}}],"collection":[{"href":"https:\/\/www.europesays.com\/pl\/wp-json\/wp\/v2\/posts"}],"about":[{"href":"https:\/\/www.europesays.com\/pl\/wp-json\/wp\/v2\/types\/post"}],"author":[{"embeddable":true,"href":"https:\/\/www.europesays.com\/pl\/wp-json\/wp\/v2\/users\/2"}],"replies":[{"embeddable":true,"href":"https:\/\/www.europesays.com\/pl\/wp-json\/wp\/v2\/comments?post=402716"}],"version-history":[{"count":0,"href":"https:\/\/www.europesays.com\/pl\/wp-json\/wp\/v2\/posts\/402716\/revisions"}],"wp:featuredmedia":[{"embeddable":true,"href":"https:\/\/www.europesays.com\/pl\/wp-json\/wp\/v2\/media\/402717"}],"wp:attachment":[{"href":"https:\/\/www.europesays.com\/pl\/wp-json\/wp\/v2\/media?parent=402716"}],"wp:term":[{"taxonomy":"category","embeddable":true,"href":"https:\/\/www.europesays.com\/pl\/wp-json\/wp\/v2\/categories?post=402716"},{"taxonomy":"post_tag","embeddable":true,"href":"https:\/\/www.europesays.com\/pl\/wp-json\/wp\/v2\/tags?post=402716"}],"curies":[{"name":"wp","href":"https:\/\/api.w.org\/{rel}","templated":true}]}}