{"id":402878,"date":"2026-05-02T00:14:12","date_gmt":"2026-05-02T00:14:12","guid":{"rendered":"https:\/\/www.europesays.com\/pl\/402878\/"},"modified":"2026-05-02T00:14:12","modified_gmt":"2026-05-02T00:14:12","slug":"zabytkowy-dworzec-na-mazowszu-przejdzie-metamorfoze","status":"publish","type":"post","link":"https:\/\/www.europesays.com\/pl\/402878\/","title":{"rendered":"Zabytkowy dworzec na Mazowszu przejdzie metamorfoz\u0119"},"content":{"rendered":"<p class=\"Paragraph_desktopParagraph__U31Gm\">30 kwietnia Polskie Koleje Pa\u0144stwowe S.A. podpisa\u0142y z Centrum Unijnych Projekt\u00f3w Transportowych umow\u0119 o dofinansowanie modernizacji zabytkowego dworca w \u017byrardowie. Warto\u015b\u0107 wsparcia wynosi oko\u0142o 24,6 mln z\u0142 netto, z czego 85 proc. stanowi\u0105 \u015brodki unijne, a pozosta\u0142e 15 proc. to wk\u0142ad w\u0142asny PKP.<\/p>\n<p class=\"Paragraph_desktopParagraph__U31Gm\">Dworzec z lat 20. XX wieku zostanie poddany gruntownej modernizacji. Budynek w stylu narodowym, \u0142\u0105cz\u0105cym elementy polskiego dworu szlacheckiego z motywami renesansu i baroku, zachowa sw\u00f3j historyczny charakter.<\/p>\n<p class=\"Paragraph_desktopParagraph__U31Gm\">Zakres prac obejmie zar\u00f3wno sam obiekt, jak i jego otoczenie. Zmodernizowane zostan\u0105 chodniki, drogi dojazdowe oraz infrastruktura rowerowa. Wn\u0119trza zostan\u0105 dostosowane do wsp\u00f3\u0142czesnych standard\u00f3w obs\u0142ugi pasa\u017cer\u00f3w.<\/p>\n<p>Nowoczesno\u015b\u0107 i dost\u0119pno\u015b\u0107 dla podr\u00f3\u017cnych <\/p>\n<p class=\"Paragraph_desktopParagraph__U31Gm\">Po zako\u0144czeniu inwestycji poprawi si\u0119 funkcjonalno\u015b\u0107 i estetyka dworca. Obiekt b\u0119dzie dostosowany do potrzeb os\u00f3b z niepe\u0142nosprawno\u015bciami oraz rodzin z dzie\u0107mi.<\/p>\n<p class=\"Paragraph_desktopParagraph__U31Gm\">Zastosowane zostan\u0105 nowoczesne rozwi\u0105zania techniczne, kt\u00f3re zwi\u0119ksz\u0105 bezpiecze\u0144stwo, m.in. system monitoringu. Dworzec stanie si\u0119 r\u00f3wnie\u017c bardziej ekologiczny dzi\u0119ki poprawie efektywno\u015bci energetycznej.<\/p>\n<p>Nowe funkcje dla mieszka\u0144c\u00f3w \u017byrardowa <\/p>\n<p class=\"Paragraph_desktopParagraph__U31Gm\">Zgodnie z porozumieniem z samorz\u0105dem, cz\u0119\u015b\u0107 przestrzeni zostanie przeznaczona na us\u0142ugi dla mieszka\u0144c\u00f3w. Opr\u00f3cz funkcji typowo dworcowych, takich jak poczekalnia, toalety i kasy biletowe, w budynku znajd\u0105 si\u0119 instytucje u\u017cyteczno\u015bci publicznej.<\/p>\n<p class=\"Paragraph_desktopParagraph__U31Gm\">Funkcje zwi\u0105zane z obs\u0142ug\u0105 podr\u00f3\u017cnych zostan\u0105 przeniesione na parter wschodniego skrzyd\u0142a. Zachodnia cz\u0119\u015b\u0107 budynku oraz pi\u0119tro zostan\u0105 zagospodarowane przez lokalny samorz\u0105d.<\/p>\n<p>Znaczenie inwestycji dla regionu <\/p>\n<p class=\"Paragraph_desktopParagraph__U31Gm\">Jak podkre\u015bla Pawe\u0142 Lisiewicz z zarz\u0105du PKP S.A., modernizacja wpisuje si\u0119 w jubileusze 100-lecia PKP oraz 200-lecia kolei na \u015bwiecie. &#8222;To nie tylko rewitalizacja zabytku, ale tak\u017ce poprawa jako\u015bci obs\u0142ugi pasa\u017cer\u00f3w i dost\u0119pno\u015bci transportu kolejowego&#8221; \u2014 zaznacza.<\/p>\n<p class=\"Paragraph_desktopParagraph__U31Gm\">Obecnie inwestycja znajduje si\u0119 na etapie weryfikacji projektu oraz uzyskiwania pozwolenia na budow\u0119. Podpisano ju\u017c umow\u0119 na pe\u0142nienie funkcji in\u017cyniera kontraktu.<\/p>\n<p class=\"Paragraph_desktopParagraph__U31Gm\">W tym roku planowane jest og\u0142oszenie przetargu na wykonawc\u0119 rob\u00f3t. Zako\u0144czenie inwestycji przewidziano na 2028 r.<\/p>\n<p class=\"Paragraph_desktopParagraph__U31Gm\">Ca\u0142kowita warto\u015b\u0107 projektu wynosi ponad 35,4 mln z\u0142 brutto. Koszty kwalifikowane to blisko 29 mln z\u0142 netto, z czego 85 proc. pokryj\u0105 fundusze unijne.<\/p>\n","protected":false},"excerpt":{"rendered":"30 kwietnia Polskie Koleje Pa\u0144stwowe S.A. podpisa\u0142y z Centrum Unijnych Projekt\u00f3w Transportowych umow\u0119 o dofinansowanie modernizacji zabytkowego dworca&hellip;\n","protected":false},"author":2,"featured_media":402879,"comment_status":"","ping_status":"","sticky":false,"template":"","format":"standard","meta":{"footnotes":"","_share_on_mastodon":"0"},"categories":[16],"tags":[1009,64505,113,112,105,53,52,68,51,55,42,38,40,39,41,47,8908,50],"class_list":["post-402878","post","type-post","status-publish","format-standard","has-post-thumbnail","category-biznes","tag-anejus","tag-benefit_tst0","tag-biznes","tag-business","tag-ekonomia","tag-new_header","tag-onet3","tag-onet3d","tag-onet3d_2i","tag-phx","tag-pl","tag-poland","tag-polish","tag-polska","tag-polski","tag-screening_general","tag-tu_stolica","tag-v2021"],"share_on_mastodon":{"url":"https:\/\/pubeurope.com\/@pl\/116502099661210610","error":""},"_links":{"self":[{"href":"https:\/\/www.europesays.com\/pl\/wp-json\/wp\/v2\/posts\/402878","targetHints":{"allow":["GET"]}}],"collection":[{"href":"https:\/\/www.europesays.com\/pl\/wp-json\/wp\/v2\/posts"}],"about":[{"href":"https:\/\/www.europesays.com\/pl\/wp-json\/wp\/v2\/types\/post"}],"author":[{"embeddable":true,"href":"https:\/\/www.europesays.com\/pl\/wp-json\/wp\/v2\/users\/2"}],"replies":[{"embeddable":true,"href":"https:\/\/www.europesays.com\/pl\/wp-json\/wp\/v2\/comments?post=402878"}],"version-history":[{"count":0,"href":"https:\/\/www.europesays.com\/pl\/wp-json\/wp\/v2\/posts\/402878\/revisions"}],"wp:featuredmedia":[{"embeddable":true,"href":"https:\/\/www.europesays.com\/pl\/wp-json\/wp\/v2\/media\/402879"}],"wp:attachment":[{"href":"https:\/\/www.europesays.com\/pl\/wp-json\/wp\/v2\/media?parent=402878"}],"wp:term":[{"taxonomy":"category","embeddable":true,"href":"https:\/\/www.europesays.com\/pl\/wp-json\/wp\/v2\/categories?post=402878"},{"taxonomy":"post_tag","embeddable":true,"href":"https:\/\/www.europesays.com\/pl\/wp-json\/wp\/v2\/tags?post=402878"}],"curies":[{"name":"wp","href":"https:\/\/api.w.org\/{rel}","templated":true}]}}