{"id":403667,"date":"2026-05-02T11:17:10","date_gmt":"2026-05-02T11:17:10","guid":{"rendered":"https:\/\/www.europesays.com\/pl\/403667\/"},"modified":"2026-05-02T11:17:10","modified_gmt":"2026-05-02T11:17:10","slug":"karol-nawrocki-powolal-nowa-rade-na-jej-czele-byly-minister","status":"publish","type":"post","link":"https:\/\/www.europesays.com\/pl\/403667\/","title":{"rendered":"Karol Nawrocki powo\u0142a\u0142 now\u0105 rad\u0119. Na jej czele by\u0142y minister"},"content":{"rendered":"<p>2 maja w dniu Polonii i Polak\u00f3w za Granic\u0105 oraz w Dniu Flagi RP Karol Nawrocki wr\u0119czy\u0142 odznaczenia pa\u0144stwowe dzia\u0142aczom polonijnym oraz akty powo\u0142ania cz\u0142onkom Rady do Spraw Polonii i Polak\u00f3w za Granic\u0105 przy Prezydencie RP.<\/p>\n<p>Przewodnicz\u0105cym Rady zosta\u0142 Konstanty Radziwi\u0142\u0142, by\u0142y minister zdrowia, b. ambasador Polski na Litwie oraz b. senator. Wiceprzewodnicz\u0105cymi Rady zostali Anna Maria Anders \u2014 by\u0142a ambasador RP we W\u0142oszech, by\u0142a senator oraz Tadeusz Antoniak ze Stowarzyszenia Weteran\u00f3w Armii Polskiej.<\/p>\n<p> <img decoding=\"async\" src=\"https:\/\/www.europesays.com\/pl\/wp-content\/uploads\/2026\/05\/ciok9lGaHR0cHM6Ly9vY2RuLmV1L3B1bHNjbXMvTURBXy9mY2E4YTlkMy0wODE5LTRkNDAtODRlOS05OWRhNTZmNzRjMzkuanBlZ.jpeg\" height=\"626\" width=\"940\" alt=\"Karol Nawrocki oraz Konstanty Radziwi\u0142\u0142\" loading=\"lazy\" class=\"ods-c-image__img ods-c-image__img--viewport-width\"\/> <\/p>\n<p>Karol Nawrocki oraz Konstanty Radziwi\u0142\u0142PAP\/Radek Pietruszka<\/p>\n<p> Polska &#8222;nie jest tylko miejscem na mapie&#8221;<\/p>\n<p>Prezydent podkre\u015bli\u0142 w swoim wyst\u0105pieniu, \u017ce Polska &#8222;nie jest tylko miejscem na mapie&#8221;, lecz &#8222;wsp\u00f3lnot\u0105 ludzi rozsianych po ca\u0142ym \u015bwiecie, na wszystkich szeroko\u015bciach geograficznych&#8221;.<\/p>\n<p>Jak zaznaczy\u0142, ta wsp\u00f3lnota kszta\u0142towa\u0142a si\u0119 przez co najmniej trzy ostatnie wieki. Przypomnia\u0142, \u017ce pierwsza wielka fala emigracji mia\u0142a miejsce, gdy Polacy &#8222;pozbawieni swojego pa\u0144stwa musieli opuszcza\u0107 swoj\u0105 ojcowizn\u0119&#8221;, a druga podczas II wojny \u015bwiatowej. Zauwa\u017cy\u0142, \u017ce s\u0105 to r\u00f3wnie\u017c ci Polacy, kt\u00f3rzy nigdy swojej ojcowizny nie opu\u015bcili, &#8222;a po prostu za spraw\u0105 arbitralnego przesuni\u0119cia granic po roku czterdziestym pi\u0105tym pozostali Polakami tam, gdzie rodzili si\u0119 ich przodkowie&#8221;.<\/p>\n<p>Kolejna fala, wskaza\u0142 prezydent, to Polacy &#8222;wypchni\u0119ci przez sowieckich kolonialist\u00f3w po roku 1945, ci wypychani w latach sze\u015b\u0107dziesi\u0105tych, siedemdziesi\u0105tych i po wprowadzeniu stanu wojennego&#8221;. \u2014 Chcieli zosta\u0107, ale mieli odwag\u0119, aby walczy\u0107 o wolno\u015b\u0107 i solidarno\u015b\u0107 i tego komuni\u015bci nie mogli im wybaczy\u0107 \u2014 zauwa\u017cy\u0142 Nawrocki.<\/p>\n<p>     &#8222;Polska jest po prostu g\u0142\u0119boko w waszym sercu&#8221;<\/p>\n<p>\u2014 Niezale\u017cnie od tego, w kt\u00f3rym kierunku spojrzymy, czy w kierunku wieku XIX, czy migracji II wojny \u015bwiatowej, czy lat siedemdziesi\u0105tych, osiemdziesi\u0105tych. Niezale\u017cnie od tego, czy te decyzje by\u0142y polityczne, czy (\u2026) osobiste, albo prywatne, to wszystkich pa\u0144stwa: i wspania\u0142ych, zas\u0142u\u017conych, odznaczonych, i cz\u0142onk\u00f3w Rady do Spraw Polonii i Polak\u00f3w poza granicami kraju \u0142\u0105czy jedno: mi\u0142o\u015b\u0107 do Polski, przywi\u0105zanie do naszych narodowych symboli \u2014 powiedzia\u0142 prezydent. \u2014 Polska jest po prostu g\u0142\u0119boko w waszym sercu, niezale\u017cnie od tego, od ilu pokole\u0144 pozostajecie za granicami Rzeczpospolitej \u2014 doda\u0142.<\/p>\n<p>Dzie\u0144 Polonii i Polak\u00f3w za Granic\u0105 obchodzony jest 2 maja od 2002 roku. \u015awi\u0119to pa\u0144stwowe ustanowione zosta\u0142o przez Sejm RP z inicjatywy Senatu RP. W ten spos\u00f3b uhonorowano osoby \u017cyj\u0105ce poza granicami Polski, kt\u00f3re zabiega\u0142y o polsk\u0105 niepodleg\u0142o\u015b\u0107 oraz wyra\u017ca\u0142y swoje przywi\u0105zanie do Rzeczypospolitej.<\/p>\n","protected":false},"excerpt":{"rendered":"2 maja w dniu Polonii i Polak\u00f3w za Granic\u0105 oraz w Dniu Flagi RP Karol Nawrocki wr\u0119czy\u0142 odznaczenia&hellip;\n","protected":false},"author":2,"featured_media":403668,"comment_status":"","ping_status":"","sticky":false,"template":"","format":"standard","meta":{"footnotes":"","_share_on_mastodon":"0"},"categories":[12],"tags":[61195,32,33,36,37,27,43,24032,49,34,35,28,31,48,25,46,42,38,40,3523,39,41,47,29,30,26],"class_list":["post-403667","post","type-post","status-publish","format-standard","has-post-thumbnail","category-polska","tag-bottomfeed_styl","tag-breaking-news","tag-breakingnews","tag-featured-news","tag-featurednews","tag-headlines","tag-karol_nawrocki","tag-konstanty_radziwill","tag-kraj","tag-latest-news","tag-latestnews","tag-naglowki","tag-najwazniejsze-artykuly","tag-nat_styl","tag-news","tag-omp","tag-pl","tag-poland","tag-polish","tag-polonia","tag-polska","tag-polski","tag-screening_general","tag-top-stories","tag-topstories","tag-wiadomosci"],"share_on_mastodon":{"url":"https:\/\/pubeurope.com\/@pl\/116504706749671253","error":""},"_links":{"self":[{"href":"https:\/\/www.europesays.com\/pl\/wp-json\/wp\/v2\/posts\/403667","targetHints":{"allow":["GET"]}}],"collection":[{"href":"https:\/\/www.europesays.com\/pl\/wp-json\/wp\/v2\/posts"}],"about":[{"href":"https:\/\/www.europesays.com\/pl\/wp-json\/wp\/v2\/types\/post"}],"author":[{"embeddable":true,"href":"https:\/\/www.europesays.com\/pl\/wp-json\/wp\/v2\/users\/2"}],"replies":[{"embeddable":true,"href":"https:\/\/www.europesays.com\/pl\/wp-json\/wp\/v2\/comments?post=403667"}],"version-history":[{"count":0,"href":"https:\/\/www.europesays.com\/pl\/wp-json\/wp\/v2\/posts\/403667\/revisions"}],"wp:featuredmedia":[{"embeddable":true,"href":"https:\/\/www.europesays.com\/pl\/wp-json\/wp\/v2\/media\/403668"}],"wp:attachment":[{"href":"https:\/\/www.europesays.com\/pl\/wp-json\/wp\/v2\/media?parent=403667"}],"wp:term":[{"taxonomy":"category","embeddable":true,"href":"https:\/\/www.europesays.com\/pl\/wp-json\/wp\/v2\/categories?post=403667"},{"taxonomy":"post_tag","embeddable":true,"href":"https:\/\/www.europesays.com\/pl\/wp-json\/wp\/v2\/tags?post=403667"}],"curies":[{"name":"wp","href":"https:\/\/api.w.org\/{rel}","templated":true}]}}