{"id":404112,"date":"2026-05-02T16:35:11","date_gmt":"2026-05-02T16:35:11","guid":{"rendered":"https:\/\/www.europesays.com\/pl\/404112\/"},"modified":"2026-05-02T16:35:11","modified_gmt":"2026-05-02T16:35:11","slug":"doda-zaspiewala-hymn-polski-w-krakowie-internauci-ocenili-wykonanie-jednoznacznie-onet","status":"publish","type":"post","link":"https:\/\/www.europesays.com\/pl\/404112\/","title":{"rendered":"Doda za\u015bpiewa\u0142a hymn Polski w Krakowie. Internauci ocenili wykonanie jednoznacznie &#8211; Onet"},"content":{"rendered":"<ol>\n<li><a href=\"https:\/\/news.google.com\/rss\/articles\/CBMi0wFBVV95cUxOOXU0QktxU3BRTHZFaDd0Smh3dHcxd0doR1JJMWZtQWZmenRGRlhwMnhES1R4SHlpZFNFOS1tbXRtNUxtQ2RacjFaNmZRQUdZUktRMU9pWXlNcG1XV2NyQ1JJeHd6ZjVWa1pUalUxdHpmSzVfUHQzcXpIQktqTHpFb3VqYnJUWkNMcnBCcGs4dmMxQjNvbVpvNDlQSUN5Y0xsWUpDQXVOenI1bDBNU2xPNWVYaEpNYl9hQ29UY29Kd1FCSGhCaXVZaU4tRUV6WjBqQ0JN?oc=5\" target=\"_blank\" rel=\"nofollow noopener\">Doda za\u015bpiewa\u0142a hymn Polski w Krakowie. Internauci ocenili wykonanie jednoznacznie<\/a>&nbsp;&nbsp;Onet<\/li>\n<li><a href=\"https:\/\/news.google.com\/rss\/articles\/CBMirAFBVV95cUxNRlktYkt6RXdIV0hNaXNfci01NExkd3h3T0ZoQjBYUVl0SXRWd0E2bzYwS0hmTUgwVXVmT0N3cUFvYmd2RktOZDg4am5CeUxRUDRLazFhS2xaSnZYcnlUN2VuQzloZlBDNGdfR3ZHWXd1Qm5LLVowR2J1YUxHMFdvYndPYkNjd2lEWTUyWHRsQnJ2aFA2VnNBaTdKbzVzclpmcnRPVjlucDFiYkps?oc=5\" target=\"_blank\" rel=\"nofollow noopener\">Doda za\u015bpiewa\u0142a &#8222;Mazurka D\u0105browskiego&#8221; i wszyscy zamarli. &#8222;Ka\u017cdy Polak powinien to us\u0142ysze\u0107&#8221;<\/a>&nbsp;&nbsp;Interia Muzyka<\/li>\n<li><a href=\"https:\/\/news.google.com\/rss\/articles\/CBMiwgFBVV95cUxQZGp1RHQyenZlYTU0ZG5BUzhjQXJvRmVBbDBDNFRLWDg3MWl3c1lCdFlKdVNWS1dhUjByOHFnNHRieF9jcVgzZmtZSG9kTEtXQXVlZG10b1RyaUx6Qy1UZWY5NUhFdl9LNHBMbWJ4SFdMVy0zcmpuN0R6WmU0TlQ5MU1Xb1Uyb1VsWi13ZmpPbGo4aWUwUkNrUjJhVUFMM05iMVl4bkFVaDY4SVgyQjZXRWdLNEJ6ZmxpSDRZM3RidExUQQ?oc=5\" target=\"_blank\" rel=\"nofollow noopener\">Maj\u00f3wka w Krakowie: wsp\u00f3lnota, muzyka i patriotyzm pod bia\u0142o-czerwon\u0105<\/a>&nbsp;&nbsp;Magiczny Krak\u00f3w<\/li>\n<li><a href=\"https:\/\/news.google.com\/rss\/articles\/CBMisAFBVV95cUxQYkdZOGRYd2lfYUtVbjJpVEN5WDdvMUl4SDVwOGxPTHlibXdKdURtMDVpcy03NzduUHZwSnU2ZFczcnhoZUZ5VDlWUjhraGhMcVYxeDE3TUZaSU9VMklJVWF5N3p2WXF1Mkg3Q0JfV0p0LTE4M3NnVDhXZWFmQ0NlMk5KUmMtWXB3aHB5T1ZkZm1zNDF4XzhPZFdXUkN3c3Fkb0RaMnItdHFkdFhDNmpUaw?oc=5\" target=\"_blank\" rel=\"nofollow noopener\">Doda za\u015bpiewa\u0142a hymn z okazji Dnia Flagi. W sieci poruszenie. Internauci komentuj\u0105<\/a>&nbsp;&nbsp;Plotek.pl<\/li>\n<li><a href=\"https:\/\/news.google.com\/rss\/articles\/CBMiiwFBVV95cUxPVlJrSVh1d3NYeGNJcmZiQnIwOHJ6ZHVEanViQ2I4bENhcmh4TURYcEM0RHpNZ2dvWFQ3Q0habE5fcFJKYWpQd05xdGxBLV9jd1RtbG5aLVA4eUN4a0JLMGQ3ZkJKcWx2RHNJaDN3S0NodDE2Q0xxQzlaOGJBNzc2UGZFS1NOV1BDRjdJ?oc=5\" target=\"_blank\" rel=\"nofollow noopener\">Bia\u0142o-czerwone flagi na krakowskich B\u0142oniach<\/a>&nbsp;&nbsp;RadioMaryja.pl<\/li>\n<\/ol>\n","protected":false},"excerpt":{"rendered":"Doda za\u015bpiewa\u0142a hymn Polski w Krakowie. Internauci ocenili wykonanie jednoznacznie&nbsp;&nbsp;Onet Doda za\u015bpiewa\u0142a &#8222;Mazurka D\u0105browskiego&#8221; i wszyscy zamarli. &#8222;Ka\u017cdy&hellip;\n","protected":false},"author":2,"featured_media":404113,"comment_status":"","ping_status":"","sticky":false,"template":"","format":"standard","meta":{"footnotes":"","_share_on_mastodon":"0"},"categories":[12],"tags":[32,33,244,7104,36,37,27,67,261,34,35,28,31,53,25,52,68,51,55,42,38,40,39,2847,41,47,5073,1607,29,30,65,50,26],"class_list":["post-404112","post","type-post","status-publish","format-standard","has-post-thumbnail","category-polska","tag-breaking-news","tag-breakingnews","tag-ctr_tst","tag-doda_piosenkarka_dorota_rabczewska","tag-featured-news","tag-featurednews","tag-headlines","tag-intextvideo_splayer","tag-kultura","tag-latest-news","tag-latestnews","tag-naglowki","tag-najwazniejsze-artykuly","tag-new_header","tag-news","tag-onet3","tag-onet3d","tag-onet3d_2i","tag-phx","tag-pl","tag-poland","tag-polish","tag-polska","tag-polska_polak_polka_polacy_polki","tag-polski","tag-screening_general","tag-swieto","tag-time_limited","tag-top-stories","tag-topstories","tag-update_me","tag-v2021","tag-wiadomosci"],"share_on_mastodon":{"url":"","error":"Validation failed: Text character limit of 500 exceeded"},"_links":{"self":[{"href":"https:\/\/www.europesays.com\/pl\/wp-json\/wp\/v2\/posts\/404112","targetHints":{"allow":["GET"]}}],"collection":[{"href":"https:\/\/www.europesays.com\/pl\/wp-json\/wp\/v2\/posts"}],"about":[{"href":"https:\/\/www.europesays.com\/pl\/wp-json\/wp\/v2\/types\/post"}],"author":[{"embeddable":true,"href":"https:\/\/www.europesays.com\/pl\/wp-json\/wp\/v2\/users\/2"}],"replies":[{"embeddable":true,"href":"https:\/\/www.europesays.com\/pl\/wp-json\/wp\/v2\/comments?post=404112"}],"version-history":[{"count":0,"href":"https:\/\/www.europesays.com\/pl\/wp-json\/wp\/v2\/posts\/404112\/revisions"}],"wp:featuredmedia":[{"embeddable":true,"href":"https:\/\/www.europesays.com\/pl\/wp-json\/wp\/v2\/media\/404113"}],"wp:attachment":[{"href":"https:\/\/www.europesays.com\/pl\/wp-json\/wp\/v2\/media?parent=404112"}],"wp:term":[{"taxonomy":"category","embeddable":true,"href":"https:\/\/www.europesays.com\/pl\/wp-json\/wp\/v2\/categories?post=404112"},{"taxonomy":"post_tag","embeddable":true,"href":"https:\/\/www.europesays.com\/pl\/wp-json\/wp\/v2\/tags?post=404112"}],"curies":[{"name":"wp","href":"https:\/\/api.w.org\/{rel}","templated":true}]}}