{"id":404292,"date":"2026-05-02T19:03:13","date_gmt":"2026-05-02T19:03:13","guid":{"rendered":"https:\/\/www.europesays.com\/pl\/404292\/"},"modified":"2026-05-02T19:03:13","modified_gmt":"2026-05-02T19:03:13","slug":"mikolaj-bagi-baginski-pokazal-wiadomosci-od-edwarda-miszczaka-numer-do-logopedy","status":"publish","type":"post","link":"https:\/\/www.europesays.com\/pl\/404292\/","title":{"rendered":"Miko\u0142aj &#8222;Bagi&#8221; Bagi\u0144ski pokaza\u0142 wiadomo\u015bci od Edwarda Miszczaka. &#8222;Numer do logopedy&#8221;"},"content":{"rendered":"<p class=\"Paragraph_desktopParagraph__U31Gm\"><a href=\"https:\/\/plejada.pl\/temat\/mikolaj-bagi-baginski\/p49q1z6\" id=\"ef4275df-06b8-4f49-8596-32bcb5f51911\" rel=\"nofollow noopener\" target=\"_blank\">Miko\u0142aj &#8222;Bagi&#8221; Bagi\u0144ski<\/a> to influencer, kt\u00f3rego na Instagramie \u015bledzi ponad 900 tys. u\u017cytkownik\u00f3w. Poza internetem nabra\u0142 szczeg\u00f3lnej s\u0142awy p\u00f3\u0142 roku temu, dzi\u0119ki udzia\u0142owi w jubileuszowej edycji &#8222;Ta\u0144ca z gwiazdami&#8221;, gdzie wyta\u0144czy\u0142 sobie Kryszta\u0142ow\u0105 Kul\u0119. Na tym jego przygoda z programem si\u0119 nie zako\u0144czy\u0142a. Tw\u00f3rca internetowy mia\u0142 okazj\u0119 kilka tygodni temu pe\u0142ni\u0107 funkcj\u0119 wsp\u00f3\u0142prowadz\u0105cego show.<\/p>\n<p>Miko\u0142aj &#8222;Bagi&#8221; Bagi\u0144ski ma powody do rado\u015bci. Kolejne telewizyjne wyzwania <\/p>\n<p class=\"Paragraph_desktopParagraph__U31Gm\">W jednej ze swoich najnowszych aktywno\u015bci w mediach spo\u0142eczno\u015bciowych Miko\u0142aj &#8222;Bagi&#8221; Bagi\u0144ski opublikowa\u0142 zrzut swojego ekranu, na kt\u00f3rym widnia\u0142y wiadomo\u015bci do niego od <a href=\"https:\/\/plejada.pl\/temat\/edward-miszczak\/gc7hq4k\" id=\"de3f5031-ee88-4fe8-b09e-ca5c78af8027\" rel=\"nofollow noopener\" target=\"_blank\">Edwarda Miszczaka.<\/a> Z ujawnionych tre\u015bci wynika, \u017ce Polsat wi\u0105\u017ce z influencerem kolejne plany.<\/p>\n<blockquote>\n<p class=\"Paragraph_desktopParagraph__U31Gm\">Bagi zapisz sobie te trzy daty: 7.05, 15.05 i 28.05. Prowadzenie &#8222;Ta\u0144ca z gwiazdami&#8221; posz\u0142o ok, ale musimy ci\u0119 sprawdzi\u0107 mocniej<\/p>\n<\/blockquote>\n<p class=\"Paragraph_desktopParagraph__U31Gm\">\u2014 napisa\u0142 Edward Miszczak, nie pozostawiaj\u0105c w\u0105tpliwo\u015bci, \u017ce przed influencerem stoj\u0105 nowe wyzwania. <\/p>\n<p class=\"Paragraph_desktopParagraph__U31Gm\">W kolejnej wiadomo\u015bci dyrektor Polsatu doda\u0142: <\/p>\n<blockquote>\n<p class=\"Paragraph_desktopParagraph__U31Gm\">PS. Tutaj numer do logopedy. Zapisz si\u0119 od jutra, prosz\u0119<\/p>\n<\/blockquote>\n<p class=\"Paragraph_desktopParagraph__U31Gm\">Jednak to nie koniec. Na jednym ze zrzut\u00f3w wida\u0107 tak\u017ce wcze\u015bniejsz\u0105, zamazan\u0105 wiadomo\u015b\u0107 od Edwarda Miszczaka: <\/p>\n<blockquote>\n<p class=\"Paragraph_desktopParagraph__U31Gm\">Jeszcze jedno &#8222;z*******e&#8221; na wizji i schodzisz z anteny, przysi\u0119gam<\/p>\n<\/blockquote>\n<p class=\"Paragraph_desktopParagraph__U31Gm\">\u2014 ten fragment rozmowy szybko sta\u0142 si\u0119 tematem dyskusji w sieci.<\/p>\n<p class=\"Paragraph_desktopParagraph__U31Gm\">Pod postem Miko\u0142aja &#8222;Bagiego&#8221; Bagi\u0144skiego pojawi\u0142a si\u0119 lawina komentarzy. Internauci nie kryli entuzjazmu: &#8222;Gratulacje&#8221;, &#8222;Nie przestajesz zaskakiwa\u0107&#8221;, &#8222;W\u0142a\u015bciwy cz\u0142owiek na w\u0142a\u015bciwym miejscu&#8221;, &#8222;Jestem dumna&#8221; \u2014 pisali.<\/p>\n<p><img decoding=\"async\" class=\"Image_image__0tuHp Image_autoHeight__f2n87 \" height=\"587\" width=\"391\" src=\"https:\/\/www.europesays.com\/pl\/wp-content\/uploads\/2026\/05\/UiVk9kpTURBXy8xOTU3NDA0N2NlMjEyMjQxMTM1NDU0MTBmMTZmM2ExNS5qcGeSlQLNA6wAwsOVAgDNAkvCw94AA6EwAaExAaEzw.jpeg\" alt=\"Miko\u0142aj &quot;Bagi&quot; Bagi\u0144ski\" loading=\"lazy\" \/>Andras Szilagyi \/ MW Media<\/p>\n<p>Miko\u0142aj &#8222;Bagi&#8221; Bagi\u0144ski<\/p>\n<p class=\"Paragraph_desktopParagraph__U31Gm\">Dzi\u0119kujemy, \u017ce przeczyta\u0142a\u015b\/e\u015b nasz artyku\u0142 do ko\u0144ca. W serwisie Plejada.pl ka\u017cdego dnia piszemy o najwa\u017cniejszych wydarzeniach show-biznesowych. B\u0105d\u017a na bie\u017c\u0105co! <a rel=\"nofollow noopener\" href=\"https:\/\/news.google.com\/publications\/CAAiEF0PeAlb7W1llpV_mwV2rL4qFAgKIhBdD3gJW-1tZZaVf5sFdqy-?hl=pl&amp;gl=PL&amp;ceid=PL%3Apl\" id=\"1ecd7ea6-5694-4bb8-9298-85478aa08d34\" target=\"_blank\">Obserwuj<\/a> Plejad\u0119 w Wiadomo\u015bciach Google. Odwied\u017a nas tak\u017ce na <a rel=\"nofollow noopener\" href=\"https:\/\/www.facebook.com\/plejadapl\" id=\"52dda669-8a6c-4514-82c6-d61cc6d57785\" target=\"_blank\">Facebooku<\/a>, <a rel=\"nofollow noopener\" href=\"https:\/\/www.instagram.com\/plejadapl\/\" id=\"473ea04f-8806-4c0f-9646-d638cb258b6c\" target=\"_blank\">Instagramie<\/a>, <a rel=\"nofollow noopener\" href=\"https:\/\/www.youtube.com\/c\/plejada\" id=\"29366272-8208-4e6b-b48c-d1392b5dcfc9\" target=\"_blank\">YouTubie<\/a> oraz <a rel=\"nofollow noopener\" href=\"https:\/\/www.tiktok.com\/@plejada_pl\" id=\"b9584723-ae61-4b18-a37d-e457df5e3093\" target=\"_blank\">TikToku<\/a>.<\/p>\n<p class=\"Paragraph_desktopParagraph__U31Gm\">Chcesz podzieli\u0107 si\u0119 ciekawym newsem lub zaproponowa\u0107 temat? Skontaktuj si\u0119 z nami, pisz\u0105c maila na adres: plejada@redakcjaonet.pl.<\/p>\n<p><script async src=\"\/\/www.instagram.com\/embed.js\"><\/script><script async src=\"\/\/www.tiktok.com\/embed.js\"><\/script><\/p>\n","protected":false},"excerpt":{"rendered":"Miko\u0142aj &#8222;Bagi&#8221; Bagi\u0144ski to influencer, kt\u00f3rego na Instagramie \u015bledzi ponad 900 tys. u\u017cytkownik\u00f3w. Poza internetem nabra\u0142 szczeg\u00f3lnej s\u0142awy&hellip;\n","protected":false},"author":2,"featured_media":404293,"comment_status":"","ping_status":"","sticky":false,"template":"","format":"standard","meta":{"footnotes":"","_share_on_mastodon":"0"},"categories":[22],"tags":[17773,122,67,261,12897,53,52,68,51,55,42,38,40,255,39,41,123,47,1607,65,50],"class_list":["post-404292","post","type-post","status-publish","format-standard","has-post-thumbnail","category-rozrywka","tag-edward_miszczak_dziennikarz_producent_telewizyjny_manager","tag-entertainment","tag-intextvideo_splayer","tag-kultura","tag-mikolaj_bagi_baginski","tag-new_header","tag-onet3","tag-onet3d","tag-onet3d_2i","tag-phx","tag-pl","tag-poland","tag-polish","tag-polsat_telewizja_stacje_firma_fundacja","tag-polska","tag-polski","tag-rozrywka","tag-screening_general","tag-time_limited","tag-update_me","tag-v2021"],"share_on_mastodon":{"url":"https:\/\/pubeurope.com\/@pl\/116506541661361385","error":""},"_links":{"self":[{"href":"https:\/\/www.europesays.com\/pl\/wp-json\/wp\/v2\/posts\/404292","targetHints":{"allow":["GET"]}}],"collection":[{"href":"https:\/\/www.europesays.com\/pl\/wp-json\/wp\/v2\/posts"}],"about":[{"href":"https:\/\/www.europesays.com\/pl\/wp-json\/wp\/v2\/types\/post"}],"author":[{"embeddable":true,"href":"https:\/\/www.europesays.com\/pl\/wp-json\/wp\/v2\/users\/2"}],"replies":[{"embeddable":true,"href":"https:\/\/www.europesays.com\/pl\/wp-json\/wp\/v2\/comments?post=404292"}],"version-history":[{"count":0,"href":"https:\/\/www.europesays.com\/pl\/wp-json\/wp\/v2\/posts\/404292\/revisions"}],"wp:featuredmedia":[{"embeddable":true,"href":"https:\/\/www.europesays.com\/pl\/wp-json\/wp\/v2\/media\/404293"}],"wp:attachment":[{"href":"https:\/\/www.europesays.com\/pl\/wp-json\/wp\/v2\/media?parent=404292"}],"wp:term":[{"taxonomy":"category","embeddable":true,"href":"https:\/\/www.europesays.com\/pl\/wp-json\/wp\/v2\/categories?post=404292"},{"taxonomy":"post_tag","embeddable":true,"href":"https:\/\/www.europesays.com\/pl\/wp-json\/wp\/v2\/tags?post=404292"}],"curies":[{"name":"wp","href":"https:\/\/api.w.org\/{rel}","templated":true}]}}