{"id":404300,"date":"2026-05-02T19:07:10","date_gmt":"2026-05-02T19:07:10","guid":{"rendered":"https:\/\/www.europesays.com\/pl\/404300\/"},"modified":"2026-05-02T19:07:10","modified_gmt":"2026-05-02T19:07:10","slug":"doda-w-dzien-flagi-wykonala-hymn-polski-trenerzy-wokalni-nie-maja-zludzen","status":"publish","type":"post","link":"https:\/\/www.europesays.com\/pl\/404300\/","title":{"rendered":"Doda w Dzie\u0144 Flagi wykona\u0142a hymn Polski. Trenerzy wokalni nie maj\u0105 z\u0142udze\u0144"},"content":{"rendered":"<p class=\"Paragraph_desktopParagraph__U31Gm\">2 maja, w ramach obchod\u00f3w \u015awi\u0119ta Flagi Rzeczypospolitej Polskiej, krakowskie B\u0142onia sta\u0142y si\u0119 scen\u0105 niecodziennego wydarzenia. Z flag u\u0142o\u017cono kontur Polski, a potem rozdano je mieszka\u0144com, kulminacj\u0105 uroczysto\u015bci sta\u0142o si\u0119 wykonanie Mazurka D\u0105browskiego przez <a href=\"https:\/\/plejada.pl\/temat\/doda-piosenkarka-dorota-rabczewska\/69zbzpz\" id=\"197002ea-a283-4f0b-bffd-88a9e1684b61\" rel=\"nofollow noopener\" target=\"_blank\">Dod\u0119. <\/a>Artystka, znana z mocnych scenicznych wyst\u0119p\u00f3w, tym razem postawi\u0142a na prostot\u0119 i szacunek wobec narodowego symbolu.<\/p>\n<p>Eksperci oceniaj\u0105 wykonanie hymnu Polski przez Dod\u0119 <\/p>\n<p class=\"Paragraph_desktopParagraph__U31Gm\">Redakcja Plejady poprosi\u0142a o komentarz trzech niezale\u017cnych ekspert\u00f3w oraz trener\u00f3w wokalnych. Wszyscy zgodnie podkre\u015blaj\u0105: Doda ud\u017awign\u0119\u0142a ci\u0119\u017car zadania, kt\u00f3re dla wielu wokalist\u00f3w bywa pu\u0142apk\u0105.<\/p>\n<blockquote>\n<p class=\"Paragraph_desktopParagraph__U31Gm\">\u015apiewanie hymnu solo, jest niezwykle wymagaj\u0105cym zadaniem. Doda poradzi\u0142a sobie z nim doskonale<\/p>\n<\/blockquote>\n<p class=\"Paragraph_desktopParagraph__U31Gm\">\u2014 m\u00f3wi nam Marcin \u0141azarski. \u2014 Za\u015bpiewa\u0142a przede wszystkim prosto, z nastawieniem na tre\u015b\u0107, bez zb\u0119dnych ozdobnik\u00f3w wokalnych, neutralnie stylistycznie \u2014 a to du\u017cy plus w tym przypadku \u2014 sp\u00f3jnie brzmieniowo, d\u017awi\u0119cznie i bardzo sprawnie technicznie. Intonacyjnie r\u00f3wnie\u017c bezb\u0142\u0119dnie. Idealnym dope\u0142nieniem tego wykonania by\u0142by ch\u00f3r w tle \u2014 zauwa\u017ca ekspert.<\/p>\n<p class=\"Paragraph_desktopParagraph__U31Gm\">Agnieszka Hekiert zwraca uwag\u0119 na wyczucie formy i szacunek wobec tradycji:<\/p>\n<p class=\"Paragraph_desktopParagraph__U31Gm\">\u2014 Hymn polski jest mazurkiem, Doda wykona\u0142a go do\u015b\u0107 mocno i wyrazi\u015bcie z lekkim marszowym wr\u0119cz zabarwieniem. My\u015bl\u0119, \u017ce czu\u0107 moc opowie\u015bci no i wa\u017cne, zna\u0142a tekst, a zdarza\u0142o si\u0119 ju\u017c nam us\u0142ysze\u0107 wersj\u0119 z innym tekstem \u2014 zauwa\u017ca.<\/p>\n<blockquote>\n<p class=\"Paragraph_desktopParagraph__U31Gm\">Jedna zmiana \u2014 ko\u0144cowe frazy za\u015bpiewane o oktaw\u0119 wy\u017cej doda\u0142y ca\u0142o\u015bci l\u017cejszego i podnios\u0142ego zabarwienia. Prostota to prawda w tym wypadku. Brawo<\/p>\n<\/blockquote>\n<p class=\"Paragraph_desktopParagraph__U31Gm\">\u2014 ocenia Agnieszka Hekiert.<\/p>\n<p class=\"Paragraph_desktopParagraph__U31Gm\">Trzeci g\u0142os, Agnieszki Przestrzelskiej, podkre\u015bla profesjonalizm i klas\u0119:<\/p>\n<p class=\"Paragraph_desktopParagraph__U31Gm\">\u2014 Doda za\u015bpiewa\u0142a hymn bardzo profesjonalnie i z klas\u0105. I tu z pe\u0142nym przekonaniem stwierdzam to zar\u00f3wno jako trenerka wokalna, jak i jako po prostu widz, odbiorca. Za\u015bpiewa\u0142a go bardzo mocno, podno\u015bnie, a to wymaga naprawd\u0119 dobrze wypracowanej techniki wokalnej. Szczeg\u00f3lnie refren, gdzie trzeba &#8222;wstrzeli\u0107 si\u0119&#8221; na wysoki d\u017awi\u0119k na samog\u0142osce &#8222;i&#8221;, kt\u00f3ra cz\u0119sto sprawia trudno\u015bci wielu wokalistom \u2014 m\u00f3wi specjalistka.<\/p>\n<blockquote>\n<p class=\"Paragraph_desktopParagraph__U31Gm\">Bardzo precyzyjnie pod wzgl\u0119dem czysto\u015bci, artykulacji, \u0142adnie dynamicznie, \u015bwietne &#8222;high notes&#8221; na zako\u0144czenie, emocjonalnie, pewnie i z dum\u0105<\/p>\n<\/blockquote>\n<p class=\"Paragraph_desktopParagraph__U31Gm\">\u2014 ocenia trenerka wokalna.<\/p>\n<p><img decoding=\"async\" class=\"Image_image__0tuHp Image_autoHeight__f2n87 \" height=\"587\" width=\"391\" src=\"https:\/\/www.europesays.com\/pl\/wp-content\/uploads\/2026\/05\/plhk9kpTURBXy9kMDM2ZWQ2YzMyNzQ5YmY3YTk4MjBlMTJmZDg0MWE1ZS5qcGeSlQLNA6wAwsOVAgDNAkvCw94AA6EwAaExAaEzw.jpeg\" alt=\"Doda\" loading=\"lazy\" \/>Andras Szilagyi \/ MW Media<\/p>\n<p>Doda<\/p>\n<p class=\"Paragraph_desktopParagraph__U31Gm\">Dzi\u0119kujemy, \u017ce przeczyta\u0142a\u015b\/e\u015b nasz artyku\u0142 do ko\u0144ca. W serwisie Plejada.pl ka\u017cdego dnia piszemy o najwa\u017cniejszych wydarzeniach show-biznesowych. B\u0105d\u017a na bie\u017c\u0105co! <a rel=\"nofollow noopener\" href=\"https:\/\/news.google.com\/publications\/CAAiEF0PeAlb7W1llpV_mwV2rL4qFAgKIhBdD3gJW-1tZZaVf5sFdqy-?hl=pl&amp;gl=PL&amp;ceid=PL%3Apl\" id=\"28717453-9008-4ece-b08c-553143b249ba\" target=\"_blank\">Obserwuj<\/a> Plejad\u0119 w Wiadomo\u015bciach Google. Odwied\u017a nas tak\u017ce na <a rel=\"nofollow noopener\" href=\"https:\/\/www.facebook.com\/plejadapl\" id=\"fad4cdac-b6c8-443d-b2ef-c5223012f4eb\" target=\"_blank\">Facebooku<\/a>, <a rel=\"nofollow noopener\" href=\"https:\/\/www.instagram.com\/plejadapl\/\" id=\"7bb5c6a3-4a7a-48af-b57a-883b7634454f\" target=\"_blank\">Instagramie<\/a>, <a rel=\"nofollow noopener\" href=\"https:\/\/www.youtube.com\/c\/plejada\" id=\"012f5f93-4dcd-4afc-aa3d-ee2a8b0ba645\" target=\"_blank\">YouTubie<\/a> oraz <a rel=\"nofollow noopener\" href=\"https:\/\/www.tiktok.com\/@plejada_pl\" id=\"f9e31f4b-9f7f-42a8-8076-34a60dc8e291\" target=\"_blank\">TikToku<\/a>.<\/p>\n<p class=\"Paragraph_desktopParagraph__U31Gm\">Chcesz podzieli\u0107 si\u0119 ciekawym newsem lub zaproponowa\u0107 temat? Skontaktuj si\u0119 z nami, pisz\u0105c maila na adres: plejada@redakcjaonet.pl.<\/p>\n<p><script async src=\"\/\/www.instagram.com\/embed.js\"><\/script><script async src=\"\/\/www.tiktok.com\/embed.js\"><\/script><\/p>\n","protected":false},"excerpt":{"rendered":"2 maja, w ramach obchod\u00f3w \u015awi\u0119ta Flagi Rzeczypospolitej Polskiej, krakowskie B\u0142onia sta\u0142y si\u0119 scen\u0105 niecodziennego wydarzenia. Z flag&hellip;\n","protected":false},"author":2,"featured_media":404301,"comment_status":"","ping_status":"","sticky":false,"template":"","format":"standard","meta":{"footnotes":"","_share_on_mastodon":"0"},"categories":[12],"tags":[32,33,7104,36,37,27,67,261,34,35,1503,28,31,53,25,52,68,51,55,42,38,40,39,2847,41,47,1607,29,30,341,338,65,50,26],"class_list":["post-404300","post","type-post","status-publish","format-standard","has-post-thumbnail","category-polska","tag-breaking-news","tag-breakingnews","tag-doda_piosenkarka_dorota_rabczewska","tag-featured-news","tag-featurednews","tag-headlines","tag-intextvideo_splayer","tag-kultura","tag-latest-news","tag-latestnews","tag-muzyka_i_muzycy_muzyka_rozrywkowa_spiew","tag-naglowki","tag-najwazniejsze-artykuly","tag-new_header","tag-news","tag-onet3","tag-onet3d","tag-onet3d_2i","tag-phx","tag-pl","tag-poland","tag-polish","tag-polska","tag-polska_polak_polka_polacy_polki","tag-polski","tag-screening_general","tag-time_limited","tag-top-stories","tag-topstories","tag-tylko_w_onecie","tag-tylko_w_plejadzie","tag-update_me","tag-v2021","tag-wiadomosci"],"share_on_mastodon":{"url":"","error":"Validation failed: Text character limit of 500 exceeded"},"_links":{"self":[{"href":"https:\/\/www.europesays.com\/pl\/wp-json\/wp\/v2\/posts\/404300","targetHints":{"allow":["GET"]}}],"collection":[{"href":"https:\/\/www.europesays.com\/pl\/wp-json\/wp\/v2\/posts"}],"about":[{"href":"https:\/\/www.europesays.com\/pl\/wp-json\/wp\/v2\/types\/post"}],"author":[{"embeddable":true,"href":"https:\/\/www.europesays.com\/pl\/wp-json\/wp\/v2\/users\/2"}],"replies":[{"embeddable":true,"href":"https:\/\/www.europesays.com\/pl\/wp-json\/wp\/v2\/comments?post=404300"}],"version-history":[{"count":0,"href":"https:\/\/www.europesays.com\/pl\/wp-json\/wp\/v2\/posts\/404300\/revisions"}],"wp:featuredmedia":[{"embeddable":true,"href":"https:\/\/www.europesays.com\/pl\/wp-json\/wp\/v2\/media\/404301"}],"wp:attachment":[{"href":"https:\/\/www.europesays.com\/pl\/wp-json\/wp\/v2\/media?parent=404300"}],"wp:term":[{"taxonomy":"category","embeddable":true,"href":"https:\/\/www.europesays.com\/pl\/wp-json\/wp\/v2\/categories?post=404300"},{"taxonomy":"post_tag","embeddable":true,"href":"https:\/\/www.europesays.com\/pl\/wp-json\/wp\/v2\/tags?post=404300"}],"curies":[{"name":"wp","href":"https:\/\/api.w.org\/{rel}","templated":true}]}}