{"id":404307,"date":"2026-05-02T19:14:11","date_gmt":"2026-05-02T19:14:11","guid":{"rendered":"https:\/\/www.europesays.com\/pl\/404307\/"},"modified":"2026-05-02T19:14:11","modified_gmt":"2026-05-02T19:14:11","slug":"grand-prix-w-landshut-przerwane-andrzej-lebiediew-nie-wytrzymal","status":"publish","type":"post","link":"https:\/\/www.europesays.com\/pl\/404307\/","title":{"rendered":"Grand Prix w Landshut przerwane. Andrzej Lebiediew nie wytrzyma\u0142"},"content":{"rendered":"<p>Przed zawodami zawodnicy prosili Phila Morrisa, odpowiedzialnego za przygotowanie toru, aby nie polewa\u0107 zbyt obficie toru.<\/p>\n<p> Dalszy ci\u0105g artyku\u0142u pod materia\u0142em wideo Lebiediew: Tu zaczyna si\u0119 psychiatria<\/p>\n<p>Pomimo, \u017ce pogoda w Landshut dopisywa\u0142a, to stan toru by\u0142 fatalny, a walki na dystansie niewiele. Po trzech seriach start\u00f3w zawody przerwano na p\u00f3\u0142 godziny.<\/p>\n<p>\u2014 Psychiatria si\u0119 zaczyna, to \u015bmiech przez \u0142zy \u2014 rozpocz\u0105\u0142 Andrzej Lebiediew, reprezentant \u0141otwy na antenie Eurosportu. \u2014 To jaki ogl\u0105dacie \u017cu\u017cel, a my go pokazujemy, to nie tak powinno wygl\u0105da\u0107. Zawodnik jedzie albo z przodu, albo z ty\u0142u. Czy polewaczka teraz jest potrzebna? Prosz\u0119 o inny zestaw pyta\u0144. Wszyscy widz\u0105 co to si\u0119 dzieje. Nikt nie my\u015bli o fajnym \u015bciganiu, ju\u017c nie m\u00f3wi\u0119 bark w bark. Chodzi tylko o to, aby po prostu utrzyma\u0107 si\u0119 na motocyklu i bezpiecznie dojecha\u0107 \u2014 doda\u0142.<\/p>\n<p>Dodajmy, \u017ce w pi\u0105tek na tym samym torze rozegrano p\u00f3\u0142fina\u0142 DP\u015a. Ju\u017c wtedy wszyscy si\u0119 zastanawiali, czy nawierzchnia wytrzyma tyle wy\u015bcig\u00f3w w tak trudnym czasie.<\/p>\n<p>Zawody w Landshut trwaj\u0105.<\/p>\n","protected":false},"excerpt":{"rendered":"Przed zawodami zawodnicy prosili Phila Morrisa, odpowiedzialnego za przygotowanie toru, aby nie polewa\u0107 zbyt obficie toru. Dalszy ci\u0105g&hellip;\n","protected":false},"author":2,"featured_media":404308,"comment_status":"","ping_status":"","sticky":false,"template":"","format":"standard","meta":{"footnotes":"","_share_on_mastodon":"0"},"categories":[52122],"tags":[4569,61195,22661,48,46,6010,752,42,38,40,39,41,47,174],"class_list":["post-404307","post","type-post","status-publish","format-standard","has-post-thumbnail","category-pko-bank-polski","tag-andrzej_lebiediew","tag-bottomfeed_styl","tag-grand_prix_na_zuzlu","tag-nat_styl","tag-omp","tag-pko-bank-polski","tag-pko-bp","tag-pl","tag-poland","tag-polish","tag-polska","tag-polski","tag-screening_general","tag-zuzel"],"share_on_mastodon":{"url":"https:\/\/pubeurope.com\/@pl\/116506582431687767","error":""},"_links":{"self":[{"href":"https:\/\/www.europesays.com\/pl\/wp-json\/wp\/v2\/posts\/404307","targetHints":{"allow":["GET"]}}],"collection":[{"href":"https:\/\/www.europesays.com\/pl\/wp-json\/wp\/v2\/posts"}],"about":[{"href":"https:\/\/www.europesays.com\/pl\/wp-json\/wp\/v2\/types\/post"}],"author":[{"embeddable":true,"href":"https:\/\/www.europesays.com\/pl\/wp-json\/wp\/v2\/users\/2"}],"replies":[{"embeddable":true,"href":"https:\/\/www.europesays.com\/pl\/wp-json\/wp\/v2\/comments?post=404307"}],"version-history":[{"count":0,"href":"https:\/\/www.europesays.com\/pl\/wp-json\/wp\/v2\/posts\/404307\/revisions"}],"wp:featuredmedia":[{"embeddable":true,"href":"https:\/\/www.europesays.com\/pl\/wp-json\/wp\/v2\/media\/404308"}],"wp:attachment":[{"href":"https:\/\/www.europesays.com\/pl\/wp-json\/wp\/v2\/media?parent=404307"}],"wp:term":[{"taxonomy":"category","embeddable":true,"href":"https:\/\/www.europesays.com\/pl\/wp-json\/wp\/v2\/categories?post=404307"},{"taxonomy":"post_tag","embeddable":true,"href":"https:\/\/www.europesays.com\/pl\/wp-json\/wp\/v2\/tags?post=404307"}],"curies":[{"name":"wp","href":"https:\/\/api.w.org\/{rel}","templated":true}]}}