{"id":40442,"date":"2025-10-09T15:31:08","date_gmt":"2025-10-09T15:31:08","guid":{"rendered":"https:\/\/www.europesays.com\/pl\/40442\/"},"modified":"2025-10-09T15:31:08","modified_gmt":"2025-10-09T15:31:08","slug":"wisla-plock-prostuje-slowa-mariusza-misiury-ws-opieki-medycznej-w-klubie","status":"publish","type":"post","link":"https:\/\/www.europesays.com\/pl\/40442\/","title":{"rendered":"Wis\u0142a P\u0142ock prostuje s\u0142owa Mariusza Misiury ws. opieki medycznej w klubie"},"content":{"rendered":"<p>Trener Wis\u0142y P\u0142ock, Mariusz Misiura po\u00a0niedawnym meczu domowym z\u00a0Jagielloni\u0105 Bia\u0142ystok (0:1) mocno wypowiedzia\u0142 si\u0119 na\u00a0temat opieki medycznej w\u00a0klubie, a\u00a0konkretnie tempa diagnozowania kontuzjowanych pi\u0142karzy. Teraz klub poniek\u0105d stwierdza, \u017ce\u00a0szkoleniowiec pl\u00f3t\u0142 bzdury.<\/p>\n<p>Misiura by\u0142 wtedy wyra\u017anie poirytowany powa\u017cnym urazem Hiszpana Jime, dotychczas b\u0119d\u0105cego wa\u017cnym zawodnikiem jego dru\u017cyny.<\/p>\n<p>\u2013 Nie\u00a0lubi\u0119 m\u00f3wi\u0107 o\u00a0sprawach wewn\u0119trznych klubu, ale\u00a0je\u015bli zawodnik ma\u00a0kontuzj\u0119, to\u00a0diagnozy musz\u0105 nast\u0119powa\u0107 szybciej. Nie\u00a0mo\u017cemy czeka\u0107 2-3 dni na\u00a0lekarza, tylko\u00a0musimy wiedzie\u0107 to\u00a0po\u00a0kilku godzinach. Jestem pod\u00a0wra\u017ceniem pracy dyrektora, kt\u00f3ry\u00a0dwoi si\u0119 i\u00a0troi, \u017ceby\u00a0nasz zawodnik pozna\u0142 diagnoz\u0119 na\u00a0boisku, ale\u00a0tak\u00a0jak robimy post\u0119p na\u00a0boisku, tak\u00a0musimy to\u00a0robi\u0107 w\u00a0innych obszarach. Widzimy, jak to\u00a0wygl\u0105da w\u00a0innych zespo\u0142ach i\u00a0u\u00a0nas pozostawia to\u00a0troch\u0119 do\u00a0\u017cyczenia \u2013 m\u00f3wi\u0142 Misiura.<\/p>\n<p>\u2013 Wierz\u0119, \u017ce\u00a0nasi fizjoterapeuci te\u017c robi\u0105 dla nas wszystko. Bardziej mi\u00a0chodzi o\u00a0firm\u0119 zewn\u0119trzn\u0105, z\u00a0kt\u00f3r\u0105 wsp\u00f3\u0142pracujemy. Chodzi o\u00a0to, \u017ce\u00a0lekarz mo\u017ce nas przyj\u0105\u0107 we\u00a0wtorek i\u00a0czwartek, a\u00a0zawodnik wypada w\u00a0pi\u0105tek, tak\u00a0jak dzi\u015b Jime, i\u00a0lekarz mo\u017ce go\u00a0zobaczy\u0107 dopiero we\u00a0wtorek. W\u00a0P\u0142ocku jeste\u015bmy tu\u00a0ograniczeni, tak\u00a0samo maj\u0105 pi\u0142karze r\u0119czni. Posi\u0142kujemy si\u0119 w\u00a0innych miastach, dzi\u0119ki uprzejmo\u015bci innych klub\u00f3w. Ciesz\u0119 si\u0119, \u017ce\u00a0jest tu\u00a0nowe boisko, ale\u00a0trzeba si\u0119 te\u017c rozwija\u0107 w\u00a0innych obszarach. Gramy na\u00a0wysokim poziomie, jednak zmiany sprawi\u0142y, \u017ce\u00a0Jagiellonia ten mecz wygra\u0142a. Nam zabrak\u0142o zawodnik\u00f3w, \u017ceby\u00a0zmieni\u0107 obraz meczu. Zawodnik czuje dyskomfort\/b\u00f3l i\u00a0bazuj\u0119 na\u00a0zaufaniu do\u00a0niego, bo\u00a0lepsz\u0105 informacj\u0119 b\u0119d\u0119 mia\u0142 dopiero w\u00a0ci\u0105gu kilku dni \u2013 doda\u0142.<\/p>\n<p>Wis\u0142a P\u0142ock prostuje s\u0142owa Mariusza Misiury ws. opieki medycznej w\u00a0klubie<\/p>\n<p>Kr\u00f3tko m\u00f3wi\u0105c, wyd\u017awi\u0119k by\u0142 taki, \u017ce\u00a0pod\u00a0wzgl\u0119dem szybko\u015bci diagnostyki medycznej Nafciarze nie\u00a0s\u0105\u00a0jeszcze na\u00a0poziomie Ekstraklasy.<\/p>\n<blockquote class=\"twitter-tweet\">\n<p dir=\"ltr\" lang=\"pl\">O\u015bwiadczenie zarz\u0105du klubu \ud83d\udcce <a href=\"https:\/\/t.co\/iaaKFyIwFv\" rel=\"nofollow\">https:\/\/t.co\/iaaKFyIwFv<\/a> <a href=\"https:\/\/t.co\/Rz3ASnluOC\" rel=\"nofollow\">pic.twitter.com\/Rz3ASnluOC<\/a><\/p>\n<p>\u2014\u00a0Wis\u0142a P\u0142ock (@WislaPlockSA) <a href=\"https:\/\/twitter.com\/WislaPlockSA\/status\/1976259213409255841?ref_src=twsrc%5Etfw\" rel=\"nofollow noopener\" target=\"_blank\">October 9, 2025<\/a><\/p>\n<\/blockquote>\n<p>W\u00a0klubie takie twarde postawienie sprawy si\u0119 nie\u00a0spodoba\u0142o, wi\u0119c\u00a0wydano komunikat, kt\u00f3ry\u00a0w\u00a0praktyce sugeruje, \u017ce\u00a0Mariusz Misiura bez\u00a0powodu si\u0119 doczepi\u0142.<\/p>\n<p>\u201eW imieniu Wis\u0142y P\u0142ock S.A. o\u015bwiadczamy, \u017ce\u00a0podczas konferencji prasowej po\u00a0meczu Wis\u0142a P\u0142ock \u2013 Jagiellonia Bia\u0142ystok w\u00a0dniu 19 wrze\u015bnia 2025 roku, trener naszego zespo\u0142u Pan Mariusz Misiura wypowiedzia\u0142 si\u0119 w\u00a0spos\u00f3b przesadnie krytyczny i\u00a0nieuzasadniony na\u00a0temat wsp\u00f3\u0142pracy klubu z\u00a0firm\u0105 medyczn\u0105 \u015bwiadcz\u0105c\u0105 na\u00a0rzecz klubu us\u0142ugi medyczne.<\/p>\n<p>Mamy \u015bwiadomo\u015b\u0107, \u017ce\u00a0wypowiedziana w\u00a0ogromnych emocjach po\u00a0przegranym meczu, w\u00a0trakcie kt\u00f3rego\u00a0powa\u017cnej kontuzji dozna\u0142 kolejny zawodnik Wis\u0142y P\u0142ock S.A., opinia szkoleniowca mog\u0142a godzi\u0107 w\u00a0dobre imi\u0119 firmy ESSE DLA ZDROWIA P\u0141OCK Sp. z\u00a0o.o. z\u00a0siedzib\u0105 w\u00a0P\u0142ocku i\u00a0za\u00a0takow\u0105 opini\u0119 serdecznie przepraszamy.<\/p>\n<p>Ponadto o\u015bwiadczamy, i\u017c\u00a0ESSE DLA ZDROWIA P\u0141OCK Sp. o.o. z\u00a0siedzib\u0105 w\u00a0P\u0142ocku wykonuje swoje obowi\u0105zki wobec Wis\u0142y P\u0142ock S.A. z\u00a0nale\u017cyt\u0105 staranno\u015bci\u0105, rzetelno\u015bci\u0105 i\u00a0profesjonalizmem, a\u00a0wypowiedzi trenera nie\u00a0odzwierciedla\u0142y w\u00a0istocie rzeczywistego stanu wsp\u00f3\u0142pracy\u201d \u2013 czytamy w\u00a0tym do\u015b\u0107 kuriozalnym o\u015bwiadczeniu.<\/p>\n<p>No\u00a0generalnie wodoci\u0105gi kieleckie wzorowo usuwaj\u0105 awarie i\u00a0te\u00a0sprawy.<\/p>\n<p>CZYTAJ WI\u0118CEJ O\u00a0EKSTRAKLASIE:<\/p>\n<p>Fot.\u00a0Newspix<\/p>\n<p>                    <script async src=\"https:\/\/platform.twitter.com\/widgets.js\" charset=\"utf-8\"><\/script><\/p>\n","protected":false},"excerpt":{"rendered":"Trener Wis\u0142y P\u0142ock, Mariusz Misiura po\u00a0niedawnym meczu domowym z\u00a0Jagielloni\u0105 Bia\u0142ystok (0:1) mocno wypowiedzia\u0142 si\u0119 na\u00a0temat opieki medycznej w\u00a0klubie,&hellip;\n","protected":false},"author":2,"featured_media":6320,"comment_status":"","ping_status":"","sticky":false,"template":"","format":"standard","meta":{"footnotes":""},"categories":[24],"tags":[2616,42,38,40,39,41,127,126,2614],"class_list":{"0":"post-40442","1":"post","2":"type-post","3":"status-publish","4":"format-standard","5":"has-post-thumbnail","7":"category-sport","8":"tag-mariusz-misiura","9":"tag-pl","10":"tag-poland","11":"tag-polish","12":"tag-polska","13":"tag-polski","14":"tag-sport","15":"tag-sports","16":"tag-wisla-plock"},"share_on_mastodon":{"url":"","error":""},"_links":{"self":[{"href":"https:\/\/www.europesays.com\/pl\/wp-json\/wp\/v2\/posts\/40442","targetHints":{"allow":["GET"]}}],"collection":[{"href":"https:\/\/www.europesays.com\/pl\/wp-json\/wp\/v2\/posts"}],"about":[{"href":"https:\/\/www.europesays.com\/pl\/wp-json\/wp\/v2\/types\/post"}],"author":[{"embeddable":true,"href":"https:\/\/www.europesays.com\/pl\/wp-json\/wp\/v2\/users\/2"}],"replies":[{"embeddable":true,"href":"https:\/\/www.europesays.com\/pl\/wp-json\/wp\/v2\/comments?post=40442"}],"version-history":[{"count":0,"href":"https:\/\/www.europesays.com\/pl\/wp-json\/wp\/v2\/posts\/40442\/revisions"}],"wp:featuredmedia":[{"embeddable":true,"href":"https:\/\/www.europesays.com\/pl\/wp-json\/wp\/v2\/media\/6320"}],"wp:attachment":[{"href":"https:\/\/www.europesays.com\/pl\/wp-json\/wp\/v2\/media?parent=40442"}],"wp:term":[{"taxonomy":"category","embeddable":true,"href":"https:\/\/www.europesays.com\/pl\/wp-json\/wp\/v2\/categories?post=40442"},{"taxonomy":"post_tag","embeddable":true,"href":"https:\/\/www.europesays.com\/pl\/wp-json\/wp\/v2\/tags?post=40442"}],"curies":[{"name":"wp","href":"https:\/\/api.w.org\/{rel}","templated":true}]}}