{"id":404587,"date":"2026-05-02T22:46:54","date_gmt":"2026-05-02T22:46:54","guid":{"rendered":"https:\/\/www.europesays.com\/pl\/404587\/"},"modified":"2026-05-02T22:46:54","modified_gmt":"2026-05-02T22:46:54","slug":"partia-razem-obchodzila-uroczystosc-swieta-pracy-w-szczecinie","status":"publish","type":"post","link":"https:\/\/www.europesays.com\/pl\/404587\/","title":{"rendered":"Partia Razem obchodzi\u0142a uroczysto\u015b\u0107 \u015awi\u0119ta Pracy w Szczecinie"},"content":{"rendered":"<p>                        <a href=\"https:\/\/24kurier.pl\/media\/em4oyjqf\/_7m31785.jpg\" data-fancybox=\"gallery3\" data-caption=\"Fot. Beniamin Gorgo\u0144\" rel=\"nofollow noopener\" target=\"_blank\">&#13;<br \/>\n                            &#13;<br \/>\n                            <img decoding=\"async\" src=\"https:\/\/www.europesays.com\/pl\/wp-content\/uploads\/2026\/05\/_7m31785.jpg\" class=\"img-fluid figure-img\" alt=\"Partia Razem obchodzi\u0142a uroczysto\u015b\u0107 \u015awi\u0119ta Pracy w Szczecinie\"\/>&#13;<br \/>\n                        <\/a><\/p>\n<p>&#13;<br \/>\n                            Fot. Beniamin Gorgo\u0144&#13;<br \/>\n                            &#13;<br \/>\n                                \u00a0&#13;<br \/>\n                            &#13;\n                        <\/p>\n<p>Dzia\u0142acze i sympatycy partii Razem w pi\u0105tek uczcili \u015awi\u0119to Pracy w Szczecinie. Kilkadziesi\u0105t os\u00f3b zgromadzi\u0142o si\u0119 pod Pomnikiem Czynu Polak\u00f3w, gdzie z\u0142o\u017cyli kwiaty i zorganizowali konferencj\u0119 prasow\u0105.<\/p>\n<p>&#13;<\/p>\n<p>REKLAMA<\/p>\n<p>&#13;<br \/>\n    &#13;<br \/>\n    &#13;<\/p>\n<p>Adam Ko\u015bcielak m\u00f3wi\u0142 o konieczno\u015bci przeprowadzenia reformy instytucjonalnej. Zwr\u00f3ci\u0142 te\u017c uwag\u0119, \u017ce bez sprawnego nadzoru, prawo pracy pozostaje jedynie martw\u0105 liter\u0105.<\/p>\n<p>\u00a0&#8211; Pa\u0144stwowa Inspekcja Pracy musi zosta\u0107 realnie wzmocniona. Potrzebujemy wi\u0119kszych nak\u0142ad\u00f3w, wi\u0119kszej liczby inspektor\u00f3w i przede wszystkim skuteczniejszych narz\u0119dzi kontroli. Pracownik nie mo\u017ce czu\u0107 si\u0119 osamotniony w starciu z nieuczciwym pracodawc\u0105 \u2013 podkre\u015bla\u0142 Ko\u015bcielak.<\/p>\n<p>Marta Go\u0142\u0119biewska podkre\u015bla\u0142a, \u017ce dzie\u0144 1 maja jest upami\u0119tnieniem wcze\u015bniejszych strajk\u00f3w robotniczych, ale Polska musi my\u015ble\u0107 o przysz\u0142o\u015bci. &#8211; Mierzymy si\u0119 jako kraj z ogromnym kryzysem demograficznym, kt\u00f3rego jedn\u0105 z przyczyn jest brak stabilno\u015bci pracy w\u015br\u00f3d m\u0142odych os\u00f3b. Kobiety wchodz\u0105ce na rynek pracy cz\u0119sto s\u0105 dyskryminowane ju\u017c na etapie rozmowy kwalifikacyjnej, gdzie s\u0105 oceniane negatywnie przez to, \u017ce mog\u0105 zaj\u015b\u0107 w ci\u0105\u017c\u0119 i urodzi\u0107 dzieci. Potrzebujemy systemowych zmian, kt\u00f3re pomog\u0105 m\u0142odym rodzinom ze spokojem patrze\u0107 w przysz\u0142o\u015b\u0107 &#8211; powiedzia\u0142a.<\/p>\n<p>Rados\u0142aw Kopkiewicz odni\u00f3s\u0142 si\u0119 do bardzo niskiego poziomu tzw. uzwi\u0105zkowienia w Polsce. &#8211;\u00a0Nasze prawo zwi\u0105zkowe jest prze\u0142adowane procedurami, kt\u00f3re zamiast chroni\u0107, utrudniaj\u0105 realne korzystanie z prawa do zrzeszania si\u0119. To paradoks, ale wiele z tych restrykcyjnych rozwi\u0105za\u0144 ma sw\u00f3j rodow\u00f3d jeszcze w przepisach z okresu stanu wojennego. Czas zerwa\u0107 z t\u0105 spu\u015bcizn\u0105 i odblokowa\u0107 potencja\u0142 zwi\u0105zk\u00f3w zawodowych \u2013 argumentowa\u0142.<\/p>\n<p>Po konferencji dzia\u0142acze Razem rozeszli si\u0119 po Jasnych B\u0142oniach, \u017ceby rozmawia\u0107 z mieszka\u0144cami. Rozdawano te\u017c ulotki edukacyjne dotycz\u0105ce praw pracowniczych oraz najnowsze wydania partyjnych gazetek.\u00a0<\/p>\n<p>(k)<\/p>\n<p>REKLAMA<\/p>\n<p>        &#13;<br \/>\n            &#13;<br \/>\n                Komentarze&#13;<br \/>\n            &#13;<\/p>\n<p>                <img decoding=\"async\" src=\"https:\/\/24kurier.pl\/img\/avatar2.png\" alt=\"\"\/><\/p>\n<p>&#13;<br \/>\n                    Pastor&#13;\n                <\/p>\n<p>&#13;<br \/>\n                    2026-05-02 09:01:40&#13;\n                <\/p>\n<p>&#13;<br \/>\n                    Jedyna i autentyczna Lewica w tym skorumpowanym kraju.&#13;\n                <\/p>\n<p>&#13;<br \/>\n                        Aby odpowiedzie\u0107 na komentarz, musisz by\u0107 zalogowany.&#13;\n                    <\/p>\n<p>                <img decoding=\"async\" src=\"https:\/\/24kurier.pl\/img\/avatar2.png\" alt=\"\"\/><\/p>\n<p>&#13;<br \/>\n                    kurier codzienny&#13;\n                <\/p>\n<p>&#13;<br \/>\n                    2026-05-01 21:37:54&#13;\n                <\/p>\n<p>&#13;<br \/>\n                    I to jest prawdziwa lewica z ideami , dalecy od koryta. ca\u0142kowite przeciwie\u0144stwo towrzyszy czarzastego czy wieczorka.&#13;\n                <\/p>\n<p>&#13;<br \/>\n                        Aby odpowiedzie\u0107 na komentarz, musisz by\u0107 zalogowany.&#13;\n                    <\/p>\n","protected":false},"excerpt":{"rendered":"&#13; &#13; &#13; &#13; Fot. Beniamin Gorgo\u0144&#13; &#13; \u00a0&#13; &#13; Dzia\u0142acze i sympatycy partii Razem w pi\u0105tek uczcili&hellip;\n","protected":false},"author":2,"featured_media":404588,"comment_status":"","ping_status":"","sticky":false,"template":"","format":"standard","meta":{"footnotes":"","_share_on_mastodon":"0"},"categories":[51611],"tags":[73881,9814,42,38,40,39,41,2307],"class_list":["post-404587","post","type-post","status-publish","format-standard","has-post-thumbnail","category-szczecin","tag-wito-pracy","tag-partia-razem","tag-pl","tag-poland","tag-polish","tag-polska","tag-polski","tag-szczecin"],"share_on_mastodon":{"url":"https:\/\/pubeurope.com\/@pl\/116507419940328424","error":""},"_links":{"self":[{"href":"https:\/\/www.europesays.com\/pl\/wp-json\/wp\/v2\/posts\/404587","targetHints":{"allow":["GET"]}}],"collection":[{"href":"https:\/\/www.europesays.com\/pl\/wp-json\/wp\/v2\/posts"}],"about":[{"href":"https:\/\/www.europesays.com\/pl\/wp-json\/wp\/v2\/types\/post"}],"author":[{"embeddable":true,"href":"https:\/\/www.europesays.com\/pl\/wp-json\/wp\/v2\/users\/2"}],"replies":[{"embeddable":true,"href":"https:\/\/www.europesays.com\/pl\/wp-json\/wp\/v2\/comments?post=404587"}],"version-history":[{"count":0,"href":"https:\/\/www.europesays.com\/pl\/wp-json\/wp\/v2\/posts\/404587\/revisions"}],"wp:featuredmedia":[{"embeddable":true,"href":"https:\/\/www.europesays.com\/pl\/wp-json\/wp\/v2\/media\/404588"}],"wp:attachment":[{"href":"https:\/\/www.europesays.com\/pl\/wp-json\/wp\/v2\/media?parent=404587"}],"wp:term":[{"taxonomy":"category","embeddable":true,"href":"https:\/\/www.europesays.com\/pl\/wp-json\/wp\/v2\/categories?post=404587"},{"taxonomy":"post_tag","embeddable":true,"href":"https:\/\/www.europesays.com\/pl\/wp-json\/wp\/v2\/tags?post=404587"}],"curies":[{"name":"wp","href":"https:\/\/api.w.org\/{rel}","templated":true}]}}