{"id":404605,"date":"2026-05-02T22:57:10","date_gmt":"2026-05-02T22:57:10","guid":{"rendered":"https:\/\/www.europesays.com\/pl\/404605\/"},"modified":"2026-05-02T22:57:10","modified_gmt":"2026-05-02T22:57:10","slug":"gorzkie-slowa-padly-w-mam-talent-julia-wieniawa-stanela-w-obronie-wierze-w-ciebie","status":"publish","type":"post","link":"https:\/\/www.europesays.com\/pl\/404605\/","title":{"rendered":"Gorzkie s\u0142owa pad\u0142y w &#8222;Mam talent!&#8221;. Julia Wieniawa stan\u0119\u0142a w obronie: wierz\u0119 w ciebie"},"content":{"rendered":"<p>Wiecz\u00f3r 2 maja na scenie &#8222;Mam talent!&#8221; nale\u017ca\u0142 do dziesi\u0119ciu r\u00f3\u017cnorodnych wykonawc\u00f3w. W\u015br\u00f3d nich znale\u017ali si\u0119: Zuza Team, Young Generation, Munashe, Micha\u0142 Murawski, Maria Rozbicka, Margaryta Reznik, Maksymilian R\u0105pel, ch\u00f3r Luna Plena, Ksawery Podg\u00f3rski oraz zesp\u00f3\u0142 Chair. Ka\u017cdy z nich zawalczy\u0142 o awans do wielkiego fina\u0142u, a poziom rywalizacji by\u0142 wyj\u0105tkowo wysoki.<\/p>\n<p> Dalszy ci\u0105g artyku\u0142u pod materia\u0142em wideo Gorzkie s\u0142owa w &#8222;Mam talent!&#8221;Najwi\u0119cej emocji wzbudzi\u0142 wyst\u0119p Munashe, kt\u00f3ry postawi\u0142 na w\u0142asn\u0105 kompozycj\u0119. Jednak jego odwaga nie spotka\u0142a si\u0119 z pe\u0142nym uznaniem juror\u00f3w. <a href=\"https:\/\/plejada.pl\/temat\/marcin-prokop\/qf071zk\" id=\"88834f2c-ea7a-45f8-9ab7-b41e90cf9be6\" rel=\"nofollow noopener\" target=\"_blank\">Marcin Prokop<\/a> nie kry\u0142 rozczarowania:     <\/p>\n<p>&#8222;Mamy z tob\u0105 problem, taki, \u017ce to nie by\u0142a dobra piosenka. Moim zdaniem to za ma\u0142o, \u017ceby w p\u00f3\u0142finale zdoby\u0107 nasze serca, moje serce. (&#8230;) Liczy\u0142em na wi\u0119cej. Bo bardzo du\u017co obiecywa\u0142e\u015b na castingu, bardzo si\u0119 cieszyli\u015bmy, \u017ce zobaczymy ci\u0119 w p\u00f3\u0142finale i mam wra\u017cenie, \u017ce patrzyli\u015bmy na siebie z takim poczuciem: czy czujemy to samo? Ten niedosyt. Z drugiej strony, masz w sobie co\u015b takiego, \u017ce \u0142\u0105czysz \u015bpiew soulowy, bardzo pi\u0119kny i bliski naszemu sercu, z jak\u0105\u015b tradycj\u0105 polskiej piosenki aktorskiej. (&#8230;) Podoba mi si\u0119 w tobie to, \u017ce potrafisz stan\u0105\u0107 na tych dw\u00f3ch nogach, tylko to, co dzisiaj pokaza\u0142e\u015b, nie spe\u0142ni\u0142o naszych oczekiwa\u0144&#8221; \u2014 podsumowa\u0142 prowadz\u0105cy.<\/p>\n<p> <a href=\"https:\/\/plejada.pl\/temat\/agnieszka-chylinska\/khxlfyq\" id=\"f8ad5df5-ebff-465c-94ab-56a0842bb2fe\" rel=\"nofollow noopener\" target=\"_blank\">Agnieszka Chyli\u0144ska<\/a> doceni\u0142a autorski charakter wyst\u0119pu, cho\u0107 i ona oczekiwa\u0142a wi\u0119cej energii:     <\/p>\n<blockquote class=\"ods-o-quote\">\n<p class=\"ods-o-quote__paragraph\">Bardzo si\u0119 ciesz\u0119, \u017ce za\u015bpiewa\u0142e\u015b swoj\u0105 autorsk\u0105 piosenk\u0119, dla mnie to zawsze jest walor<\/p>\n<\/blockquote>\n<p>&#8222;M\u00f3wi\u0119 o tej odwadze dzisiejszych uczestnik\u00f3w i o tym, \u017ce dzi\u015b wychodzicie na scen\u0119, jeste\u015bcie ca\u0142kowicie otwarci, chcecie pokaza\u0107 to, w czym czujecie si\u0119 najlepiej. Oczywi\u015bcie ka\u017cdy z nas mia\u0142 jakie\u015b oczekiwanie wobec twojego wyst\u0119pu, ja na przyk\u0142ad liczy\u0142am na co\u015b bardziej dynamicznego, na energi\u0119, mo\u017ce u\u015bmiech, ale ty zdecydowa\u0142e\u015b si\u0119 na taki wyb\u00f3r, wi\u0119c licz\u0119 na to, \u017ce nasi widzowie doceni\u0105 tw\u00f3j talent i twoj\u0105 ballad\u0119&#8221; \u2014 oceni\u0142a.<\/p>\n<p>      <a href=\"https:\/\/plejada.pl\/temat\/agustin-egurrola\/yx5pd54\" id=\"121912f5-486d-41f4-bdda-871525ecabb3\" rel=\"nofollow noopener\" target=\"_blank\">Agustin Egurrola<\/a> nie kry\u0142, \u017ce wyst\u0119p momentami pozostawia\u0142 wiele do \u017cyczenia pod wzgl\u0119dem czysto\u015bci d\u017awi\u0119k\u00f3w:<\/p>\n<blockquote class=\"ods-o-quote\">\n<p class=\"ods-o-quote__paragraph\">Podoba\u0142o mi si\u0119, \u017ce wida\u0107 by\u0142o, \u017ce to jest prawdziwe. \u017be to jest twoje, ale momentami by\u0142o naprawd\u0119 nieczysto. I to mnie troch\u0119 bola\u0142o, ale my\u015bl\u0119, \u017ce jeste\u015b na dobrej drodze, \u017ceby znale\u017a\u0107 w\u0142asny \u015brodek wyrazu <\/p>\n<\/blockquote>\n<p>\u2014 przyzna\u0142 juror.<\/p>\n<p> <a href=\"https:\/\/plejada.pl\/temat\/julia-wieniawa\/djrw126\" id=\"cce6889c-68c5-45a3-ba35-a409b8ed7f5f\" rel=\"nofollow noopener\" target=\"_blank\">Julia Wieniawa<\/a> postanowi\u0142a z\u0142agodzi\u0107 krytyk\u0119, przypominaj\u0105c, \u017ce Munashe dopiero rozpoczyna swoj\u0105 muzyczn\u0105 drog\u0119:<\/p>\n<p>&#8222;Ja chcia\u0142am przypomnie\u0107, \u017ce Munashe ma 23 lata, dopiero zaczyna. Przyszed\u0142 do nas ze swoj\u0105 piosenk\u0105. Ma absolutnie pi\u0119kny, g\u0142\u0119boki, soulowy g\u0142os. (&#8230;) Dzisiaj mo\u017ce troch\u0119 zjad\u0142 ci\u0119 stres, ale pami\u0119tam, co by\u0142o na castingu, wierz\u0119 w ciebie. Naprawd\u0119 nie by\u0142o \u017ale. Jeste\u015b bardzo zdolny i niew\u0105tpliwie masz talent&#8221; \u2014 podsumowa\u0142a.<\/p>\n<p> Dzi\u0119kujemy, \u017ce przeczyta\u0142a\u015b\/e\u015b nasz artyku\u0142 do ko\u0144ca. W serwisie Plejada.pl ka\u017cdego dnia piszemy o najwa\u017cniejszych wydarzeniach show-biznesowych. B\u0105d\u017a na bie\u017c\u0105co! <a rel=\"nofollow noopener\" href=\"https:\/\/news.google.com\/publications\/CAAiEF0PeAlb7W1llpV_mwV2rL4qFAgKIhBdD3gJW-1tZZaVf5sFdqy-?hl=pl&amp;gl=PL&amp;ceid=PL%3Apl\" id=\"6c6397cc-759d-47a8-a5aa-4d9f0e92d921\" target=\"_blank\">Obserwuj<\/a> Plejad\u0119 w Wiadomo\u015bciach Google. Odwied\u017a nas tak\u017ce na <a rel=\"nofollow noopener\" href=\"https:\/\/www.facebook.com\/plejadapl\" id=\"5faf4e57-fb60-40e6-9056-ae8d1477851f\" target=\"_blank\">Facebooku<\/a>, <a rel=\"nofollow noopener\" href=\"https:\/\/www.instagram.com\/plejadapl\/\" id=\"192dcab1-ff62-44cb-968d-64071c4c62dc\" target=\"_blank\">Instagramie<\/a>, <a rel=\"nofollow noopener\" href=\"https:\/\/www.youtube.com\/c\/plejada\" id=\"5df0ac86-76ff-42dc-9166-3a4e895cbf70\" target=\"_blank\">YouTubie<\/a> oraz <a rel=\"nofollow noopener\" href=\"https:\/\/www.tiktok.com\/@plejada_pl\" id=\"85f0d270-db75-4bdf-a290-3e76d375907a\" target=\"_blank\">TikToku<\/a>.<\/p>\n<p>Chcesz podzieli\u0107 si\u0119 ciekawym newsem lub zaproponowa\u0107 temat? Skontaktuj si\u0119 z nami, pisz\u0105c maila na adres: plejada@redakcjaonet.pl.<\/p>\n<p><script async src=\"\/\/www.instagram.com\/embed.js\"><\/script><script async src=\"\/\/www.tiktok.com\/embed.js\"><\/script><\/p>\n","protected":false},"excerpt":{"rendered":"Wiecz\u00f3r 2 maja na scenie &#8222;Mam talent!&#8221; nale\u017ca\u0142 do dziesi\u0119ciu r\u00f3\u017cnorodnych wykonawc\u00f3w. W\u015br\u00f3d nich znale\u017ali si\u0119: Zuza Team,&hellip;\n","protected":false},"author":2,"featured_media":404606,"comment_status":"","ping_status":"","sticky":false,"template":"","format":"standard","meta":{"footnotes":"","_share_on_mastodon":"0"},"categories":[22],"tags":[16832,13014,31101,61195,122,1654,2956,48,125,46,42,38,40,39,41,123,47],"class_list":["post-404605","post","type-post","status-publish","format-standard","has-post-thumbnail","category-rozrywka","tag-_mam_talent_","tag-agnieszka_chylinska","tag-agustin_egurrola","tag-bottomfeed_styl","tag-entertainment","tag-julia_wieniawa","tag-marcin_prokop","tag-nat_styl","tag-newsy","tag-omp","tag-pl","tag-poland","tag-polish","tag-polska","tag-polski","tag-rozrywka","tag-screening_general"],"share_on_mastodon":{"url":"https:\/\/pubeurope.com\/@pl\/116507459521170721","error":""},"_links":{"self":[{"href":"https:\/\/www.europesays.com\/pl\/wp-json\/wp\/v2\/posts\/404605","targetHints":{"allow":["GET"]}}],"collection":[{"href":"https:\/\/www.europesays.com\/pl\/wp-json\/wp\/v2\/posts"}],"about":[{"href":"https:\/\/www.europesays.com\/pl\/wp-json\/wp\/v2\/types\/post"}],"author":[{"embeddable":true,"href":"https:\/\/www.europesays.com\/pl\/wp-json\/wp\/v2\/users\/2"}],"replies":[{"embeddable":true,"href":"https:\/\/www.europesays.com\/pl\/wp-json\/wp\/v2\/comments?post=404605"}],"version-history":[{"count":0,"href":"https:\/\/www.europesays.com\/pl\/wp-json\/wp\/v2\/posts\/404605\/revisions"}],"wp:featuredmedia":[{"embeddable":true,"href":"https:\/\/www.europesays.com\/pl\/wp-json\/wp\/v2\/media\/404606"}],"wp:attachment":[{"href":"https:\/\/www.europesays.com\/pl\/wp-json\/wp\/v2\/media?parent=404605"}],"wp:term":[{"taxonomy":"category","embeddable":true,"href":"https:\/\/www.europesays.com\/pl\/wp-json\/wp\/v2\/categories?post=404605"},{"taxonomy":"post_tag","embeddable":true,"href":"https:\/\/www.europesays.com\/pl\/wp-json\/wp\/v2\/tags?post=404605"}],"curies":[{"name":"wp","href":"https:\/\/api.w.org\/{rel}","templated":true}]}}