{"id":404956,"date":"2026-05-03T04:32:15","date_gmt":"2026-05-03T04:32:15","guid":{"rendered":"https:\/\/www.europesays.com\/pl\/404956\/"},"modified":"2026-05-03T04:32:15","modified_gmt":"2026-05-03T04:32:15","slug":"parkowanie-przy-szpitalu-w-poznaniu-coraz-drozsze-stawka-to-absurd","status":"publish","type":"post","link":"https:\/\/www.europesays.com\/pl\/404956\/","title":{"rendered":"Parkowanie przy szpitalu w Poznaniu coraz dro\u017csze. &#8222;Stawka to absurd&#8221;"},"content":{"rendered":"<p class=\"Paragraph_desktopParagraph__U31Gm\">Z przekazanych informacji wynika, \u017ce op\u0142ata za post\u00f3j na parkingu przy plac\u00f3wce przy ul. Grunwaldzkiej zosta\u0142a ustalona na poziomie 20 z\u0142 za ka\u017cd\u0105 rozpocz\u0119t\u0105 godzin\u0119. To jedna z najwy\u017cszych stawek tego typu w mie\u015bcie, szczeg\u00f3lnie w kontek\u015bcie miejsca, kt\u00f3re dla wielu os\u00f3b nie jest wyborem, lecz konieczno\u015bci\u0105.<\/p>\n<p class=\"Paragraph_desktopParagraph__U31Gm\">Problemem, jak podkre\u015bla czytelnik, jest nie tylko sama cena, ale r\u00f3wnie\u017c brak realnych alternatyw. Okolice ulic Grunwaldzkiej i Przybyszewskiego od lat zmagaj\u0105 si\u0119 z deficytem miejsc postojowych. Znalezienie wolnej przestrzeni cz\u0119sto graniczy z cudem, a kierowcy zmuszeni s\u0105 do wielominutowego kr\u0105\u017cenia po okolicznych ulicach lub parkowania w znacznej odleg\u0142o\u015bci od szpitala.<\/p>\n<p class=\"Paragraph_desktopParagraph__U31Gm\">Podwy\u017cki dotykaj\u0105 pacjent\u00f3w oraz ich bliskich. W przypadku wizyt specjalistycznych, bada\u0144 czy hospitalizacji, konieczno\u015b\u0107 ponoszenia wysokich op\u0142at za parking stanowi dodatkowe obci\u0105\u017cenie finansowe. Zdaniem czytelnika, w miejscu o tak szczeg\u00f3lnym charakterze, rozwi\u0105zania powinny uwzgl\u0119dnia\u0107 potrzeby os\u00f3b korzystaj\u0105cych z opieki zdrowotnej.<\/p>\n<p class=\"Paragraph_desktopParagraph__U31Gm\">Szczeg\u00f3lnie trudna sytuacja dotyczy te\u017c personelu medycznego. Jak wskazuje pan Mateusz, przy obecnych stawkach miesi\u0119czny koszt parkowania dla pracownika mo\u017ce przekroczy\u0107 kilka tysi\u0119cy z\u0142otych. Jednocze\u015bnie, wed\u0142ug relacji, nie wprowadzono systemu abonament\u00f3w ani preferencyjnych op\u0142at dla os\u00f3b zatrudnionych w plac\u00f3wce.<\/p>\n<p class=\"Paragraph_desktopParagraph__U31Gm\">Nowe zasady wywo\u0142uj\u0105 sprzeciw cz\u0119\u015bci u\u017cytkownik\u00f3w parkingu, kt\u00f3rzy oczekuj\u0105 wprowadzenia bardziej zr\u00f3wnowa\u017conych rozwi\u0105za\u0144 \u2013 takich jak ni\u017csze stawki dla pracownik\u00f3w, ulgi dla pacjent\u00f3w czy rozw\u00f3j infrastruktury parkingowej w okolicy.<\/p>\n<p class=\"Paragraph_desktopParagraph__U31Gm\">Wys\u0142ali\u015bmy zapytania o spraw\u0119 oraz pro\u015bb\u0119 o komentarz do pozna\u0144skiego szpitala, jednak nie otrzymali\u015bmy odpowiedzi. <\/p>\n<p><img decoding=\"async\" class=\"Image_image__0tuHp Image_autoHeight__f2n87 \" height=\"587\" width=\"436\" src=\"https:\/\/www.europesays.com\/pl\/wp-content\/uploads\/2026\/05\/FwFk9kqTURBXy8zZmEwNzFlMWU1ODBhZWFlYWY4ZWM2ZTFiMTU5MjIxNi5qcGVnkpUCzQOsAMLDlQIAzQJLwsPeAAOhMAGhMQGhM.jpeg\" alt=\"Informacja dot. parkingu przy szpitalu\" loading=\"lazy\" \/>www.codziennypoznan.pl<\/p>\n<p>Informacja dot. parkingu przy szpitalu<\/p>\n","protected":false},"excerpt":{"rendered":"Z przekazanych informacji wynika, \u017ce op\u0142ata za post\u00f3j na parkingu przy plac\u00f3wce przy ul. Grunwaldzkiej zosta\u0142a ustalona na&hellip;\n","protected":false},"author":2,"featured_media":404957,"comment_status":"","ping_status":"","sticky":false,"template":"","format":"standard","meta":{"footnotes":"","_share_on_mastodon":"0"},"categories":[51609],"tags":[64980,1815,105,369,53,52,68,51,55,42,38,40,39,41,1817,47,50],"class_list":["post-404956","post","type-post","status-publish","format-standard","has-post-thumbnail","category-poznan","tag-benefit_tst2","tag-codziennypoznanpl","tag-ekonomia","tag-kk","tag-new_header","tag-onet3","tag-onet3d","tag-onet3d_2i","tag-phx","tag-pl","tag-poland","tag-polish","tag-polska","tag-polski","tag-poznan","tag-screening_general","tag-v2021"],"share_on_mastodon":{"url":"https:\/\/pubeurope.com\/@pl\/116508776597388424","error":""},"_links":{"self":[{"href":"https:\/\/www.europesays.com\/pl\/wp-json\/wp\/v2\/posts\/404956","targetHints":{"allow":["GET"]}}],"collection":[{"href":"https:\/\/www.europesays.com\/pl\/wp-json\/wp\/v2\/posts"}],"about":[{"href":"https:\/\/www.europesays.com\/pl\/wp-json\/wp\/v2\/types\/post"}],"author":[{"embeddable":true,"href":"https:\/\/www.europesays.com\/pl\/wp-json\/wp\/v2\/users\/2"}],"replies":[{"embeddable":true,"href":"https:\/\/www.europesays.com\/pl\/wp-json\/wp\/v2\/comments?post=404956"}],"version-history":[{"count":0,"href":"https:\/\/www.europesays.com\/pl\/wp-json\/wp\/v2\/posts\/404956\/revisions"}],"wp:featuredmedia":[{"embeddable":true,"href":"https:\/\/www.europesays.com\/pl\/wp-json\/wp\/v2\/media\/404957"}],"wp:attachment":[{"href":"https:\/\/www.europesays.com\/pl\/wp-json\/wp\/v2\/media?parent=404956"}],"wp:term":[{"taxonomy":"category","embeddable":true,"href":"https:\/\/www.europesays.com\/pl\/wp-json\/wp\/v2\/categories?post=404956"},{"taxonomy":"post_tag","embeddable":true,"href":"https:\/\/www.europesays.com\/pl\/wp-json\/wp\/v2\/tags?post=404956"}],"curies":[{"name":"wp","href":"https:\/\/api.w.org\/{rel}","templated":true}]}}