{"id":405019,"date":"2026-05-03T05:41:27","date_gmt":"2026-05-03T05:41:27","guid":{"rendered":"https:\/\/www.europesays.com\/pl\/405019\/"},"modified":"2026-05-03T05:41:27","modified_gmt":"2026-05-03T05:41:27","slug":"dramat-malych-nurogesi-w-warszawie-ich-matke-pozarla-ryba-akcja-sluzb","status":"publish","type":"post","link":"https:\/\/www.europesays.com\/pl\/405019\/","title":{"rendered":"Dramat ma\u0142ych nurog\u0119si w Warszawie. Ich matk\u0119 po\u017car\u0142a ryba. Akcja s\u0142u\u017cb"},"content":{"rendered":"<p class=\"Paragraph_desktopParagraph__U31Gm\">Co roku w kwietniu i maju rodziny nurog\u0119si wyruszaj\u0105 z \u0141azienek Kr\u00f3lewskich, pokonuj\u0105c tras\u0119 Kana\u0142em Piaseczy\u0144skim, ulic\u0105 My\u015bliwieck\u0105 oraz Czerniakowsk\u0105, aby dotrze\u0107 do Portu Czerniakowskiego. W tym czasie pracownicy Zarz\u0105du Zieleni i wolontariusze monitoruj\u0105 w\u0119druj\u0105ce ptaki na szlaku prowadz\u0105cym z parku nad Wis\u0142\u0119. W 2025 r. przy Porcie Czerniakowskim powsta\u0142 Zak\u0105tek Nurog\u0119si.<\/p>\n<p class=\"VideoPlayerText_videoPlayerText__iDwyz\">Dalszy ci\u0105g materia\u0142u pod wideo<\/p>\n<p>Dramat nurog\u0119si w Warszawie. Interweniowa\u0142a Stra\u017c Miejska <\/p>\n<p class=\"Paragraph_desktopParagraph__U31Gm\">Jak przekaza\u0142 dzisiaj Zarz\u0105d Zieleni Warszawy, sobotnia akcja nurog\u0119si &#8222;przybra\u0142a nieoczekiwany obr\u00f3t&#8221;.<\/p>\n<p class=\"Paragraph_desktopParagraph__U31Gm\">W \u0141azienkach Kr\u00f3lewskich pojawi\u0142a si\u0119 matka nurog\u0119\u015b z jedenastk\u0105 piskl\u0105t. Jednak po wej\u015bciu na staw sytuacja przybra\u0142a dramatyczny obr\u00f3t \u2014 matka zosta\u0142a po\u017carta przez ryb\u0119, osierocaj\u0105c piskl\u0119ta<\/p>\n<p class=\"Paragraph_desktopParagraph__U31Gm\">\u2014 relacjonuj\u0105 na Facebooku przedstawiciele Zarz\u0105du Zieleni Warszawy.<\/p>\n<p class=\"Paragraph_desktopParagraph__U31Gm\">Jak dodaj\u0105, w akcji pomogli: Eko Patrol Stra\u017cy Miejskiej w Warszawie, ornitolog ZZW, a tak\u017ce pracowniczka \u0141azienek Kr\u00f3lewskich. W ten spos\u00f3b uda\u0142o si\u0119 od\u0142owi\u0107 dziewi\u0105tk\u0119 ma\u0142ych nurog\u0119si i bezpiecznie przetransportowa\u0107 je do Ptasiego Azylu przy warszawskim ZOO.<\/p>\n<p class=\"Paragraph_desktopParagraph__U31Gm\">Teraz przed nami kolejny krok \u2014 postaramy si\u0119, aby trafi\u0142y do adopcji do nowej matki. [&#8230;] To by\u0142a stresuj\u0105ca akcja, ale przynajmniej cz\u0119\u015bciowo zako\u0144czona sukcesem<\/p>\n<p class=\"Paragraph_desktopParagraph__U31Gm\">\u2014 napisali na koniec.<\/p>\n<p>Nurog\u0119si s\u0105 pod ochron\u0105. Jak z nimi post\u0119powa\u0107? <\/p>\n<p class=\"Paragraph_desktopParagraph__U31Gm\">Nurog\u0119si podlegaj\u0105 ochronie w ramach obszaru Natura 2000 Dolina \u015arodkowej Wis\u0142y. W Warszawie gniazduj\u0105 niemal wy\u0142\u0105cznie w \u0141azienkach Kr\u00f3lewskich i okolicach, cho\u0107 nie s\u0105 typowym gatunkiem parkowym, a park oddalony jest od rzeki.<\/p>\n<p class=\"Paragraph_desktopParagraph__U31Gm\">W razie spotkania z nurog\u0119siami nale\u017cy zatrzyma\u0107 si\u0119 i nie zbli\u017ca\u0107 si\u0119 do nich, trzyma\u0107 psy na smyczy, zachowa\u0107 cisz\u0119 i spok\u00f3j, nie pr\u00f3bowa\u0107 zagania\u0107 samicy z ma\u0142ymi z powrotem do parku, nie przegania\u0107 ich od jezdni, bo w\u0142a\u015bnie t\u0119dy chc\u0105 przej\u015b\u0107, by dosta\u0107 si\u0119 nad Wis\u0142\u0119, nie dokarmia\u0107 nurog\u0119si. Nale\u017cy tak\u017ce powstrzyma\u0107 id\u0105cych w tym momencie przechodni\u00f3w, osoby biegn\u0105ce, jad\u0105ce na rowerze czy deskorolce.<\/p>\n","protected":false},"excerpt":{"rendered":"Co roku w kwietniu i maju rodziny nurog\u0119si wyruszaj\u0105 z \u0141azienek Kr\u00f3lewskich, pokonuj\u0105c tras\u0119 Kana\u0142em Piaseczy\u0144skim, ulic\u0105 My\u015bliwieck\u0105&hellip;\n","protected":false},"author":2,"featured_media":405020,"comment_status":"","ping_status":"","sticky":false,"template":"","format":"standard","meta":{"footnotes":"","_share_on_mastodon":"0"},"categories":[51605],"tags":[67,53,52,68,51,55,42,38,40,39,41,46477,33998,47,591,2267,50,435,424],"class_list":["post-405019","post","type-post","status-publish","format-standard","has-post-thumbnail","category-warszawa","tag-intextvideo_splayer","tag-new_header","tag-onet3","tag-onet3d","tag-onet3d_2i","tag-phx","tag-pl","tag-poland","tag-polish","tag-polska","tag-polski","tag-ptaki_ptak","tag-ryby_ryba","tag-screening_general","tag-srodowisko","tag-straz_miejska","tag-v2021","tag-warszawa","tag-warszawa_miasto"],"share_on_mastodon":{"url":"https:\/\/pubeurope.com\/@pl\/116509047843067798","error":""},"_links":{"self":[{"href":"https:\/\/www.europesays.com\/pl\/wp-json\/wp\/v2\/posts\/405019","targetHints":{"allow":["GET"]}}],"collection":[{"href":"https:\/\/www.europesays.com\/pl\/wp-json\/wp\/v2\/posts"}],"about":[{"href":"https:\/\/www.europesays.com\/pl\/wp-json\/wp\/v2\/types\/post"}],"author":[{"embeddable":true,"href":"https:\/\/www.europesays.com\/pl\/wp-json\/wp\/v2\/users\/2"}],"replies":[{"embeddable":true,"href":"https:\/\/www.europesays.com\/pl\/wp-json\/wp\/v2\/comments?post=405019"}],"version-history":[{"count":0,"href":"https:\/\/www.europesays.com\/pl\/wp-json\/wp\/v2\/posts\/405019\/revisions"}],"wp:featuredmedia":[{"embeddable":true,"href":"https:\/\/www.europesays.com\/pl\/wp-json\/wp\/v2\/media\/405020"}],"wp:attachment":[{"href":"https:\/\/www.europesays.com\/pl\/wp-json\/wp\/v2\/media?parent=405019"}],"wp:term":[{"taxonomy":"category","embeddable":true,"href":"https:\/\/www.europesays.com\/pl\/wp-json\/wp\/v2\/categories?post=405019"},{"taxonomy":"post_tag","embeddable":true,"href":"https:\/\/www.europesays.com\/pl\/wp-json\/wp\/v2\/tags?post=405019"}],"curies":[{"name":"wp","href":"https:\/\/api.w.org\/{rel}","templated":true}]}}