{"id":405052,"date":"2026-05-03T06:14:11","date_gmt":"2026-05-03T06:14:11","guid":{"rendered":"https:\/\/www.europesays.com\/pl\/405052\/"},"modified":"2026-05-03T06:14:11","modified_gmt":"2026-05-03T06:14:11","slug":"grazyna-brodzinska-nie-chciala-byc-panna-dlugo-zyli-w-rzymskim-malzenstwie","status":"publish","type":"post","link":"https:\/\/www.europesays.com\/pl\/405052\/","title":{"rendered":"Gra\u017cyna Brodzi\u0144ska nie chcia\u0142a by\u0107 pann\u0105. D\u0142ugo \u017cyli w &#8222;rzymskim ma\u0142\u017ce\u0144stwie&#8221;"},"content":{"rendered":"<p class=\"Paragraph_desktopParagraph__U31Gm\">Cz\u0142onkowie rodziny Dami\u0119ckich regularnie opisywani s\u0105 w kolorowej prasie. W ko\u0144cu to familia, kt\u00f3ra od trzech pokole\u0144 kultywuje aktorskie tradycje. Ich losy opisali\u015bmy w naszym cyklu <a href=\"https:\/\/plejada.pl\/newsy\/ta-rodzina-aktorstwo-ma-we-krwi-kto-jest-kim-w-klanie-damieckich\/7hgg4ec\" id=\"64a7661c-d982-49b5-8af3-a4cd80d6dc91\" rel=\"nofollow noopener\" target=\"_blank\">&#8222;Klany gwiazd<\/a>&#8222;. Tymczasem w cieniu s\u0142awnych krewnych pozostaje nieco <a href=\"https:\/\/plejada.pl\/damian-damiecki\" id=\"0cece204-194a-4e52-8fb4-6694f52fe83b\" rel=\"nofollow noopener\" target=\"_blank\">Damian Dami\u0119cki<\/a> (brat <a href=\"https:\/\/plejada.pl\/newsy\/maciej-damiecki-zmarl-w-ubieglym-roku-tak-teraz-wyglada-jego-grob\/m3ny7xk\" id=\"e4e4c0e0-e1c6-4aa3-a4b2-bef388361366\" rel=\"nofollow noopener\" target=\"_blank\">Macieja Dami\u0119ckiego<\/a>) i jego \u017cona, Gra\u017cyna Brodzi\u0144ska. To mo\u017ce dziwi\u0107, poniewa\u017c oboje zrobili karier\u0119 w \u015bwiecie artystycznym. Wol\u0105 jednak unika\u0107 blasku fleszy.<\/p>\n<p class=\"Paragraph_desktopParagraph__U31Gm\">Damian Dami\u0119cki, podobnie jak jego m\u0142odszy brat, uko\u0144czy\u0142 aktorstwo na PWST w Warszawie. Przez lata by\u0142 zwi\u0105zany m.in. z Teatrem Wsp\u00f3\u0142czesnym i Teatrem Polskim. W telewizji wyst\u0119powa\u0142 sporadycznie. Jego pierwsz\u0105 \u017con\u0105 by\u0142a <a href=\"https:\/\/plejada.pl\/polscy-celebryci\/barbara-borys-damiecka-porzucila-telewizje-dla-polityki-nieznane-fakty-z-jej-zycia\/rqqdgdv\" id=\"d3c1967a-31b2-4fcc-8ccb-81c28b28d526\" rel=\"nofollow noopener\" target=\"_blank\">Barbara Borys-Dami\u0119cka<\/a> \u2014 re\u017cyserka teatralna, a potem senator z listy Koalicji Obywatelskiej. Para mia\u0142a syna, <a href=\"https:\/\/plejada.pl\/newsy\/grzegorz-damiecki-rozwodzi-sie-z-zona-spedzili-razem-34-lata\/7wmxjrz\" id=\"404f74e6-4e21-4ef3-9dd2-843c73955773\" rel=\"nofollow noopener\" target=\"_blank\">Grzegorza Dami\u0119ckiego<\/a>, kt\u00f3ry te\u017c jest aktorem. Gdy artysta pozna\u0142 m\u0142odsz\u0105 o 10 lat Gra\u017cyn\u0119 Brodzi\u0144sk\u0105, by\u0142 ju\u017c po rozwodzie. Ona za\u015b by\u0142a w zwi\u0105zku.<\/p>\n<p>Damian Dami\u0119cki i Gra\u017cyna Brodzi\u0144ska s\u0105 razem od lat. <\/p>\n<p class=\"Paragraph_desktopParagraph__U31Gm\">Damian Dami\u0119cki i Gra\u017cyna Brodzi\u0144ska poznali si\u0119, czekaj\u0105c na autobus. Tego dnia mieli wraz z grup\u0105 artyst\u00f3w uda\u0107 si\u0119 na wyst\u0119p poza Warszaw\u0105. \u015apiewaczka od razu przyci\u0105gn\u0119\u0142a uwag\u0119 aktora. Tymczasem jej w oczy rzuci\u0142o si\u0119 jedno. &#8222;Mia\u0142 ohydn\u0105 ortalionow\u0105 torb\u0119, a w niej znakomite buty narciarskie&#8221; \u2014 wspomina\u0142a w rozmowie z &#8222;Super Expressem&#8221;.<\/p>\n<p class=\"Paragraph_desktopParagraph__U31Gm\">Artystka nie szuka\u0142a wtedy mi\u0142o\u015bci. By\u0142a w zwi\u0105zku i planowa\u0142a przysz\u0142o\u015b\u0107 z partnerem. Wszystko si\u0119 zmieni\u0142o, gdy postanowi\u0142 wyjecha\u0107 do USA. Ona za\u015b nie widzia\u0142a si\u0119 na emigracji. &#8222;Powiedzia\u0142em, \u017ce b\u0119d\u0119 na ni\u0105 czeka\u0142 tak d\u0142ugo, jak b\u0119dzie trzeba&#8221; \u2014 opowiada\u0142 Damian Dami\u0119cki w &#8222;Super Expressie&#8221;.<\/p>\n<p class=\"Paragraph_desktopParagraph__U31Gm\">Warto by\u0142o czeka\u0107, bo okaza\u0142o si\u0119, \u017ce arty\u015bci \u015bwietnie si\u0119 dogaduj\u0105. Ich pierwsza randka nie przypomina\u0142a jednak spotka\u0144 z komedii romantycznych.<\/p>\n<blockquote>\n<p class=\"Paragraph_desktopParagraph__U31Gm\">Zabra\u0142 mnie do kina na beznadziejn\u0105 komedi\u0119 francusk\u0105. Potem na kolacj\u0119, z ohydnym striptizem. A gdy mnie odprowadzi\u0142, nie wpu\u015bci\u0142am<\/p>\n<\/blockquote>\n<p class=\"Paragraph_desktopParagraph__U31Gm\">\u2014 przyzna\u0142a \u015bpiewaczka w wywiadzie dla &#8222;Super Expressu&#8221;.<\/p>\n<p class=\"Paragraph_desktopParagraph__U31Gm\">Cierpliwo\u015b\u0107 i determinacja pop\u0142aci\u0142y. Gra\u017cyna Brodzi\u0144ska bowiem nie tylko przekona\u0142a si\u0119 do Damiana Dami\u0119ckiego, ale tak\u017ce zapragn\u0119\u0142a by\u0107 jego \u017con\u0105.<\/p>\n<p class=\"Paragraph_desktopParagraph__U31Gm\">Gra\u017cyna Brodzi\u0144ska marzy\u0142a o \u015blubie. Jak sama przyzna\u0142a, nie chcia\u0142a by\u0107 uznawana za &#8222;star\u0105 pann\u0119&#8221;. Ukochany wi\u0119c o\u015bwiadczy\u0142 si\u0119 jej. Jednak przez lata nie uda\u0142o im si\u0119 zorganizowa\u0107 ceremonii. Aktorowi nie spieszy\u0142o si\u0119.<\/p>\n<blockquote>\n<p class=\"Paragraph_desktopParagraph__U31Gm\">Dami\u0119ccy maj\u0105 w genach niech\u0119\u0107 do \u017ceniaczki. Moja mama pobra\u0142a si\u0119 z ojcem na \u0142o\u017cu \u015bmierci, cho\u0107 byli ze sob\u0105 od zawsze<\/p>\n<\/blockquote>\n<p class=\"Paragraph_desktopParagraph__U31Gm\">\u2014 t\u0142umaczy\u0142 w &#8222;Twoim imperium&#8221;.<\/p>\n<p class=\"Paragraph_desktopParagraph__U31Gm\">Para w ko\u0144cu powiedzia\u0142a sobie &#8222;tak&#8221;, ale&#8230; 14 lat p\u00f3\u017aniej. Gra\u017cyna Brodzi\u0144ska zorganizowa\u0142a formalno\u015bci w ci\u0105gu dw\u00f3ch dni. Wiele os\u00f3b mog\u0142oby obawia\u0107 si\u0119 ma\u0142\u017ce\u0144stwa po tylu latach w konkubinacie. Jak wida\u0107 jednak, \u015blub wcale nie popsu\u0142 ich relacji. Wr\u0119cz przeciwnie.<\/p>\n<blockquote>\n<p class=\"Paragraph_desktopParagraph__U31Gm\">Jestem tradycjonalistk\u0105, obce s\u0105 mi feministyczne teorie na temat samowystarczalno\u015bci kobiet. Uwa\u017cam, \u017ce panie, kt\u00f3re my\u015bl\u0105 inaczej, nie wiedz\u0105 nawet, ile trac\u0105. Kobieta nie istnieje bez m\u0119\u017cczyzny, tak, jak m\u0119\u017cczyzna bez kobiety.<\/p>\n<\/blockquote>\n<p class=\"Paragraph_desktopParagraph__U31Gm\">\u2014 podkre\u015bli\u0142a w wywiadzie dla pisma &#8222;Sukces&#8221;.<\/p>\n<p class=\"Paragraph_desktopParagraph__U31Gm\">&#8222;Oczywi\u015bcie r\u00f3\u017cnimy si\u0119, bo jak wiadomo, my z Wenus, oni z Marsa. Ale trzeba si\u0119 uczy\u0107 kompromis\u00f3w, wzajemnej wyrozumia\u0142o\u015bci i wybaczania sobie ma\u0142ych grzeszk\u00f3w. Mnie i Damiana \u0142\u0105czy poczucie humoru, kt\u00f3re w sytuacjach konfliktowych okazuje si\u0119 zbawienne&#8221; \u2014 doda\u0142a.<\/p>\n<p><img decoding=\"async\" class=\"Image_image__0tuHp Image_autoHeight__f2n87 \" height=\"587\" width=\"391\" src=\"https:\/\/www.europesays.com\/pl\/wp-content\/uploads\/2026\/05\/CS_k9kpTURBXy9lZGI0N2Y3NzllMmU2MTQwY2I5N2UwYWIxNjY1MzMyNS5qcGeSlQLNA6wAwsOVAgDNAkvCw94AA6EwAaExAaEzw.jpeg\" alt=\"Damian Dami\u0119cki i Gra\u017cyna Brodzi\u0144ska\" loading=\"lazy\" \/>Andras Szilagyi \/ MW Media<\/p>\n<p>Damian Dami\u0119cki i Gra\u017cyna Brodzi\u0144ska<\/p>\n<p class=\"Paragraph_desktopParagraph__U31Gm\">Damianowi Dami\u0119ckiemu i Gra\u017cynie Brodzi\u0144skiej nie przeszkadza r\u00f3wnie\u017c to, \u017ce oboje pracuj\u0105 w bran\u017cy artystycznej. Artystka nie ukrywa, \u017ce zdarza jej si\u0119 nie by\u0107 tygodniami w domu, poniewa\u017c wyje\u017cd\u017ca na koncerty zagraniczne. Jej m\u0105\u017c za\u015b niejeden dzie\u0144 sp\u0119dzi\u0142 na teatralnych pr\u00f3bach. Oboje jednak szanuj\u0105 swoje pasje i wzajemnie si\u0119 wspieraj\u0105. Aktor nawet napisa\u0142 dla \u017cony tekst piosenki, gdy tego potrzebowa\u0142a. W rozmowie z pismem &#8222;Sukces&#8221; opowiada\u0142a:<\/p>\n<blockquote>\n<p class=\"Paragraph_desktopParagraph__U31Gm\">Ostatnio, w\u0142a\u015bnie w &#8222;Magicznym Hollywoodzie&#8221;, mia\u0142am za\u015bpiewa\u0107 piosenk\u0119 z &#8222;Ojca chrzestnego&#8221;. Niestety, nie by\u0142o polskich s\u0142\u00f3w. Moja propozycja, aby j\u0105 napisa\u0142, dosy\u0107 go zaskoczy\u0142a. Powiedzia\u0142 jednak: &#8222;Kocham ci\u0119, wi\u0119c zrobi\u0119 to&#8221;. Po\u015bwi\u0119ci\u0142 dzie\u0142u tylko&#8230; dwie noce! Napisa\u0142 dla mnie r\u00f3wnie\u017c polskie s\u0142owa do s\u0142ynnej &#8222;La vie en rose&#8221; i par\u0119 innych. S\u0105 to naprawd\u0119 pi\u0119kne teksty i a\u017c trudno uwierzy\u0107, \u017ce nigdy wcze\u015bniej tego nie robi\u0142<\/p>\n<\/blockquote>\n<p class=\"Paragraph_desktopParagraph__U31Gm\">Dzi\u0119kujemy, \u017ce przeczyta\u0142a\u015b\/e\u015b nasz artyku\u0142 do ko\u0144ca. W serwisie Plejada.pl ka\u017cdego dnia piszemy o najwa\u017cniejszych wydarzeniach show-biznesowych. B\u0105d\u017a na bie\u017c\u0105co! <a rel=\"nofollow noopener\" href=\"https:\/\/news.google.com\/publications\/CAAiEF0PeAlb7W1llpV_mwV2rL4qFAgKIhBdD3gJW-1tZZaVf5sFdqy-?hl=pl&amp;gl=PL&amp;ceid=PL%3Apl\" id=\"4946aee6-63d7-4ddd-930e-d218adaf2fc9\" target=\"_blank\">Obserwuj<\/a> Plejad\u0119 w Wiadomo\u015bciach Google. Odwied\u017a nas tak\u017ce na <a rel=\"nofollow noopener\" href=\"https:\/\/www.facebook.com\/plejadapl\" id=\"a76f0820-2ccd-4663-a272-1feeec02ebbc\" target=\"_blank\">Facebooku<\/a>, <a rel=\"nofollow noopener\" href=\"https:\/\/www.instagram.com\/plejadapl\/\" id=\"04e05dbe-39bd-4a80-b992-4f25bec39320\" target=\"_blank\">Instagramie<\/a>, <a rel=\"nofollow noopener\" href=\"https:\/\/www.youtube.com\/c\/plejada\" id=\"452b2148-698e-4e97-8fb9-fa9f38616cb2\" target=\"_blank\">YouTubie<\/a> oraz <a rel=\"nofollow noopener\" href=\"https:\/\/www.tiktok.com\/@plejada_pl\" id=\"f839363c-b719-41d2-9340-c6b2101a2b3c\" target=\"_blank\">TikToku<\/a>.<\/p>\n<p class=\"Paragraph_desktopParagraph__U31Gm\">Chcesz podzieli\u0107 si\u0119 ciekawym newsem lub zaproponowa\u0107 temat? Skontaktuj si\u0119 z nami, pisz\u0105c maila na adres: <a href=\"https:\/\/www.onet.pl\/styl-zycia\/plejada\/grazyna-brodzinska-nie-chciala-byc-panna-dlugo-zyli-w-rzymskim-malzenstwie\/mailto:plejada@redakcjaonet.pl\" id=\"2b6b0903-6dea-4fd9-ba46-5d04b59fa054\" rel=\"nofollow noopener\" target=\"_blank\">plejada@redakcjaonet.pl<\/a>.<\/p>\n<p><script async src=\"\/\/www.instagram.com\/embed.js\"><\/script><script async src=\"\/\/www.tiktok.com\/embed.js\"><\/script><\/p>\n","protected":false},"excerpt":{"rendered":"Cz\u0142onkowie rodziny Dami\u0119ckich regularnie opisywani s\u0105 w kolorowej prasie. W ko\u0144cu to familia, kt\u00f3ra od trzech pokole\u0144 kultywuje&hellip;\n","protected":false},"author":2,"featured_media":405053,"comment_status":"","ping_status":"","sticky":false,"template":"","format":"standard","meta":{"footnotes":"","_share_on_mastodon":"0"},"categories":[22],"tags":[74677,122,2728,246,67,6674,12644,53,52,68,51,55,42,38,40,39,41,2724,123,47,196,50,2115],"class_list":["post-405052","post","type-post","status-publish","format-standard","has-post-thumbnail","category-rozrywka","tag-damian_damiecki_aktor","tag-entertainment","tag-evergreen","tag-inspire_me","tag-intextvideo_splayer","tag-malzenstwa_gwiazd","tag-milosc_uczucie","tag-new_header","tag-onet3","tag-onet3d","tag-onet3d_2i","tag-phx","tag-pl","tag-poland","tag-polish","tag-polska","tag-polski","tag-rodzina_gwiazd","tag-rozrywka","tag-screening_general","tag-styl_zycia","tag-v2021","tag-zwiazki_gwiazd"],"share_on_mastodon":{"url":"https:\/\/pubeurope.com\/@pl\/116509178031219932","error":""},"_links":{"self":[{"href":"https:\/\/www.europesays.com\/pl\/wp-json\/wp\/v2\/posts\/405052","targetHints":{"allow":["GET"]}}],"collection":[{"href":"https:\/\/www.europesays.com\/pl\/wp-json\/wp\/v2\/posts"}],"about":[{"href":"https:\/\/www.europesays.com\/pl\/wp-json\/wp\/v2\/types\/post"}],"author":[{"embeddable":true,"href":"https:\/\/www.europesays.com\/pl\/wp-json\/wp\/v2\/users\/2"}],"replies":[{"embeddable":true,"href":"https:\/\/www.europesays.com\/pl\/wp-json\/wp\/v2\/comments?post=405052"}],"version-history":[{"count":0,"href":"https:\/\/www.europesays.com\/pl\/wp-json\/wp\/v2\/posts\/405052\/revisions"}],"wp:featuredmedia":[{"embeddable":true,"href":"https:\/\/www.europesays.com\/pl\/wp-json\/wp\/v2\/media\/405053"}],"wp:attachment":[{"href":"https:\/\/www.europesays.com\/pl\/wp-json\/wp\/v2\/media?parent=405052"}],"wp:term":[{"taxonomy":"category","embeddable":true,"href":"https:\/\/www.europesays.com\/pl\/wp-json\/wp\/v2\/categories?post=405052"},{"taxonomy":"post_tag","embeddable":true,"href":"https:\/\/www.europesays.com\/pl\/wp-json\/wp\/v2\/tags?post=405052"}],"curies":[{"name":"wp","href":"https:\/\/api.w.org\/{rel}","templated":true}]}}