{"id":405392,"date":"2026-05-03T10:15:52","date_gmt":"2026-05-03T10:15:52","guid":{"rendered":"https:\/\/www.europesays.com\/pl\/405392\/"},"modified":"2026-05-03T10:15:52","modified_gmt":"2026-05-03T10:15:52","slug":"majowka-z-toyota-walder-spora-niespodzianka-dla-klientow","status":"publish","type":"post","link":"https:\/\/www.europesays.com\/pl\/405392\/","title":{"rendered":"Maj\u00f3wka z Toyot\u0105 Walder. Spora niespodzianka dla klient\u00f3w"},"content":{"rendered":"<p>            <a href=\"https:\/\/s-trojmiasto.pl\/zdj\/c\/n\/9\/4307\/1024x0\/4307801-Na-uczestnikow-wydarzenia-czeka-spory-rabat.webp\" target=\"_blank\" data-slide-name=\"833446\" data-lightbox-target=\"photo full\" data-sub-html=\"&lt;h4&gt;Na uczestnik\u00f3w wydarzenia czeka spory rabat. &lt;\/h4&gt;&lt;p&gt;fot. Toyota&lt;\/p&gt;&#010;\" class=\"photoMarker__link\" data-filter-brightness=\"brightness--100\" rel=\"nofollow noopener\"><\/p>\n<p>    <img decoding=\"async\" style=\"height:500px; aspect-ratio: 1.49927\/1; filter:brightness(1);\" alt=\"Na uczestnik\u00f3w wydarzenia czeka spory rabat. \" src=\"https:\/\/www.europesays.com\/pl\/wp-content\/uploads\/2026\/05\/4307801-Na-uczestnikow-wydarzenia-czeka-spory-rabat.webp\" class=\"photoMarker__img \" data-slider=\"img\" fetchpriority=\"high\"\/><\/p>\n<p>            <\/a><\/p>\n<p class=\"lead\">Maj\u00f3wka to idealny moment, aby zwolni\u0107 tempo i\u00a0cieszy\u0107 si\u0119 wiosn\u0105 w\u00a0gronie najbli\u017cszych. W\u00a0sobot\u0119, 2 maja, Toyota Walder zaprasza wszystkich sympatyk\u00f3w japo\u0144skiej marki do swoich dw\u00f3ch salon\u00f3w w\u00a0<a data-tklik=\"868920\" target=\"_blank\" href=\"https:\/\/www.trojmiasto.pl\/Toyota-Walder-Rumia-o13405.html\" rel=\"nofollow noopener\">Rumi<\/a> i\u00a0<a data-tklik=\"305996\" target=\"_self\" href=\"https:\/\/www.trojmiasto.pl\/Toyota-Walder-Chwaszczyno-o3665.html\" rel=\"nofollow noopener\">Chwaszczynie<\/a> na specjalne wydarzenie przygotowane dla ca\u0142ych rodzin. Grupa Walder stawia na swobodn\u0105 formu\u0142\u0119, kt\u00f3ra pozwoli sp\u0119dzi\u0107 czas razem &#8211; bez po\u015bpiechu i\u00a0w przyjaznej atmosferze.<\/p>\n<p>Pakiet korzy\u015bci do 40 tys. z\u0142 &#8211; tylko 2 maja<\/p>\n<p>Z my\u015bl\u0105 o\u00a0osobach planuj\u0105cych zakup samochodu wy\u0142\u0105cznie w\u00a0dniu wydarzenia przygotowano atrakcyjn\u0105 ofert\u0119. Przy wyborze Toyoty C-HR Plug-in Hybrid (2025) klienci mog\u0105 otrzyma\u0107 pakiet korzy\u015bci do 40 tys. z\u0142. W\u00a0jego sk\u0142ad wchodz\u0105:<\/p>\n<p>specjalny rabat na zakup samochodu,profesjonalna konserwacja podwozia,kompletny zestaw akcesori\u00f3w do \u0142adowania,zaawansowane zabezpieczenie przed kradzie\u017c\u0105,voucher na wybrane akcesoria.<br \/>\n            <a href=\"https:\/\/s-trojmiasto.pl\/zdj\/c\/n\/9\/4307\/1920x0\/4307802.webp\" target=\"_blank\" data-slide-name=\"833447\" data-lightbox-target=\"photo full\" data-sub-html=\"&lt;h4&gt;&lt;\/h4&gt;&lt;p&gt;&lt;\/p&gt;&#010;\" class=\"photoMarker__link\" data-filter-brightness=\"brightness--100\" rel=\"nofollow noopener\"><\/p>\n<p>    <img decoding=\"async\" style=\"height:421px; aspect-ratio: 1.77778\/1; filter:brightness(1);\" alt=\"\" src=\"https:\/\/www.europesays.com\/pl\/wp-content\/uploads\/2026\/05\/4307802.webp\" class=\"photoMarker__img lazy\" data-slider=\"img\"\/><\/p>\n<p>            <\/a><\/p>\n<p>Toyota C-HR Plug-in Hybrid<\/p>\n<p>Oferta na model C-HR Plug-in Hybrid (2025) to bezpo\u015brednia odpowied\u017a na rosn\u0105ce zainteresowanie nap\u0119dami zelektryfikowanymi. To auto, kt\u00f3re \u0142\u0105czy w\u00a0sobie zalety nap\u0119du hybrydowego, kt\u00f3ry doskonale sprawdzi si\u0119 podczas d\u0142u\u017cszych tras, z\u00a0mo\u017cliwo\u015bci\u0105 jazdy w\u00a0trybie elektrycznym podczas codziennych przejazd\u00f3w na kr\u00f3tszych dystansach. Samoch\u00f3d automatycznie zmienia tryb pracy, dostosowuj\u0105c go do charakteru trasy, a\u00a0tak\u017ce potrzeb kierowcy.<\/p>\n<p>Atrakcje dla ca\u0142ych rodzin<\/p>\n<p>Na odwiedzaj\u0105cych czeka\u0107 b\u0119d\u0105 pyszne, rzemie\u015blnicze lody oraz specjalne atrakcje dla dzieci, kt\u00f3re zapewni\u0105 najm\u0142odszym \u015bwietn\u0105 zabaw\u0119. Wydarzenie stanowi doskona\u0142\u0105 okazj\u0119, aby w\u00a0przyjaznym otoczeniu sp\u0119dzi\u0107 czas z\u00a0bliskimi, a\u00a0przy okazji bez po\u015bpiechu zapozna\u0107 si\u0119 z\u00a0pe\u0142n\u0105 ofert\u0105 i\u00a0nowymi modelami Toyoty, znajduj\u0105c w\u00a0tym wszystkim chwil\u0119 relaksu dla siebie i\u00a0rodziny.<\/p>\n<p>            <a href=\"https:\/\/s-trojmiasto.pl\/zdj\/c\/n\/9\/4307\/1024x0\/4307801-Na-uczestnikow-wydarzenia-czeka-spory-rabat.webp\" target=\"_blank\" data-slide-name=\"833446\" data-lightbox-target=\"photo full\" data-sub-html=\"&lt;h4&gt;Na uczestnik\u00f3w wydarzenia czeka spory rabat. &lt;\/h4&gt;&lt;p&gt;fot. Toyota&lt;\/p&gt;&#010;\" class=\"photoMarker__link\" data-filter-brightness=\"brightness--100\" rel=\"nofollow noopener\"><\/p>\n<p>    <img decoding=\"async\" style=\"height:500px; aspect-ratio: 1.49927\/1; filter:brightness(1);\" alt=\"Na uczestnik\u00f3w wydarzenia czeka spory rabat. \" src=\"https:\/\/www.europesays.com\/pl\/wp-content\/uploads\/2026\/05\/4307801-Na-uczestnikow-wydarzenia-czeka-spory-rabat.webp\" class=\"photoMarker__img \" data-slider=\"img\" fetchpriority=\"high\"\/><\/p>\n<p>            <\/a><\/p>\n","protected":false},"excerpt":{"rendered":"Maj\u00f3wka to idealny moment, aby zwolni\u0107 tempo i\u00a0cieszy\u0107 si\u0119 wiosn\u0105 w\u00a0gronie najbli\u017cszych. W\u00a0sobot\u0119, 2 maja, Toyota Walder zaprasza&hellip;\n","protected":false},"author":2,"featured_media":405393,"comment_status":"","ping_status":"","sticky":false,"template":"","format":"standard","meta":{"footnotes":"","_share_on_mastodon":"0"},"categories":[51610],"tags":[7750,10846,3112,14818,31688,10822,14816,11594,1048,33312,11083,16072,9558,22944,34024,4037,14814,15183,14817,14815,1232,58555,42,38,40,39,41,1367,56391,2612,2403,1357,14819,9104,14802,74750,8715,3355,74749,14820,52037,28248,22920],"class_list":["post-405392","post","type-post","status-publish","format-standard","has-post-thumbnail","category-gdansk","tag-artykuly","tag-atmosfera","tag-auto","tag-autohandel","tag-chwaszczyno","tag-czas","tag-czesci-zamienne","tag-formula","tag-gdansk","tag-grono","tag-grupa","tag-klient","tag-komis","tag-maj","tag-majowka","tag-marka","tag-modele","tag-moment","tag-moto","tag-motocykle","tag-motoryzacja","tag-niespodzianka","tag-pl","tag-poland","tag-polish","tag-polska","tag-polski","tag-porady","tag-pospiech","tag-rodzina","tag-rumia","tag-salon","tag-salon-samochodowy","tag-samochody","tag-sobota","tag-sympatyk","tag-tempo","tag-testy","tag-toyota-walder","tag-uslugi-motoryzacyjne","tag-walder","tag-wiosna","tag-wydarzenie"],"share_on_mastodon":{"url":"https:\/\/pubeurope.com\/@pl\/116510129145991223","error":""},"_links":{"self":[{"href":"https:\/\/www.europesays.com\/pl\/wp-json\/wp\/v2\/posts\/405392","targetHints":{"allow":["GET"]}}],"collection":[{"href":"https:\/\/www.europesays.com\/pl\/wp-json\/wp\/v2\/posts"}],"about":[{"href":"https:\/\/www.europesays.com\/pl\/wp-json\/wp\/v2\/types\/post"}],"author":[{"embeddable":true,"href":"https:\/\/www.europesays.com\/pl\/wp-json\/wp\/v2\/users\/2"}],"replies":[{"embeddable":true,"href":"https:\/\/www.europesays.com\/pl\/wp-json\/wp\/v2\/comments?post=405392"}],"version-history":[{"count":0,"href":"https:\/\/www.europesays.com\/pl\/wp-json\/wp\/v2\/posts\/405392\/revisions"}],"wp:featuredmedia":[{"embeddable":true,"href":"https:\/\/www.europesays.com\/pl\/wp-json\/wp\/v2\/media\/405393"}],"wp:attachment":[{"href":"https:\/\/www.europesays.com\/pl\/wp-json\/wp\/v2\/media?parent=405392"}],"wp:term":[{"taxonomy":"category","embeddable":true,"href":"https:\/\/www.europesays.com\/pl\/wp-json\/wp\/v2\/categories?post=405392"},{"taxonomy":"post_tag","embeddable":true,"href":"https:\/\/www.europesays.com\/pl\/wp-json\/wp\/v2\/tags?post=405392"}],"curies":[{"name":"wp","href":"https:\/\/api.w.org\/{rel}","templated":true}]}}