{"id":405539,"date":"2026-05-03T11:52:11","date_gmt":"2026-05-03T11:52:11","guid":{"rendered":"https:\/\/www.europesays.com\/pl\/405539\/"},"modified":"2026-05-03T11:52:11","modified_gmt":"2026-05-03T11:52:11","slug":"byla-zona-marcina-prokopa-w-pierwszym-wywiadzie-po-rozstaniu-mowi-wprost","status":"publish","type":"post","link":"https:\/\/www.europesays.com\/pl\/405539\/","title":{"rendered":"By\u0142a \u017cona Marcina Prokopa w pierwszym wywiadzie po rozstaniu. M\u00f3wi wprost"},"content":{"rendered":"<p>W po\u0142owie kwietnia Marcin Prokop i jego \u017cona, Maria Pra\u017cuch-Prokop niespodziewanie og\u0142osili, \u017ce<a href=\"https:\/\/plejada.pl\/newsy\/marcin-prokop-rozstal-sie-zona-jest-oswiadczenie\/mc5t7z7\" id=\"c6541bb4-0ebc-46b1-8cb4-59bdcb7fba32\" rel=\"nofollow noopener\" target=\"_blank\"> po 20 latach wsp\u00f3lnego \u017cycia postanowili si\u0119 rozsta\u0107<\/a>. W opublikowanym w\u00f3wczas na Instagramie wsp\u00f3lnym o\u015bwiadczeniu przyznali, \u017ce pozostaj\u0105 w dobrych relacjach.<\/p>\n<p>\u2014 Tak wygl\u0105daj\u0105 ludzie, kt\u00f3rzy bardzo si\u0119 lubi\u0105, szanuj\u0105 i wspieraj\u0105, kt\u00f3rzy prze\u017cyli ze sob\u0105 ponad 20 lat i, mimo \u017ce jaki\u015b czas temu rozstali si\u0119 jako ma\u0142\u017ce\u0144stwo, to jako przyjaciele i rodzice Zosi nadal pozostaj\u0105 razem. Dla niekt\u00f3rych rozw\u00f3d to koniec wsp\u00f3lnego \u015bwiata. Dla nas \u2014 by\u0142 pocz\u0105tkiem nowego, innego, ale bardziej dopasowanego do tego, kim dzisiaj jeste\u015bmy i dok\u0105d osobno szcz\u0119\u015bliwie zmierzamy. <\/p>\n<blockquote class=\"ods-o-quote\">\n<p class=\"ods-o-quote__paragraph\">&#8222;Dobre rozstanie&#8221; brzmi jak oksymoron, ale \u2014 jak si\u0119 okazuje \u2014 jest ca\u0142kiem mo\u017cliwe. Chcieli\u015bmy, \u017ceby\u015bcie us\u0142yszeli o tym od nas, bo wydaje nam si\u0119 to uczciwe wobec ludzi, kt\u00f3rzy nas obserwuj\u0105, a wi\u0119c \u2014 jak zak\u0142adamy \u2014 dobrze nam \u017cycz\u0105. To wszystko, co chcemy na ten temat powiedzie\u0107. Dzi\u0119kujemy, mo\u017cna si\u0119 rozej\u015b\u0107<\/p>\n<\/blockquote>\n<p>\u2014 przekazali.<\/p>\n<p> Dalszy ci\u0105g artyku\u0142u pod materia\u0142em wideo Maria Pra\u017cuch-Prokop w pierwszym wywiadzie po rozstaniu. &#8222;To by\u0142 \u015bwiadomy wyb\u00f3r&#8221;Niespe\u0142na miesi\u0105c po zaskakuj\u0105cej dla wielu informacji o rozpadzie ma\u0142\u017ce\u0144stwa Marcina Prokopa by\u0142a \u017cona prowadz\u0105cego &#8222;Dzie\u0144 dobry TVN&#8221; udzieli\u0142a pierwszego wywiadu. W rozmowie z serwisem WP Kobieta <a href=\"https:\/\/plejada.pl\/temat\/maria-prazuch-prokop\/gjy0x5q\" id=\"52bca454-d012-47b2-9a32-57909dc349d1\" rel=\"nofollow noopener\" target=\"_blank\">Maria Pra\u017cuch-Prokop<\/a> otwarcie przyzna\u0142a, \u017ce nigdy nie mia\u0142a potrzeby bywa\u0107 na bran\u017cowych wydarzeniach ani pokazywa\u0107 si\u0119 na \u015bciankach.     <\/p>\n<p>\u2014 Zacznijmy od tego, \u017ce ja w og\u00f3le nie czuj\u0119 si\u0119 cz\u0119\u015bci\u0105 show-biznesu. Tradycyjne media \u2014 telewizja, wielkie gale, czerwone dywany \u2014 to \u015bwiat aktor\u00f3w, piosenkarzy i dziennikarzy. Ja dzia\u0142am w internecie, buduj\u0119 spo\u0142eczno\u015b\u0107 kobiet zainteresowanych jog\u0105 i \u015bwiadomym \u017cyciem. To, \u017ce m\u00f3j by\u0142y ju\u017c m\u0105\u017c jest osob\u0105 rozpoznawaln\u0105, nie oznacza\u0142o dla mnie automatycznego wej\u015bcia w ten \u015bwiat \u2014 zaznaczy\u0142a.<\/p>\n<blockquote class=\"ods-o-quote\">\n<p class=\"ods-o-quote__paragraph\">Nigdy tego nie chcia\u0142am. To by\u0142 \u015bwiadomy wyb\u00f3r, ale nie nazwa\u0142abym tego &#8222;milczeniem&#8221;. Po prostu nie chcia\u0142am zaprasza\u0107 obcych do naszego \u017cycia prywatnego. Wypowiadam si\u0119 publicznie wtedy, kiedy czuj\u0119, \u017ce to ma sens \u2014 o swojej pracy, \u015bcie\u017cce zawodowej, rozwoju. Natomiast nie mia\u0142am potrzeby bycia &#8222;widoczn\u0105&#8221; jako czyja\u015b partnerka<\/p>\n<\/blockquote>\n<p>\u2014 doda\u0142a.<\/p>\n<p> <img decoding=\"async\" src=\"https:\/\/www.europesays.com\/pl\/wp-content\/uploads\/2026\/05\/zKZk9lBaHR0cHM6Ly9vY2RuLmV1L3B1bHNjbXMvTURBXy9jNGY5ODMwYjMyNTJkYWIyNmQ4NTQ5MmNkYjNhZGRlYy5qcGeRlQLNB.jpeg\" height=\"800\" width=\"528\" alt=\"Marcin Prokop i Maria Pra\u017cuch-Prokop (Bal Dziennikarzy, 2010)\" loading=\"lazy\" class=\"ods-c-image__img ods-c-image__img--vertical\"\/> <\/p>\n<p>Marcin Prokop i Maria Pra\u017cuch-Prokop (Bal Dziennikarzy, 2010)Andras Szylagyi \/ MW Media<\/p>\n<p>Zapytana, sk\u0105d czerpie spok\u00f3j w obliczu tak du\u017cych zmian, wyzna\u0142a, \u017ce ogromn\u0105 rol\u0119 odgrywa u niej joga. Jako instruktorka od lat praktykuje j\u0105 nie tylko jako form\u0119 ruchu, ale tak\u017ce jako narz\u0119dzie do pracy nad sob\u0105 i w\u0142asnymi emocjami.<\/p>\n<p>\u2014 Joga bardzo mnie tego nauczy\u0142a. I nie m\u00f3wi\u0119 tu tylko o praktyce fizycznej z cia\u0142em, o rozci\u0105ganiu czy oddechu, ale o ca\u0142ym systemie, kt\u00f3ry uczy uwa\u017cno\u015bci, zatrzymania si\u0119, przygl\u0105dania si\u0119 sobie i swoim reakcjom.<\/p>\n<blockquote class=\"ods-o-quote\">\n<p class=\"ods-o-quote__paragraph\">W pewnym momencie zaczynasz rozumie\u0107, \u017ce nie wszystko trzeba rozgrywa\u0107 na zewn\u0105trz, nie wszystko trzeba komentowa\u0107, t\u0142umaczy\u0107, uzasadnia\u0107. Ten spok\u00f3j bierze si\u0119 te\u017c z akceptacji \u2014 tego, \u017ce \u017cycie sk\u0142ada si\u0119 z r\u00f3\u017cnych etap\u00f3w i \u017ce nie ka\u017cdy z nich trwa wiecznie. Dzi\u015b czuj\u0119, \u017ce jestem we w\u0142a\u015bciwym miejscu.<\/p>\n<\/blockquote>\n<p>\u2014 podkre\u015bli\u0142a.<\/p>\n<p> Dzi\u0119kujemy, \u017ce przeczyta\u0142a\u015b\/e\u015b nasz artyku\u0142 do ko\u0144ca. W serwisie Plejada.pl ka\u017cdego dnia piszemy o najwa\u017cniejszych wydarzeniach show-biznesowych. B\u0105d\u017a na bie\u017c\u0105co! <a rel=\"nofollow noopener\" href=\"https:\/\/news.google.com\/publications\/CAAiEF0PeAlb7W1llpV_mwV2rL4qFAgKIhBdD3gJW-1tZZaVf5sFdqy-?hl=pl&amp;gl=PL&amp;ceid=PL%3Apl\" id=\"43f7584f-93bc-4ca6-b8c6-198e6f14769a\" target=\"_blank\">Obserwuj<\/a> Plejad\u0119 w Wiadomo\u015bciach Google. Odwied\u017a nas tak\u017ce na <a rel=\"nofollow noopener\" href=\"https:\/\/www.facebook.com\/plejadapl\" id=\"0d1c86bc-d547-4709-b5a8-3fb711a671bb\" target=\"_blank\">Facebooku<\/a>, <a rel=\"nofollow noopener\" href=\"https:\/\/www.instagram.com\/plejadapl\/\" id=\"7fffe73f-eb57-41e2-9806-8730554aeb6d\" target=\"_blank\">Instagramie<\/a>, <a rel=\"nofollow noopener\" href=\"https:\/\/www.youtube.com\/c\/plejada\" id=\"64855989-9f47-4cbb-8f9d-aa73e389e2a9\" target=\"_blank\">YouTubie<\/a> oraz <a rel=\"nofollow noopener\" href=\"https:\/\/www.tiktok.com\/@plejada_pl\" id=\"55692edd-d177-49ea-aeb5-9b71a9317e1c\" target=\"_blank\">TikToku<\/a>.Chcesz podzieli\u0107 si\u0119 ciekawym newsem lub zaproponowa\u0107 temat? Skontaktuj si\u0119 z nami, pisz\u0105c e-maila na adres: <a rel=\"nofollow noopener\" href=\"https:\/\/plejada.pl\/newsy\/byla-zona-marcina-prokopa-w-pierwszym-wywiadzie-po-rozstaniu-mowi-wprost\/mailto:plejada@redakcjaonet.pl\" id=\"74d522a9-2c57-44f6-b389-d28844ed11c9\" target=\"_blank\">plejada@redakcjaonet.pl<\/a>.<script async src=\"\/\/www.instagram.com\/embed.js\"><\/script><script async src=\"\/\/www.tiktok.com\/embed.js\"><\/script><\/p>\n","protected":false},"excerpt":{"rendered":"W po\u0142owie kwietnia Marcin Prokop i jego \u017cona, Maria Pra\u017cuch-Prokop niespodziewanie og\u0142osili, \u017ce po 20 latach wsp\u00f3lnego \u017cycia&hellip;\n","protected":false},"author":2,"featured_media":405540,"comment_status":"","ping_status":"","sticky":false,"template":"","format":"standard","meta":{"footnotes":"","_share_on_mastodon":"0"},"categories":[22],"tags":[61195,122,2956,64484,48,125,46,42,38,40,39,41,123,47],"class_list":["post-405539","post","type-post","status-publish","format-standard","has-post-thumbnail","category-rozrywka","tag-bottomfeed_styl","tag-entertainment","tag-marcin_prokop","tag-maria_prazuch_prokop","tag-nat_styl","tag-newsy","tag-omp","tag-pl","tag-poland","tag-polish","tag-polska","tag-polski","tag-rozrywka","tag-screening_general"],"share_on_mastodon":{"url":"https:\/\/pubeurope.com\/@pl\/116510507182666983","error":""},"_links":{"self":[{"href":"https:\/\/www.europesays.com\/pl\/wp-json\/wp\/v2\/posts\/405539","targetHints":{"allow":["GET"]}}],"collection":[{"href":"https:\/\/www.europesays.com\/pl\/wp-json\/wp\/v2\/posts"}],"about":[{"href":"https:\/\/www.europesays.com\/pl\/wp-json\/wp\/v2\/types\/post"}],"author":[{"embeddable":true,"href":"https:\/\/www.europesays.com\/pl\/wp-json\/wp\/v2\/users\/2"}],"replies":[{"embeddable":true,"href":"https:\/\/www.europesays.com\/pl\/wp-json\/wp\/v2\/comments?post=405539"}],"version-history":[{"count":0,"href":"https:\/\/www.europesays.com\/pl\/wp-json\/wp\/v2\/posts\/405539\/revisions"}],"wp:featuredmedia":[{"embeddable":true,"href":"https:\/\/www.europesays.com\/pl\/wp-json\/wp\/v2\/media\/405540"}],"wp:attachment":[{"href":"https:\/\/www.europesays.com\/pl\/wp-json\/wp\/v2\/media?parent=405539"}],"wp:term":[{"taxonomy":"category","embeddable":true,"href":"https:\/\/www.europesays.com\/pl\/wp-json\/wp\/v2\/categories?post=405539"},{"taxonomy":"post_tag","embeddable":true,"href":"https:\/\/www.europesays.com\/pl\/wp-json\/wp\/v2\/tags?post=405539"}],"curies":[{"name":"wp","href":"https:\/\/api.w.org\/{rel}","templated":true}]}}