{"id":405634,"date":"2026-05-03T12:52:13","date_gmt":"2026-05-03T12:52:13","guid":{"rendered":"https:\/\/www.europesays.com\/pl\/405634\/"},"modified":"2026-05-03T12:52:13","modified_gmt":"2026-05-03T12:52:13","slug":"napisal-historie-boksu-jest-nowy-mistrz-swiata","status":"publish","type":"post","link":"https:\/\/www.europesays.com\/pl\/405634\/","title":{"rendered":"Napisa\u0142 histori\u0119 boksu. Jest nowy mistrz \u015bwiata"},"content":{"rendered":"\n<p class=\"contentpart contentpart--default contentpart--text\" data-position=\"0\"><a href=\"https:\/\/sportowefakty.wp.pl\/boks\/david-benavidez\" rel=\"nofollow noopener\" target=\"_blank\">David Benavidez<\/a>\u00a0w nocy z soboty na niedziel\u0119 (polskiego czasu) wygra\u0142 z <a href=\"https:\/\/sportowefakty.wp.pl\/boks-zawodowy\/gilberto-ramirez\" rel=\"nofollow noopener\" target=\"_blank\">Gilbertem &#8222;Zurdo&#8221; Ramirezem<\/a>\u00a0w T-Mobile Arena w Las Vegas i odebra\u0142 mu tytu\u0142y WBA oraz WBO w wadze junior ci\u0119\u017ckiej.<\/p>\n<p class=\"contentpart contentpart--default contentpart--text\" data-position=\"1\">Benavidez, kt\u00f3ry zmieni\u0142 kategori\u0119 wagow\u0105, kontrolowa\u0142 walk\u0119 od pocz\u0105tku do ko\u0144ca. Zaliczy\u0142 dwa nokdauny, a w ko\u0144c\u00f3wce sz\u00f3stej rundy trafi\u0142 kombinacj\u0105, po kt\u00f3rej s\u0119dzia przerwa\u0142 starcie na sekund\u0119 przed gongiem.<\/p>\n<p>  <img decoding=\"async\" src=\"https:\/\/v.wpimg.pl\/X3dwLnN2d1IFFTpdYUl6R0ZNbgcnEHQREVV2TGEGbUtRT2MdOlZ2RBQUKABgQjQcDRotCStBd1IAAWMeIlM7VgwYIAorQAdEFFk_GCkQJQ\" alt=\"\" width=\"45\" height=\"58\" loading=\"lazy\"\/>  <\/p>\n<p class=\"contentpart contentpart--default contentpart--text\" data-position=\"2\">ZOBACZ WIDEO: Dramat m\u0142odej polskiej gwiazdy. &#8222;T\u0142umacz\u0119 sobie, \u017ce zosta\u0142em wybrany&#8221;<\/p>\n<p class=\"contentpart contentpart--default contentpart--text\" data-position=\"4\">Jak poda\u0142 serwis DAZN News, w\u00a0momencie zatrzymania walki s\u0119dziowie punktowali j\u0105 49:45 dla Benavideza. W praktyce oznacza\u0142o to wyra\u017an\u0105 przewag\u0119 na kartach i potwierdzenie przebiegu walki, zanim pad\u0142o rozstrzygni\u0119cie przed czasem.<\/p>\n<p class=\"contentpart contentpart--default contentpart--text\" data-position=\"5\">Benavidez (32-0, 26 KO) zapisa\u0142 si\u0119 w historii jako pierwszy pi\u0119\u015bciarz, kt\u00f3ry zdoby\u0142 mistrzostwo \u015bwiata w trzech kategoriach: super \u015bredniej, p\u00f3\u0142ci\u0119\u017ckiej i junior ci\u0119\u017ckiej.<\/p>\n<p class=\"contentpart contentpart--default contentpart--text\" data-position=\"6\">W ringu Benavidez nie tylko utrzyma\u0142 tempo, ale te\u017c zneutralizowa\u0142 atuty Ramireza i zamkn\u0105\u0142 pojedynek w sz\u00f3stej rundzie.<\/p>\n","protected":false},"excerpt":{"rendered":"David Benavidez\u00a0w nocy z soboty na niedziel\u0119 (polskiego czasu) wygra\u0142 z Gilbertem &#8222;Zurdo&#8221; Ramirezem\u00a0w T-Mobile Arena w Las&hellip;\n","protected":false},"author":2,"featured_media":405635,"comment_status":"","ping_status":"","sticky":false,"template":"","format":"standard","meta":{"footnotes":"","_share_on_mastodon":"0"},"categories":[5],"tags":[2514,2512,32,33,74804,36,37,74803,27,34,35,28,31,25,42,38,40,39,41,1256,29,30,26],"class_list":["post-405634","post","type-post","status-publish","format-standard","has-post-thumbnail","category-naglowki","tag-boks","tag-boks-zawodowy","tag-breaking-news","tag-breakingnews","tag-david-benavidez","tag-featured-news","tag-featurednews","tag-gilberto-ramirez","tag-headlines","tag-latest-news","tag-latestnews","tag-naglowki","tag-najwazniejsze-artykuly","tag-news","tag-pl","tag-poland","tag-polish","tag-polska","tag-polski","tag-sporty-walki","tag-top-stories","tag-topstories","tag-wiadomosci"],"share_on_mastodon":{"url":"https:\/\/pubeurope.com\/@pl\/116510742581693557","error":""},"_links":{"self":[{"href":"https:\/\/www.europesays.com\/pl\/wp-json\/wp\/v2\/posts\/405634","targetHints":{"allow":["GET"]}}],"collection":[{"href":"https:\/\/www.europesays.com\/pl\/wp-json\/wp\/v2\/posts"}],"about":[{"href":"https:\/\/www.europesays.com\/pl\/wp-json\/wp\/v2\/types\/post"}],"author":[{"embeddable":true,"href":"https:\/\/www.europesays.com\/pl\/wp-json\/wp\/v2\/users\/2"}],"replies":[{"embeddable":true,"href":"https:\/\/www.europesays.com\/pl\/wp-json\/wp\/v2\/comments?post=405634"}],"version-history":[{"count":0,"href":"https:\/\/www.europesays.com\/pl\/wp-json\/wp\/v2\/posts\/405634\/revisions"}],"wp:featuredmedia":[{"embeddable":true,"href":"https:\/\/www.europesays.com\/pl\/wp-json\/wp\/v2\/media\/405635"}],"wp:attachment":[{"href":"https:\/\/www.europesays.com\/pl\/wp-json\/wp\/v2\/media?parent=405634"}],"wp:term":[{"taxonomy":"category","embeddable":true,"href":"https:\/\/www.europesays.com\/pl\/wp-json\/wp\/v2\/categories?post=405634"},{"taxonomy":"post_tag","embeddable":true,"href":"https:\/\/www.europesays.com\/pl\/wp-json\/wp\/v2\/tags?post=405634"}],"curies":[{"name":"wp","href":"https:\/\/api.w.org\/{rel}","templated":true}]}}