{"id":405779,"date":"2026-05-03T14:27:29","date_gmt":"2026-05-03T14:27:29","guid":{"rendered":"https:\/\/www.europesays.com\/pl\/405779\/"},"modified":"2026-05-03T14:27:29","modified_gmt":"2026-05-03T14:27:29","slug":"dla-polskiej-bandery-jest-projekt-ustawy","status":"publish","type":"post","link":"https:\/\/www.europesays.com\/pl\/405779\/","title":{"rendered":"Dla polskiej bandery. Jest projekt ustawy"},"content":{"rendered":"<p>            <a href=\"https:\/\/s-trojmiasto.pl\/zdj\/c\/n\/9\/4310\/1258x0\/4310142-Rok-temu-rzad-przedstawil-zalozenia-programu-Polskie-Morze-ktory-ma-na-celu-m-in-odbudowe-potencjalu-polskiej-floty-handlowej__c_63_0_1258_594.webp\" target=\"_blank\" data-slide-name=\"834037\" data-lightbox-target=\"photo full\" data-sub-html=\"&lt;h4&gt;Rok temu rz\u0105d przedstawi\u0142 za\u0142o\u017cenia programu &quot;Polskie Morze&quot;, kt\u00f3ry ma na celu m.in. odbudow\u0119 potencja\u0142u polskiej floty handlowej.&lt;\/h4&gt;&lt;p&gt;fot. materia\u0142y prasowe&lt;\/p&gt;&#010;\" class=\"photoMarker__link\" data-filter-brightness=\"brightness--100\" rel=\"nofollow noopener\"><\/p>\n<p>    <img decoding=\"async\" style=\"height:354px; aspect-ratio: 2.11785\/1; filter:brightness(1);\" alt=\"Rok temu rz\u0105d przedstawi\u0142 za\u0142o\u017cenia programu &quot;Polskie Morze&quot;, kt\u00f3ry ma na celu m.in. odbudow\u0119 potencja\u0142u polskiej floty handlowej.\" src=\"https:\/\/www.europesays.com\/pl\/wp-content\/uploads\/2026\/05\/4310142-Rok-temu-rzad-przedstawil-zalozenia-programu-Polskie-Morze-ktory-ma__c_63_0_1258_594.webp\" class=\"photoMarker__img \" data-slider=\"img\" fetchpriority=\"high\"\/><\/p>\n<p>            <\/a><\/p>\n<p class=\"lead\">Rada Ministr\u00f3w przyj\u0119\u0142a projekt ustawy, kt\u00f3ra ma wesprze\u0107 przedsi\u0119biorstwa \u017ceglugowe i\u00a0stworzy\u0107 warunki do funkcjonowania pod polsk\u0105 bander\u0105. W\u015br\u00f3d rozwi\u0105za\u0144 znalaz\u0142o si\u0119 m.in. przywr\u00f3cenie mo\u017cliwo\u015bci korzystania z\u00a0podatku tona\u017cowego oraz zwolnienie dochod\u00f3w marynarzy z\u00a0podatku PIT.<\/p>\n<p>Rok temu rz\u0105d przedstawi\u0142 za\u0142o\u017cenia programu &#8222;Polskie Morze&#8221;, kt\u00f3ry ma na celu m.in. odbudow\u0119 potencja\u0142u polskiej floty handlowej. Jednym z\u00a0<a href=\"https:\/\/www.trojmiasto.pl\/dom\/Punkt-i1274.html\" class=\"parse-link\" title=\"Punkt\" rel=\"nofollow noopener\" target=\"_blank\">punkt\u00f3w<\/a> jest powr\u00f3t pod polsk\u0105 bander\u0119. Pod koniec kwietnia tego roku Rada Ministr\u00f3w <a data-tklik=\"587137\" target=\"_blank\" href=\"https:\/\/www.gov.pl\/web\/premier\/projekt-ustawy-o-zmianie-niektorych-ustaw-w-celu-wsparcia-przedsiebiorstw-zeglugowych-oraz-stworzenia-warunkow-ich-funkcjonowania-pod-polska-bandera\" rel=\"nofollow noopener\">przyj\u0119\u0142a projekt ustawy<\/a> o\u00a0zmianie niekt\u00f3rych ustaw w\u00a0celu wsparcia przedsi\u0119biorstw \u017ceglugowych oraz stworzenia warunk\u00f3w ich funkcjonowania pod polsk\u0105 bander\u0105 przed\u0142o\u017cony przez ministra infrastruktury.<\/p>\n<p><a href=\"https:\/\/www.trojmiasto.pl\/biznes\/Okret-podwodny-ORP-Orzel-juz-od-40-lat-jest-w-sluzbie-n218852.html\" data-tklik=\"710463\" class=\"marker-news component newsMarker\" rel=\"nofollow noopener\" target=\"_blank\"><br \/>\n            <img decoding=\"async\" src=\"https:\/\/www.europesays.com\/pl\/wp-content\/uploads\/2026\/05\/4308170__c_760_287_2557_1790__kr.webp\" alt=\"Okr\u0119t podwodny ORP Orze\u0142 ju\u017c od 40 lat jest w s\u0142u\u017cbie\" class=\"lazy newsMarker__img\"\/><br \/>\n        Okr\u0119t podwodny ORP Orze\u0142 ju\u017c od 40 lat jest w s\u0142u\u017cbie<br \/>\n<\/a><\/p>\n<p>&#8211; Rz\u0105d ju\u017c przyj\u0105\u0142 ustaw\u0119 o\u00a0dobrowolnym, preferencyjnym ubezpieczeniu spo\u0142ecznym dla marynarzy. To by\u0142 pierwszy krok, aby przywr\u00f3ci\u0107 polsk\u0105 bander\u0119. R\u00f3wnolegle pracowali\u015bmy nad preferencyjnym opodatkowaniem dla armator\u00f3w &#8211; m\u00f3wi Arkadiusz Marchewka, wiceminister infrastruktury.<\/p>\n<p>Jak podkre\u015bla, celem jest stworzenie warunk\u00f3w, w\u00a0kt\u00f3rych rejestracja statk\u00f3w w\u00a0Polsce b\u0119dzie op\u0142acalna, a\u00a0nie tylko presti\u017cowa, co ma zatrzyma\u0107 ucieczk\u0119 armator\u00f3w do raj\u00f3w podatkowych, np. Panama, Wyspy Marshalla czy Cypr. <\/p>\n<p>Nowe przepisy maj\u0105 zwi\u0119kszy\u0107 atrakcyjno\u015b\u0107 polskiej bandery, poprawi\u0107 warunki prowadzenia dzia\u0142alno\u015bci przez armator\u00f3w oraz wzmocni\u0107 konkurencyjno\u015b\u0107 polskiego sektora \u017ceglugowego. Projekt przewiduje r\u00f3wnie\u017c rozwi\u0105zania sprzyjaj\u0105ce poprawie warunk\u00f3w pracy marynarzy.<\/p>\n<p>W\u015br\u00f3d kluczowych rozwi\u0105za\u0144 znalaz\u0142o si\u0119 przywr\u00f3cenie mo\u017cliwo\u015bci korzystania z\u00a0podatku tona\u017cowego przez przedsi\u0119biorc\u00f3w \u017ceglugowych. Projekt rozszerza jego stosowanie m.in. na \u017ceglug\u0119 krajow\u0105, obs\u0142ug\u0119 sektora offshore, czarter statk\u00f3w oraz zarz\u0105dzanie statkami. Rozwi\u0105zanie to ma obni\u017cy\u0107 koszty dzia\u0142alno\u015bci armator\u00f3w i\u00a0zwi\u0119kszy\u0107 konkurencyjno\u015b\u0107 polskiego rynku \u017ceglugowego.<\/p>\n<p>Projekt zak\u0142ada tak\u017ce zwolnienie dochod\u00f3w marynarzy z\u00a0podatku PIT &#8211; niezale\u017cnie od obywatelstwa oraz liczby dni przepracowanych w\u00a0roku. Zmiana ma zwi\u0119kszy\u0107 atrakcyjno\u015b\u0107 zawodu marynarza, u\u0142atwi\u0107 kompletowanie za\u0142\u00f3g oraz zach\u0119ci\u0107 armator\u00f3w do rejestrowania statk\u00f3w pod polsk\u0105 bander\u0105.<\/p>\n<p>Nowe przepisy rozwi\u0105zuj\u0105 r\u00f3wnie\u017c problem zaopatrywania statk\u00f3w w\u00a0produkty lecznicze i\u00a0wyroby medyczne stanowi\u0105ce obowi\u0105zkowe wyposa\u017cenie apteczek okr\u0119towych. Armatorzy zyskaj\u0105 mo\u017cliwo\u015b\u0107 zakupu takich produkt\u00f3w na podstawie specjalnego zapotrzebowania. Projekt wdra\u017ca tak\u017ce do polskiego prawa poprawki z\u00a02022 r. do Konwencji o\u00a0pracy na morzu z\u00a02006 r. Przewidziano m.in. obowi\u0105zek zapewnienia marynarzom dost\u0119pu do internetu, odpowiedniej odzie\u017cy i\u00a0obuwia roboczego, bezp\u0142atnego wy\u017cywienia oraz wody pitnej w\u00a0odpowiedniej jako\u015bci i\u00a0ilo\u015bci. <\/p>\n<p>Doprecyzowane zostan\u0105 tak\u017ce przepisy dotycz\u0105ce ochrony praw marynarzy oraz prowadzenia listy lekarzy uprawnionych do wydawania \u015bwiadectw zdrowia. Projekt obejmuje r\u00f3wnie\u017c zmian\u0119 Ustawy o\u00a0Pa\u0144stwowej Komisji Badania Wypadk\u00f3w Morskich, kt\u00f3ra zapewni przekazywanie do Mi\u0119dzynarodowego Biura Pracy informacji o\u00a0zgonach marynarzy na statkach o\u00a0polskiej przynale\u017cno\u015bci.<\/p>\n<p>Projekt przewiduje ponadto uporz\u0105dkowanie definicji organizacji armator\u00f3w i\u00a0marynarzy. <\/p>\n<p>Teraz projekt trafi pod obrady Sejmu.\n                <\/p>\n","protected":false},"excerpt":{"rendered":"Rada Ministr\u00f3w przyj\u0119\u0142a projekt ustawy, kt\u00f3ra ma wesprze\u0107 przedsi\u0119biorstwa \u017ceglugowe i\u00a0stworzy\u0107 warunki do funkcjonowania pod polsk\u0105 bander\u0105. W\u015br\u00f3d&hellip;\n","protected":false},"author":2,"featured_media":405780,"comment_status":"","ping_status":"","sticky":false,"template":"","format":"standard","meta":{"footnotes":"","_share_on_mastodon":"0"},"categories":[51610],"tags":[210,46798,113,16610,388,4041,45454,1048,1064,4043,74816,4040,65349,10568,4039,10910,42,1310,74815,38,40,39,41,1756,383,207,28609,10292,10834,1063,4042,4038,74817,74818,6158,10570,26,28501,14071],"class_list":["post-405779","post","type-post","status-publish","format-standard","has-post-thumbnail","category-gdansk","tag-aktualnosci","tag-bandera","tag-biznes","tag-dochod","tag-finanse","tag-firmy","tag-funkcjonowanie","tag-gdansk","tag-gdynia","tag-gospodarka-morska","tag-korzystanie","tag-ludzie-sukcesu","tag-marynarz","tag-mozliwosc","tag-osoby-biznesu","tag-pit","tag-pl","tag-podatek","tag-podatek-tonazowy","tag-poland","tag-polish","tag-polska","tag-polski","tag-praca","tag-prawo","tag-projekt","tag-przedsiebiorstwo","tag-rada-ministrow","tag-rozwiazanie","tag-sopot","tag-spolki-gieldowe","tag-sylwetki","tag-tonaz","tag-tonazowy","tag-ustawa","tag-warunek","tag-wiadomosci","tag-zegluga","tag-zwolnienie"],"share_on_mastodon":{"url":"https:\/\/pubeurope.com\/@pl\/116511116167269142","error":""},"_links":{"self":[{"href":"https:\/\/www.europesays.com\/pl\/wp-json\/wp\/v2\/posts\/405779","targetHints":{"allow":["GET"]}}],"collection":[{"href":"https:\/\/www.europesays.com\/pl\/wp-json\/wp\/v2\/posts"}],"about":[{"href":"https:\/\/www.europesays.com\/pl\/wp-json\/wp\/v2\/types\/post"}],"author":[{"embeddable":true,"href":"https:\/\/www.europesays.com\/pl\/wp-json\/wp\/v2\/users\/2"}],"replies":[{"embeddable":true,"href":"https:\/\/www.europesays.com\/pl\/wp-json\/wp\/v2\/comments?post=405779"}],"version-history":[{"count":0,"href":"https:\/\/www.europesays.com\/pl\/wp-json\/wp\/v2\/posts\/405779\/revisions"}],"wp:featuredmedia":[{"embeddable":true,"href":"https:\/\/www.europesays.com\/pl\/wp-json\/wp\/v2\/media\/405780"}],"wp:attachment":[{"href":"https:\/\/www.europesays.com\/pl\/wp-json\/wp\/v2\/media?parent=405779"}],"wp:term":[{"taxonomy":"category","embeddable":true,"href":"https:\/\/www.europesays.com\/pl\/wp-json\/wp\/v2\/categories?post=405779"},{"taxonomy":"post_tag","embeddable":true,"href":"https:\/\/www.europesays.com\/pl\/wp-json\/wp\/v2\/tags?post=405779"}],"curies":[{"name":"wp","href":"https:\/\/api.w.org\/{rel}","templated":true}]}}