{"id":406059,"date":"2026-05-03T17:32:07","date_gmt":"2026-05-03T17:32:07","guid":{"rendered":"https:\/\/www.europesays.com\/pl\/406059\/"},"modified":"2026-05-03T17:32:07","modified_gmt":"2026-05-03T17:32:07","slug":"donald-tusk-zamiescil-wpis-o-tym-rozmawial-z-premierem-kanady","status":"publish","type":"post","link":"https:\/\/www.europesays.com\/pl\/406059\/","title":{"rendered":"Donald Tusk zamie\u015bci\u0142 wpis. O tym rozmawia\u0142 z premierem Kanady"},"content":{"rendered":"\n<p class=\"ods-o-frame-in-text__paragraph\">W skr\u00f3cie:<\/p>\n<p>  Donald Tusk spotka\u0142 si\u0119 z premierem Kanady, Markiem Carneyem, omawiaj\u0105c wsp\u00f3\u0142prac\u0119 gospodarcz\u0105, energetyczn\u0105 i militarn\u0105.  W spotkaniu EWP uczestniczy 48 lider\u00f3w pa\u0144stw, w tym przedstawiciele UE, Wielkiej Brytanii, Ukrainy i kraj\u00f3w Kaukazu; po raz pierwszy bierze udzia\u0142 kraj spoza Europy \u2013 Kanada.  Tusk podkre\u015bli\u0142, \u017ce relacje polsko-kanadyjskie s\u0105 wzorowe, a Carney doceni\u0142 rol\u0119 Polski w pomocy dla Ukrainy i znaczenie wsp\u00f3lnego omawiania wyzwa\u0144.      Europejska Wsp\u00f3lnota Polityczna to forum promuj\u0105ce dialog i wsp\u00f3\u0142prac\u0119 polityczn\u0105. Zainicjowa\u0142 je <a href=\"https:\/\/www.onet.pl\/informacje\/kai\/cztery-lata-rosyjskiej-agresji-w-ukrainie-nie-mozemy-byc-zmeczeni-pomoca\/ypwheth,30bc1058\" id=\"d16803ba-5dcb-42f0-bba5-37db99b68e70\" rel=\"nofollow noopener\" target=\"_blank\">w 2022 r., po rosyjskiej agresji w Ukrainie<\/a>, prezydent Francji Emmanuel Macron. Spotkania odbywaj\u0105 si\u0119 co p\u00f3\u0142 roku.<\/p>\n<p>Szczyt Europejskiej Wsp\u00f3lnoty Politycznej odb\u0119dzie si\u0119 w poniedzia\u0142ek w Erywaniu pod has\u0142em &#8222;Budowanie przysz\u0142o\u015bci: jedno\u015b\u0107 i stabilno\u015b\u0107 w Europie&#8221;. Zaproszonych zosta\u0142o 48 szef\u00f3w pa\u0144stw i rz\u0105d\u00f3w, reprezentuj\u0105cych m.in. Uni\u0119 Europejsk\u0105, Wielk\u0105 Brytani\u0119, Ukrain\u0119, kraje ba\u0142ka\u0144skie oraz Kaukaz Po\u0142udniowy. Jest to pierwszy szczyt z udzia\u0142em pa\u0144stwa spoza Europy \u2014 Kanady.<\/p>\n<p> Dalszy ci\u0105g artyku\u0142u pod materia\u0142em wideo Relacje polsko-kanadyjskie fundamentem wsp\u00f3\u0142pracy     <\/p>\n<p>Podczas niedzielnej rozmowy Tusk podkre\u015bli\u0142, \u017ce relacje mi\u0119dzy Polsk\u0105 a Kanad\u0105 mog\u0105 stanowi\u0107 wz\u00f3r dla innych pa\u0144stw. Carney podzi\u0119kowa\u0142 za zaproszenie na forum EWP i wskaza\u0142 na rol\u0119 Polski w udzielaniu pomocy Ukrainie. Kanadyjski premier doda\u0142, \u017ce &#8222;jest wiele spraw do przedyskutowania i wiele spraw do za\u0142atwienia&#8221;.<\/p>\n<p>Tusk podsumowa\u0142 rozmow\u0119 na platformie X, wskazuj\u0105c na jej tematyk\u0119. &#8222;Bardzo dobra rozmowa z premierem Kanady, Markiem Carneyem, o wsp\u00f3\u0142pracy gospodarczej, energetycznej i militarnej&#8221; \u2014 napisa\u0142.<\/p>\n<p>P\u00f3\u017aniej premier poinformowa\u0142, \u017ce spotka\u0142 si\u0119 z premierem Wielkiej Brytanii, Keirem Starmerem. &#8222;W agendzie niezmiennie bezpiecze\u0144stwo, relacje transatlantyckie i gospodarka&#8221; \u2014 przekaza\u0142 na portalu X.<\/p>\n<p> Tusk spotka si\u0119 z przyw\u00f3dcami     Przed wyjazdem do Armenii szef polskiego rz\u0105du <a href=\"https:\/\/wiadomosci.onet.pl\/kraj\/donald-tusk-w-armenii-premier-ujawnia-jaki-jest-cel-jego-wizyty\/d9q0pq5\" id=\"24b2b5be-0941-471a-b797-7b4f28200cd5\" rel=\"nofollow noopener\" target=\"_blank\">zapowiedzia\u0142, \u017ce podczas rozm\u00f3w dwustronnych i wielostronnych b\u0119dzie rozmawia\u0142 o tym, jak wsp\u00f3lnie z innymi liderami nada\u0107 polityce mi\u0119dzynarodowej rys odpowiedzialno\u015bci<\/a>, &#8222;tak, aby sytuacja nie wymkn\u0119\u0142a si\u0119 spod kontroli&#8221;. Doda\u0142, \u017ce zale\u017cy mu na bardziej dalekowzrocznym podej\u015bciu ni\u017c to, kt\u00f3re czasem obserwuje. Przy okazji obrad planuje rozmowy m.in. z prezydentem Ukrainy Wo\u0142odymyrem Ze\u0142enskim, czy prezydentem Turcji Recepem Tayyipem Erdoganem.W niedziel\u0119 wieczorem szef polskiego rz\u0105du wraz z innymi liderami b\u0119dzie uczestniczy\u0142 w uroczystej kolacji wydanej przez prezydenta Armenii, Wahagna Chaczaturiana, <a href=\"https:\/\/www.onet.pl\/styl-zycia\/plejada\/donald-tusk-zaskoczyl-internautow-wszystko-przez-jedno-wideo\/5ec9jrs,0898b825\" id=\"f5b3b6bf-2f7a-46db-890e-4524e36beaf7\" rel=\"nofollow noopener\" target=\"_blank\">premiera Nikola Paszyniana<\/a> oraz przewodnicz\u0105cego parlamentu Alena Simonyana. W poniedzia\u0142ek czeka go ceremonia otwarcia szczytu EWP, sesja plenarna, spotkanie koordynacyjne dotycz\u0105ce Ukrainy oraz udzia\u0142 w zespole po\u015bwi\u0119conym wsparciu reform i bezpiecze\u0144stwa Armenii.     Szczyt EWP odbywa si\u0119 na ponad miesi\u0105c przed <a href=\"https:\/\/www.onet.pl\/informacje\/belsatpl\/zblizenie-sie-armenii-do-ue-i-wybory-putin-naciska-na-erywan\/yjhx85q,0666d3f1\" id=\"7d22446c-5398-4172-b244-3a7f92519642\" rel=\"nofollow noopener\" target=\"_blank\">wyborami parlamentarnymi w Armenii<\/a>, kt\u00f3re odb\u0119d\u0105 si\u0119 7 czerwca.<\/p>\n","protected":false},"excerpt":{"rendered":"W skr\u00f3cie: Donald Tusk spotka\u0142 si\u0119 z premierem Kanady, Markiem Carneyem, omawiaj\u0105c wsp\u00f3\u0142prac\u0119 gospodarcz\u0105, energetyczn\u0105 i militarn\u0105. W&hellip;\n","protected":false},"author":2,"featured_media":406060,"comment_status":"","ping_status":"","sticky":false,"template":"","format":"standard","meta":{"footnotes":"","_share_on_mastodon":"0"},"categories":[62713],"tags":[13356,61195,1345,212,193,49,10875,48,46,39,47],"class_list":["post-406059","post","type-post","status-publish","format-standard","has-post-thumbnail","category-donald-tusk","tag-armenia","tag-bottomfeed_styl","tag-donald-tusk","tag-donald_tusk","tag-kanada","tag-kraj","tag-mark_carney","tag-nat_styl","tag-omp","tag-polska","tag-screening_general"],"share_on_mastodon":{"url":"https:\/\/pubeurope.com\/@pl\/116511843688403767","error":""},"_links":{"self":[{"href":"https:\/\/www.europesays.com\/pl\/wp-json\/wp\/v2\/posts\/406059","targetHints":{"allow":["GET"]}}],"collection":[{"href":"https:\/\/www.europesays.com\/pl\/wp-json\/wp\/v2\/posts"}],"about":[{"href":"https:\/\/www.europesays.com\/pl\/wp-json\/wp\/v2\/types\/post"}],"author":[{"embeddable":true,"href":"https:\/\/www.europesays.com\/pl\/wp-json\/wp\/v2\/users\/2"}],"replies":[{"embeddable":true,"href":"https:\/\/www.europesays.com\/pl\/wp-json\/wp\/v2\/comments?post=406059"}],"version-history":[{"count":0,"href":"https:\/\/www.europesays.com\/pl\/wp-json\/wp\/v2\/posts\/406059\/revisions"}],"wp:featuredmedia":[{"embeddable":true,"href":"https:\/\/www.europesays.com\/pl\/wp-json\/wp\/v2\/media\/406060"}],"wp:attachment":[{"href":"https:\/\/www.europesays.com\/pl\/wp-json\/wp\/v2\/media?parent=406059"}],"wp:term":[{"taxonomy":"category","embeddable":true,"href":"https:\/\/www.europesays.com\/pl\/wp-json\/wp\/v2\/categories?post=406059"},{"taxonomy":"post_tag","embeddable":true,"href":"https:\/\/www.europesays.com\/pl\/wp-json\/wp\/v2\/tags?post=406059"}],"curies":[{"name":"wp","href":"https:\/\/api.w.org\/{rel}","templated":true}]}}